{"id":479512,"date":"2025-10-21T13:02:43","date_gmt":"2025-10-21T13:02:43","guid":{"rendered":"https:\/\/www.europesays.com\/fr\/479512\/"},"modified":"2025-10-21T13:02:43","modified_gmt":"2025-10-21T13:02:43","slug":"la-terre-a-legerement-tremble-pres-de-rennes","status":"publish","type":"post","link":"https:\/\/www.europesays.com\/fr\/479512\/","title":{"rendered":"la terre a l\u00e9g\u00e8rement trembl\u00e9 pr\u00e8s de Rennes"},"content":{"rendered":"\n<p style=\"text-align: justify;\">Le s\u00e9isme s\u2019est produit\u00a0<strong>\u00e0 14h46<\/strong>, \u00e0 environ\u00a0<strong>13 km au sud-est de Rennes<\/strong>, \u00e0 une\u00a0<strong>profondeur de seulement 5 km<\/strong>. Ce type de secousse, dite \u00ab\u00a0superficielle\u00a0\u00bb, peut \u00eatre <strong>nettement ressenti localement<\/strong>, m\u00eame lorsqu\u2019elle reste de faible intensit\u00e9.<\/p>\n<p style=\"text-align: justify;\">Selon les donn\u00e9es sismologiques, l\u2019<strong>\u00e9picentre<\/strong> se situerait \u00e0 <strong>Domloup<\/strong>, pr\u00e8s de <strong>Ch\u00e2teaugiron<\/strong>, au sud-est de la m\u00e9tropole bretonne. Plusieurs habitants ont indiqu\u00e9 avoir\u00a0<strong>ressenti un l\u00e9ger tremblement<\/strong>, sans pour autant constater de d\u00e9g\u00e2ts.<\/p>\n<p style=\"text-align: justify;\">\u00a0<\/p>\n<p>Des secousses signal\u00e9es aux alentours<\/p>\n<p style=\"text-align: justify;\">Des t\u00e9moignages ont \u00e9t\u00e9 recens\u00e9s dans plusieurs communes autour de la capitale bretonne, comme \u00e0 <strong>Cesson-S\u00e9vign\u00e9<\/strong>, \u00e0 environ 9 km de l\u2019\u00e9picentre, <strong>Noyal-sur-Vilaine<\/strong>,\u00a0<strong>Vern-sur-Seiche<\/strong>, ou encore <strong>Chantepie.\u00a0<\/strong><\/p>\n<p style=\"text-align: justify;\">Aucun\u00a0<strong>dommage mat\u00e9riel<\/strong>\u00a0ni\u00a0<strong>bless\u00e9<\/strong>\u00a0n\u2019a \u00e9t\u00e9 rapport\u00e9.<\/p>\n<p style=\"text-align: justify;\">Les sismologues pr\u00e9cisent que de tels ph\u00e9nom\u00e8nes sont\u00a0<strong>r\u00e9guli\u00e8rement observ\u00e9s en Bretagne<\/strong>, une r\u00e9gion o\u00f9 la cro\u00fbte terrestre pr\u00e9sente de\u00a0<strong>l\u00e9g\u00e8res failles anciennes<\/strong>\u00a0susceptibles de provoquer de faibles secousses.<\/p>\n<p style=\"text-align: justify;\">\u00a0<\/p>\n","protected":false},"excerpt":{"rendered":"Le s\u00e9isme s\u2019est produit\u00a0\u00e0 14h46, \u00e0 environ\u00a013 km au sud-est de Rennes, \u00e0 une\u00a0profondeur de seulement 5 km.&hellip;\n","protected":false},"author":2,"featured_media":479513,"comment_status":"","ping_status":"","sticky":false,"template":"","format":"standard","meta":{"footnotes":""},"categories":[2821],"tags":[1111,11,829,4099,12790,28863,60279,1777,674,1011,27,12,584,25,7965,4505,60278],"class_list":{"0":"post-479512","1":"post","2":"type-post","3":"status-publish","4":"format-standard","5":"has-post-thumbnail","7":"category-rennes","8":"tag-actu","9":"tag-actualites","10":"tag-bretagne","11":"tag-cesson-sevigne","12":"tag-chantepie","13":"tag-chateaugiron","14":"tag-epicentre","15":"tag-eu","16":"tag-europe","17":"tag-fr","18":"tag-france","19":"tag-news","20":"tag-rennes","21":"tag-republique-francaise","22":"tag-seisme","23":"tag-terre","24":"tag-tremblement"},"share_on_mastodon":{"url":"https:\/\/pubeurope.com\/@fr\/115412293817428985","error":""},"_links":{"self":[{"href":"https:\/\/www.europesays.com\/fr\/wp-json\/wp\/v2\/posts\/479512","targetHints":{"allow":["GET"]}}],"collection":[{"href":"https:\/\/www.europesays.com\/fr\/wp-json\/wp\/v2\/posts"}],"about":[{"href":"https:\/\/www.europesays.com\/fr\/wp-json\/wp\/v2\/types\/post"}],"author":[{"embeddable":true,"href":"https:\/\/www.europesays.com\/fr\/wp-json\/wp\/v2\/users\/2"}],"replies":[{"embeddable":true,"href":"https:\/\/www.europesays.com\/fr\/wp-json\/wp\/v2\/comments?post=479512"}],"version-history":[{"count":0,"href":"https:\/\/www.europesays.com\/fr\/wp-json\/wp\/v2\/posts\/479512\/revisions"}],"wp:featuredmedia":[{"embeddable":true,"href":"https:\/\/www.europesays.com\/fr\/wp-json\/wp\/v2\/media\/479513"}],"wp:attachment":[{"href":"https:\/\/www.europesays.com\/fr\/wp-json\/wp\/v2\/media?parent=479512"}],"wp:term":[{"taxonomy":"category","embeddable":true,"href":"https:\/\/www.europesays.com\/fr\/wp-json\/wp\/v2\/categories?post=479512"},{"taxonomy":"post_tag","embeddable":true,"href":"https:\/\/www.europesays.com\/fr\/wp-json\/wp\/v2\/tags?post=479512"}],"curies":[{"name":"wp","href":"https:\/\/api.w.org\/{rel}","templated":true}]}}