{"id":479520,"date":"2025-10-21T13:06:14","date_gmt":"2025-10-21T13:06:14","guid":{"rendered":"https:\/\/www.europesays.com\/fr\/479520\/"},"modified":"2025-10-21T13:06:14","modified_gmt":"2025-10-21T13:06:14","slug":"combien-coutent-les-billets","status":"publish","type":"post","link":"https:\/\/www.europesays.com\/fr\/479520\/","title":{"rendered":"combien co\u00fbtent les billets ?"},"content":{"rendered":"<p class=\"article-p mdl\">Combien faudra-t-il d\u00e9bourser pour voir Pitbull en concert en France l&rsquo;ann\u00e9e prochaine ? Le rappeur et producteur\u00a0am\u00e9ricano-cubain offrira un nouveau show \u00e0 son public fran\u00e7ais en 2026.\u00a0<a class=\"link\" href=\"https:\/\/www.funradio.fr\/evenements\/pitbull-en-concert-unique-a-nice-en-2026-date-lieu-billetterie-ce-qu-il-faut-savoir-7900555356\" title=\"Pitbull en concert unique \u00e0 Nice en 2026 : date, lieu, billetterie... Ce qu&#039;il faut savoir\" target=\"_blank\" rel=\"noopener\">Pr\u00e9vu le dimanche 12 juillet, \u00e0 Nice,\u00a0\u00e0 l\u2019Allianz Riviera<\/a>, l&rsquo;\u00e9v\u00e9nement pourrait rapidement afficher complet comme ses deux pr\u00e9c\u00e9dentes dates \u00e0 Paris en 2025. En seulement quelques heures, Mr. Worlwide, comme il aime se faire appeler, a rempli \u00e0 deux reprises l&rsquo;Accor Arena dans le cadre de sa tourn\u00e9e\u00a0Party After Dark Tour.<\/p>\n<p class=\"article-p mdl\"><a class=\"link\" href=\"https:\/\/www.funradio.fr\/evenements\/pitbull-enflamme-l-accor-arena-avec-un-show-fabuleux-7900476104\" title=\"Pitbull enflamme l&#039;Accor Arena avec un show fabuleux\" target=\"_blank\" rel=\"noopener\">Un show \u00e9bouriffant jalonn\u00e9 de tubes<\/a>\u00a0qui ravira les fans de l&rsquo;artiste de 44 ans. Pour celles et ceux qui souhaiteraient applaudir sa prestation, il faudra d\u00e9bourser entre 80 \u20ac et 145 \u20ac. Comptez <strong>80,80 \u20ac en fosse<\/strong>, contre <strong>134,70 \u20ac fosse or<\/strong>. <strong>En cat\u00e9gorie 3, il faudra d\u00e9penser 79,70 \u20ac<\/strong>, alors qu&rsquo;en <strong>cat\u00e9gorie 2, le prix sera de 101,70 \u20ac<\/strong> et en <strong>cat\u00e9gorie 1, 118,20 \u20ac<\/strong>. Enfin, pour <strong>la cat\u00e9gorie Or, le prix sera de 145,70 \u20ac<\/strong>.\u00a0<\/p>\n<p class=\"article-p mdl\">Il est \u00e0 noter que l&rsquo;ouverture de la billetterie aura lieu<a class=\"link\" href=\"https:\/\/www.livenation.fr\/pitbull-tickets-adp284345\" target=\"_blank\" rel=\"noopener\"> le vendredi 24 octobre d\u00e8s 12h<\/a>.\u00a0<\/p>\n<p>    La r\u00e9daction vous recommande<\/p>\n<p>\n                                    Lire la suite\n                                <\/p>\n","protected":false},"excerpt":{"rendered":"Combien faudra-t-il d\u00e9bourser pour voir Pitbull en concert en France l&rsquo;ann\u00e9e prochaine ? Le rappeur et producteur\u00a0am\u00e9ricano-cubain offrira&hellip;\n","protected":false},"author":2,"featured_media":479521,"comment_status":"","ping_status":"","sticky":false,"template":"","format":"standard","meta":{"footnotes":""},"categories":[2819],"tags":[1111,11,1777,674,1011,27,873,12,2401,23005,882,25],"class_list":{"0":"post-479520","1":"post","2":"type-post","3":"status-publish","4":"format-standard","5":"has-post-thumbnail","7":"category-nice","8":"tag-actu","9":"tag-actualites","10":"tag-eu","11":"tag-europe","12":"tag-fr","13":"tag-france","14":"tag-musique","15":"tag-news","16":"tag-nice","17":"tag-pitbull","18":"tag-provence-alpes-cote-dazur","19":"tag-republique-francaise"},"share_on_mastodon":{"url":"https:\/\/pubeurope.com\/@fr\/115412309336054129","error":""},"_links":{"self":[{"href":"https:\/\/www.europesays.com\/fr\/wp-json\/wp\/v2\/posts\/479520","targetHints":{"allow":["GET"]}}],"collection":[{"href":"https:\/\/www.europesays.com\/fr\/wp-json\/wp\/v2\/posts"}],"about":[{"href":"https:\/\/www.europesays.com\/fr\/wp-json\/wp\/v2\/types\/post"}],"author":[{"embeddable":true,"href":"https:\/\/www.europesays.com\/fr\/wp-json\/wp\/v2\/users\/2"}],"replies":[{"embeddable":true,"href":"https:\/\/www.europesays.com\/fr\/wp-json\/wp\/v2\/comments?post=479520"}],"version-history":[{"count":0,"href":"https:\/\/www.europesays.com\/fr\/wp-json\/wp\/v2\/posts\/479520\/revisions"}],"wp:featuredmedia":[{"embeddable":true,"href":"https:\/\/www.europesays.com\/fr\/wp-json\/wp\/v2\/media\/479521"}],"wp:attachment":[{"href":"https:\/\/www.europesays.com\/fr\/wp-json\/wp\/v2\/media?parent=479520"}],"wp:term":[{"taxonomy":"category","embeddable":true,"href":"https:\/\/www.europesays.com\/fr\/wp-json\/wp\/v2\/categories?post=479520"},{"taxonomy":"post_tag","embeddable":true,"href":"https:\/\/www.europesays.com\/fr\/wp-json\/wp\/v2\/tags?post=479520"}],"curies":[{"name":"wp","href":"https:\/\/api.w.org\/{rel}","templated":true}]}}