{"id":479522,"date":"2025-10-21T13:08:31","date_gmt":"2025-10-21T13:08:31","guid":{"rendered":"https:\/\/www.europesays.com\/fr\/479522\/"},"modified":"2025-10-21T13:08:31","modified_gmt":"2025-10-21T13:08:31","slug":"vulnerabilite-aux-inondations-un-diagnostic-propose-au-nord-de-nantes","status":"publish","type":"post","link":"https:\/\/www.europesays.com\/fr\/479522\/","title":{"rendered":"Vuln\u00e9rabilit\u00e9 aux inondations\u00a0: un diagnostic propos\u00e9 au nord de Nantes"},"content":{"rendered":"<p>Nantes M\u00e9tropole met en place une campagne de diagnostic gratuit pour accompagner les habitants et petites entreprises situ\u00e9s en zone inondable, afin de mieux anticiper et se prot\u00e9ger face au risque d\u2019inondation.<\/p>\n<p>Du 3 au 7\u00a0novembre<\/p>\n<p><a href=\"https:\/\/www.ouest-france.fr\/recherche\/#!r\/requete=Carquefou&amp;filtres%5Bsource%5D%5B0%5D=po&amp;sort=desc&amp;onglet=actualites\" rel=\"nofollow noopener\" target=\"_blank\">\u00c0 Carquefou<\/a>, ce diagnostic vise \u00e0 recenser les foyers et lieux de vie expos\u00e9s aux d\u00e9bordements de cours d\u2019eau ou au &#8230;<\/p>\n<p>\u00a0<\/p>\n","protected":false},"excerpt":{"rendered":"Nantes M\u00e9tropole met en place une campagne de diagnostic gratuit pour accompagner les habitants et petites entreprises situ\u00e9s&hellip;\n","protected":false},"author":2,"featured_media":479523,"comment_status":"","ping_status":"","sticky":false,"template":"","format":"standard","meta":{"footnotes":""},"categories":[2818],"tags":[1111,11,228,1777,674,1011,27,2839,766,12,1308,2636,6088,25,60280],"class_list":{"0":"post-479522","1":"post","2":"type-post","3":"status-publish","4":"format-standard","5":"has-post-thumbnail","7":"category-nantes","8":"tag-actu","9":"tag-actualites","10":"tag-diagnostic","11":"tag-eu","12":"tag-europe","13":"tag-fr","14":"tag-france","15":"tag-inondations","16":"tag-nantes","17":"tag-news","18":"tag-nord","19":"tag-pays-de-la-loire","20":"tag-propose","21":"tag-republique-francaise","22":"tag-vulnerabilite"},"share_on_mastodon":{"url":"https:\/\/pubeurope.com\/@fr\/115412317209451713","error":""},"_links":{"self":[{"href":"https:\/\/www.europesays.com\/fr\/wp-json\/wp\/v2\/posts\/479522","targetHints":{"allow":["GET"]}}],"collection":[{"href":"https:\/\/www.europesays.com\/fr\/wp-json\/wp\/v2\/posts"}],"about":[{"href":"https:\/\/www.europesays.com\/fr\/wp-json\/wp\/v2\/types\/post"}],"author":[{"embeddable":true,"href":"https:\/\/www.europesays.com\/fr\/wp-json\/wp\/v2\/users\/2"}],"replies":[{"embeddable":true,"href":"https:\/\/www.europesays.com\/fr\/wp-json\/wp\/v2\/comments?post=479522"}],"version-history":[{"count":0,"href":"https:\/\/www.europesays.com\/fr\/wp-json\/wp\/v2\/posts\/479522\/revisions"}],"wp:featuredmedia":[{"embeddable":true,"href":"https:\/\/www.europesays.com\/fr\/wp-json\/wp\/v2\/media\/479523"}],"wp:attachment":[{"href":"https:\/\/www.europesays.com\/fr\/wp-json\/wp\/v2\/media?parent=479522"}],"wp:term":[{"taxonomy":"category","embeddable":true,"href":"https:\/\/www.europesays.com\/fr\/wp-json\/wp\/v2\/categories?post=479522"},{"taxonomy":"post_tag","embeddable":true,"href":"https:\/\/www.europesays.com\/fr\/wp-json\/wp\/v2\/tags?post=479522"}],"curies":[{"name":"wp","href":"https:\/\/api.w.org\/{rel}","templated":true}]}}