{"id":479532,"date":"2025-10-21T13:16:11","date_gmt":"2025-10-21T13:16:11","guid":{"rendered":"https:\/\/www.europesays.com\/fr\/479532\/"},"modified":"2025-10-21T13:16:11","modified_gmt":"2025-10-21T13:16:11","slug":"un-poids-lourd-est-en-travers-de-la-route","status":"publish","type":"post","link":"https:\/\/www.europesays.com\/fr\/479532\/","title":{"rendered":"un poids lourd est en travers de la route"},"content":{"rendered":"<p>            Par<br \/>\n        <strong><br \/>\n            <a href=\"https:\/\/actu.fr\/auteur\/gilles-rolland\" title=\"Consulter tous les articles de Gilles Rolland\" target=\"_blank\" rel=\"noopener\">Gilles Rolland<\/a><br \/>\n        <\/strong><\/p>\n<p>        Publi\u00e9 le<\/p>\n<p>            21 oct. 2025 \u00e0 15h03        <\/p>\n<p>Si l\u2019accident semble sans gravit\u00e9, son <strong>impact sur la circulation<\/strong>, sur l\u2019<strong>autoroute A20<\/strong>, \u00e0 <a href=\"https:\/\/actu.fr\/occitanie\/montauban_82121\" target=\"_blank\" rel=\"noopener\">Montauban<\/a>, est quant \u00e0 lui bien r\u00e9el. <strong>Un accident survenu \u00e0 13h<\/strong>, qui a vu un camion bloquer la circulation sur cet axe tr\u00e8s emprunt\u00e9, ce <strong>mardi 21\u00a0octobre 2025<\/strong>.<\/p>\n<p>3 kms de ralentissement<\/p>\n<p class=\" wall-content\">Arr\u00eat\u00e9 entre les \u00e9changeurs de Beausoleil et La Molle, au niveau de l\u2019\u00e9changeur de Sapiac, le poids lourd avait entra\u00een\u00e9, \u00e0 <strong>14h40<\/strong>, <strong>trois kilom\u00e8tres de ralentissement<\/strong>, selon les informations communiqu\u00e9es par <strong>Vinci Autoroutes<\/strong>, \u00e0 Actu.fr\u2009: \u00ab\u2009<strong>les usagers de l\u2019A20 peuvent sortir au niveau de la sortie 64 (Sapiac)<\/strong>, pour contourner le camion, et ensuite retrouver l\u2019A20.\u2009\u00bb<\/p>\n<p>Un rapide retour \u00e0 la normale attendu en d\u00e9but d\u2019apr\u00e8s-midi<\/p>\n<p class=\" wall-content\">Une d\u00e9viation \u00ab\u2009naturelle\u2009\u00bb qui a permis de ne pas encourager la formation d\u2019un v\u00e9ritable bouchon.<\/p>\n<p class=\" wall-content\">Vinci pr\u00e9cise par ailleurs que le <strong>retour \u00e0 la normale<\/strong> est attendu, \u00ab\u2009au plus tard \u00e0 15h30\u2009\u00bb. Une op\u00e9ration d\u2019enl\u00e8vement du camion \u00e9tait en cours \u00e0 14h40.<\/p>\n<p class=\" wall-content\">Personnalisez votre actualit\u00e9 en ajoutant vos villes et m\u00e9dias en favori avec <a href=\"https:\/\/moncompte.actu.fr\" title=\"D\u00e9couvez Mon Actu\" rel=\"nofollow noopener\" data-trk=\"{&quot;cta&quot;:{&quot;action&quot;:&quot;https:\\\/\\\/moncompte.actu.fr&quot;,&quot;category&quot;:&quot;mon compte&quot;,&quot;from&quot;:&quot;article footer&quot;,&quot;name&quot;:&quot;Mon actu&quot;,&quot;type&quot;:&quot;cta&quot;}}\" target=\"_blank\">Mon Actu<\/a>.<\/p>\n","protected":false},"excerpt":{"rendered":"Par Gilles Rolland Publi\u00e9 le 21 oct. 2025 \u00e0 15h03 Si l\u2019accident semble sans gravit\u00e9, son impact sur&hellip;\n","protected":false},"author":2,"featured_media":479533,"comment_status":"","ping_status":"","sticky":false,"template":"","format":"standard","meta":{"footnotes":""},"categories":[2816],"tags":[119,1111,11,1777,674,118,1011,27,12,2680,25,2312],"class_list":{"0":"post-479532","1":"post","2":"type-post","3":"status-publish","4":"format-standard","5":"has-post-thumbnail","7":"category-toulouse","8":"tag-accident","9":"tag-actu","10":"tag-actualites","11":"tag-eu","12":"tag-europe","13":"tag-faits-divers","14":"tag-fr","15":"tag-france","16":"tag-news","17":"tag-occitanie","18":"tag-republique-francaise","19":"tag-toulouse"},"share_on_mastodon":{"url":"https:\/\/pubeurope.com\/@fr\/115412348689931058","error":""},"_links":{"self":[{"href":"https:\/\/www.europesays.com\/fr\/wp-json\/wp\/v2\/posts\/479532","targetHints":{"allow":["GET"]}}],"collection":[{"href":"https:\/\/www.europesays.com\/fr\/wp-json\/wp\/v2\/posts"}],"about":[{"href":"https:\/\/www.europesays.com\/fr\/wp-json\/wp\/v2\/types\/post"}],"author":[{"embeddable":true,"href":"https:\/\/www.europesays.com\/fr\/wp-json\/wp\/v2\/users\/2"}],"replies":[{"embeddable":true,"href":"https:\/\/www.europesays.com\/fr\/wp-json\/wp\/v2\/comments?post=479532"}],"version-history":[{"count":0,"href":"https:\/\/www.europesays.com\/fr\/wp-json\/wp\/v2\/posts\/479532\/revisions"}],"wp:featuredmedia":[{"embeddable":true,"href":"https:\/\/www.europesays.com\/fr\/wp-json\/wp\/v2\/media\/479533"}],"wp:attachment":[{"href":"https:\/\/www.europesays.com\/fr\/wp-json\/wp\/v2\/media?parent=479532"}],"wp:term":[{"taxonomy":"category","embeddable":true,"href":"https:\/\/www.europesays.com\/fr\/wp-json\/wp\/v2\/categories?post=479532"},{"taxonomy":"post_tag","embeddable":true,"href":"https:\/\/www.europesays.com\/fr\/wp-json\/wp\/v2\/tags?post=479532"}],"curies":[{"name":"wp","href":"https:\/\/api.w.org\/{rel}","templated":true}]}}