{"id":479534,"date":"2025-10-21T13:17:26","date_gmt":"2025-10-21T13:17:26","guid":{"rendered":"https:\/\/www.europesays.com\/fr\/479534\/"},"modified":"2025-10-21T13:17:26","modified_gmt":"2025-10-21T13:17:26","slug":"lille-des-interruptions-programmees-du-metro-et-du-tramway-jusqua-fin-2025-voici-les-dates","status":"publish","type":"post","link":"https:\/\/www.europesays.com\/fr\/479534\/","title":{"rendered":"Lille. Des interruptions programm\u00e9es du m\u00e9tro et du tramway jusqu&rsquo;\u00e0 fin 2025 : voici les dates"},"content":{"rendered":"<p>            Par<br \/>\n        <strong><br \/>\n            <a href=\"https:\/\/actu.fr\/auteur\/nicolas-demollien\" title=\"Consulter tous les articles de Nicolas Demollien\" rel=\"nofollow noopener\" target=\"_blank\">Nicolas Demollien<\/a><br \/>\n        <\/strong><\/p>\n<p>        Publi\u00e9 le<\/p>\n<p>            21 oct. 2025 \u00e0 10h34        <\/p>\n<p><b>Travaux et essais<\/b> continuent dans les <a href=\"https:\/\/actu.fr\/tag\/transport\" rel=\"nofollow noopener\" target=\"_blank\">transports<\/a> du r\u00e9seau <a href=\"https:\/\/actu.fr\/tag\/ilevia\" rel=\"nofollow noopener\" target=\"_blank\">Il\u00e9via<\/a> de la m\u00e9tropole de <a href=\"https:\/\/actu.fr\/hauts-de-france\/lille_59350\" rel=\"nofollow noopener\" target=\"_blank\">Lille<\/a> (Nord). Durant les <b>mois de novembre et d\u00e9cembre 2025<\/b>, de <b>nouvelles interruptions<\/b> sont ainsi programm\u00e9es sur la <b>ligne 1 du m\u00e9tro<\/b> mais aussi sur la<b> <\/b>branche <a href=\"https:\/\/actu.fr\/hauts-de-france\/roubaix_59512\" rel=\"nofollow noopener\" target=\"_blank\">Roubaix<\/a> du<b> tramway<\/b>. Voici les <b>dates annonc\u00e9es<\/b>.<\/p>\n<p>Nouvelles interruptions sur la ligne 1 du m\u00e9tro Il\u00e9via de Lille<\/p>\n<p class=\" wall-content\">Concernant le m\u00e9tro tout d\u2019abord, le trafic sur la ligne 1 sera <b>interrompu de 22h30 jusqu\u2019\u00e0 la fin de service tous les lundis soir,<\/b> du lundi 3 novembre au lundi 1er d\u00e9cembre inclus, ainsi que le <b>mardi 2 d\u00e9cembre et le lundi 22 d\u00e9cembre<\/b>. Le trafic sera \u00e9galement interrompu le dimanche 9 novembre et le dimanche 16 novembre, de 13h30 jusqu\u2019\u00e0 la fin de service.<\/p>\n<p data-end=\"1350\" class=\" wall-content\">\u00ab\u00a0Afin de permettre aux voyageurs de r\u00e9aliser leurs trajets lors de ces interruptions, des <b>bus relais seront mis en place<\/b>. La fr\u00e9quence sera d\u2019un bus toutes les 8 \u00e0 10 minutes en journ\u00e9e et toutes les 15 minutes en soir\u00e9e\u00a0\u00bb, assure Il\u00e9via.<\/p>\n<p data-end=\"1642\" class=\" wall-content\">Le trafic sera \u00e9galement <b>totalement interrompu le mardi 11 novembre<\/b>, toute la journ\u00e9e. \u00ab\u00a0Des bus relais circuleront pendant toute la dur\u00e9e de cette interruption, \u00e0 raison d\u2019un bus toutes les 10 minutes en journ\u00e9e et toutes les 15 minutes en soir\u00e9e, sur la m\u00eame amplitude horaire que le m\u00e9tro\u00a0\u00bb.<\/p>\n<p data-end=\"1876\" class=\" wall-content\">La reprise du service sur la ligne 1 sera effective d\u00e8s le lendemain matin.<\/p>\n<p>Le tramway \u00e9galement interrompu en novembre<\/p>\n<p data-end=\"2406\" class=\" wall-content\">Dans le cadre d\u2019une<b> op\u00e9ration de nivellement des voies<\/b> r\u00e9cemment renouvel\u00e9es, le <b>trafic du tramway sera \u00e9galement perturb\u00e9<\/b>. Il sera <b>interrompu en soir\u00e9e sur la branche Roubaix<\/b> du tramway, entre les stations Crois\u00e9 Laroche et Roubaix Eurot\u00e9l\u00e9port.<\/p>\n<p>Votre r\u00e9gion, votre actu !<\/p>\n<p>Recevez chaque jour les infos qui comptent pour vous.<\/p>\n<p>\t<a href=\"https:\/\/actu.fr\/newsletter\" class=\"ac-btn ac-btn--corner ac-btn--medium ac-btn--blue800\" rel=\"nofollow noopener\" target=\"_blank\">S&rsquo;incrire<\/a><\/p>\n<p data-end=\"2406\" class=\" wall-content\">\u00ab\u00a0Cette interruption aura lieu du <b>lundi 17 novembre au vendredi 21 novembre<\/b> inclus, <b>puis du lundi 24 novembre au vendredi 28 novembre <\/b>inclus, <b>de 22h jusqu\u2019\u00e0 la fin de service<\/b>. Le tramway circulera normalement les samedis et dimanches soir\u00a0\u00bb, d\u00e9taille Il\u00e9via.<\/p>\n<p data-end=\"2738\" class=\" wall-content\">Pendant les p\u00e9riodes d\u2019interruption, un service de bus relais sera mis en place en soir\u00e9e afin de remplacer le tramway entre Crois\u00e9 Laroche et Roubaix Eurot\u00e9l\u00e9port, avec une fr\u00e9quence de 30 minutes. \u00ab\u00a0Le tronc commun et la branche Tourcoing du tramway circuleront normalement\u00a0\u00bb.<\/p>\n<p class=\" wall-content\">Personnalisez votre actualit\u00e9 en ajoutant vos villes et m\u00e9dias en favori avec <a href=\"https:\/\/moncompte.actu.fr\" title=\"D\u00e9couvez Mon Actu\" rel=\"nofollow noopener\" data-trk=\"{&quot;cta&quot;:{&quot;action&quot;:&quot;https:\\\/\\\/moncompte.actu.fr&quot;,&quot;category&quot;:&quot;mon compte&quot;,&quot;from&quot;:&quot;article footer&quot;,&quot;name&quot;:&quot;Mon actu&quot;,&quot;type&quot;:&quot;cta&quot;}}\" target=\"_blank\">Mon Actu<\/a>.<\/p>\n","protected":false},"excerpt":{"rendered":"Par Nicolas Demollien Publi\u00e9 le 21 oct. 2025 \u00e0 10h34 Travaux et essais continuent dans les transports du&hellip;\n","protected":false},"author":2,"featured_media":479535,"comment_status":"","ping_status":"","sticky":false,"template":"","format":"standard","meta":{"footnotes":""},"categories":[2815],"tags":[1111,11,1777,674,1011,27,811,4288,1307,12,25,104,2803],"class_list":{"0":"post-479534","1":"post","2":"type-post","3":"status-publish","4":"format-standard","5":"has-post-thumbnail","7":"category-lille","8":"tag-actu","9":"tag-actualites","10":"tag-eu","11":"tag-europe","12":"tag-fr","13":"tag-france","14":"tag-hauts-de-france","15":"tag-ilevia","16":"tag-lille","17":"tag-news","18":"tag-republique-francaise","19":"tag-societe","20":"tag-transport"},"share_on_mastodon":{"url":"https:\/\/pubeurope.com\/@fr\/115412352617139416","error":""},"_links":{"self":[{"href":"https:\/\/www.europesays.com\/fr\/wp-json\/wp\/v2\/posts\/479534","targetHints":{"allow":["GET"]}}],"collection":[{"href":"https:\/\/www.europesays.com\/fr\/wp-json\/wp\/v2\/posts"}],"about":[{"href":"https:\/\/www.europesays.com\/fr\/wp-json\/wp\/v2\/types\/post"}],"author":[{"embeddable":true,"href":"https:\/\/www.europesays.com\/fr\/wp-json\/wp\/v2\/users\/2"}],"replies":[{"embeddable":true,"href":"https:\/\/www.europesays.com\/fr\/wp-json\/wp\/v2\/comments?post=479534"}],"version-history":[{"count":0,"href":"https:\/\/www.europesays.com\/fr\/wp-json\/wp\/v2\/posts\/479534\/revisions"}],"wp:featuredmedia":[{"embeddable":true,"href":"https:\/\/www.europesays.com\/fr\/wp-json\/wp\/v2\/media\/479535"}],"wp:attachment":[{"href":"https:\/\/www.europesays.com\/fr\/wp-json\/wp\/v2\/media?parent=479534"}],"wp:term":[{"taxonomy":"category","embeddable":true,"href":"https:\/\/www.europesays.com\/fr\/wp-json\/wp\/v2\/categories?post=479534"},{"taxonomy":"post_tag","embeddable":true,"href":"https:\/\/www.europesays.com\/fr\/wp-json\/wp\/v2\/tags?post=479534"}],"curies":[{"name":"wp","href":"https:\/\/api.w.org\/{rel}","templated":true}]}}