{"id":479543,"date":"2025-10-21T13:22:10","date_gmt":"2025-10-21T13:22:10","guid":{"rendered":"https:\/\/www.europesays.com\/fr\/479543\/"},"modified":"2025-10-21T13:22:10","modified_gmt":"2025-10-21T13:22:10","slug":"la-voiture-heurte-un-arbre-de-plein-fouet-une-jeune-femme-tuee","status":"publish","type":"post","link":"https:\/\/www.europesays.com\/fr\/479543\/","title":{"rendered":"la voiture heurte un arbre de plein fouet, une jeune femme tu\u00e9e"},"content":{"rendered":"<p>            Par<br \/>\n        <strong><br \/>\n            <a href=\"https:\/\/actu.fr\/auteur\/julien-damboise\" title=\"Consulter tous les articles de Julien Damboise\" target=\"_blank\" rel=\"noopener\">Julien Damboise<\/a><br \/>\n        <\/strong><\/p>\n<p>        Publi\u00e9 le<\/p>\n<p>            21 oct. 2025 \u00e0 15h13        <\/p>\n<p>Le d\u00e9partement de l\u2019Ain est de nouveau marqu\u00e9 par un <strong>drame de la route<\/strong>. Dans la soir\u00e9e de ce lundi 20 octobre 2025, une voiture a <strong>percut\u00e9 de plein fouet un arbre<\/strong> sur la commune de <a href=\"https:\/\/actu.fr\/auvergne-rhone-alpes\/villieu-loyes-mollon_01450\" target=\"_blank\" rel=\"noopener\">Villieu-Loyes-Mollon<\/a>, \u00e0 moins d\u2019une heure de <a href=\"https:\/\/actu.fr\/lyon\/\" target=\"_blank\" rel=\"noopener\">Lyon<\/a>. Une jeune femme a malheureusement <strong>perdu la vie<\/strong>.<\/p>\n<p>    <a href=\"https:\/\/www.google.com\/maps\/embed?pb=!1m18!1m12!1m3!1d281968.19040128746!2d4.835055801148589!3d45.89555982996637!2m3!1f0!2f0!3f0!3m2!1i1024!2i768!4f13.1!3m3!1m2!1s0x47f4b2a299e8bedb%3A0x408ab2ae4c1fee0!2s01800%20Villieu-Loyes-Mollon!5e1!3m2!1sfr!2sfr!4v1761048690132!5m2!1sfr!2sfr\" title=\"Ouvrie le lien\" target=\"_blank\" rel=\"noopener\">Cliquez ici pour visualiser le contenu<\/a><\/p>\n<p>Un choc ultra-violent<\/p>\n<p class=\" wall-content\">Il \u00e9tait 22 h 45 quand les <a href=\"https:\/\/actu.fr\/tag\/pompiers\" target=\"_blank\" rel=\"noopener\">sapeurs-pompiers<\/a> ont \u00e9t\u00e9 contact\u00e9s apr\u00e8s un terrible choc sur la <strong>D 984<\/strong> : une voiture seule venait de percuter un arbre.<\/p>\n<p class=\" wall-content\">\u00c0 l\u2019int\u00e9rieur du v\u00e9hicule impliqu\u00e9 se trouvaient deux femmes d\u2019environ 20 ans. Toutes les deux \u00e9taient gravement bless\u00e9es, class\u00e9es en <strong>urgence absolue<\/strong> par les secouristes.<\/p>\n<p class=\" wall-content\">D\u2019importants moyens ont rapidement \u00e9t\u00e9 projet\u00e9s sur place.<\/p>\n<p>Incarc\u00e9r\u00e9e dans la voiture<\/p>\n<p class=\" wall-content\">Parmi les deux victimes, la conductrice \u00e9tait <strong>incarc\u00e9r\u00e9e<\/strong> dans son v\u00e9hicule.<\/p>\n<p class=\" wall-content\">Elle a \u00e9t\u00e9 d\u00e9gag\u00e9e par des sapeurs-pompiers sp\u00e9cialis\u00e9s en secours routiers. Puis, les deux jeunes femmes ont \u00e9t\u00e9 m\u00e9dicalis\u00e9es par le SMUR et transport\u00e9es \u00e0 l\u2019h\u00f4pital \u00c9douard Herriot dans le 3\u1d49 arrondissement de Lyon.<\/p>\n<p>Votre r\u00e9gion, votre actu !<\/p>\n<p>Recevez chaque jour les infos qui comptent pour vous.<\/p>\n<p>\t<a href=\"https:\/\/actu.fr\/newsletter\" class=\"ac-btn ac-btn--corner ac-btn--medium ac-btn--blue800\" target=\"_blank\" rel=\"noopener\">S&rsquo;incrire<\/a><\/p>\n<p class=\" wall-content\">Mais, selon une information du <a href=\"https:\/\/www.leprogres.fr\/faits-divers-justice\/2025\/10\/21\/la-voiture-s-encastre-dans-un-arbre-deux-blessees-graves?at_content=link&amp;at_term=leprogres&amp;at_campaign=Facebook&amp;at_medium=Social&amp;at_source=nonli\" target=\"_blank\" rel=\"noopener\">Progr\u00e8s<\/a>, la passag\u00e8re du v\u00e9hicule est finalement <strong>d\u00e9c\u00e9d\u00e9e<\/strong> des suites de ses trop graves blessures. Elle aurait \u00e9t\u00e9 touch\u00e9e \u00e0 la t\u00eate.<\/p>\n<p class=\" wall-content\">Une enqu\u00eate a \u00e9t\u00e9 ouverte pour comprendre ce qu\u2019il s\u2019est pass\u00e9.<\/p>\n<p class=\" wall-content\">Personnalisez votre actualit\u00e9 en ajoutant vos villes et m\u00e9dias en favori avec <a href=\"https:\/\/moncompte.actu.fr\" title=\"D\u00e9couvez Mon Actu\" rel=\"nofollow noopener\" data-trk=\"{&quot;cta&quot;:{&quot;action&quot;:&quot;https:\\\/\\\/moncompte.actu.fr&quot;,&quot;category&quot;:&quot;mon compte&quot;,&quot;from&quot;:&quot;article footer&quot;,&quot;name&quot;:&quot;Mon actu&quot;,&quot;type&quot;:&quot;cta&quot;}}\" target=\"_blank\">Mon Actu<\/a>.<\/p>\n","protected":false},"excerpt":{"rendered":"Par Julien Damboise Publi\u00e9 le 21 oct. 2025 \u00e0 15h13 Le d\u00e9partement de l\u2019Ain est de nouveau marqu\u00e9&hellip;\n","protected":false},"author":2,"featured_media":319835,"comment_status":"","ping_status":"","sticky":false,"template":"","format":"standard","meta":{"footnotes":""},"categories":[1889],"tags":[119,1111,11,646,2430,1777,674,118,1011,27,2428,12,1311,25],"class_list":{"0":"post-479543","1":"post","2":"type-post","3":"status-publish","4":"format-standard","5":"has-post-thumbnail","7":"category-lyon","8":"tag-accident","9":"tag-actu","10":"tag-actualites","11":"tag-automobile","12":"tag-auvergne-rhone-alpes","13":"tag-eu","14":"tag-europe","15":"tag-faits-divers","16":"tag-fr","17":"tag-france","18":"tag-lyon","19":"tag-news","20":"tag-pompiers","21":"tag-republique-francaise"},"share_on_mastodon":{"url":"https:\/\/pubeurope.com\/@fr\/115412372234483418","error":""},"_links":{"self":[{"href":"https:\/\/www.europesays.com\/fr\/wp-json\/wp\/v2\/posts\/479543","targetHints":{"allow":["GET"]}}],"collection":[{"href":"https:\/\/www.europesays.com\/fr\/wp-json\/wp\/v2\/posts"}],"about":[{"href":"https:\/\/www.europesays.com\/fr\/wp-json\/wp\/v2\/types\/post"}],"author":[{"embeddable":true,"href":"https:\/\/www.europesays.com\/fr\/wp-json\/wp\/v2\/users\/2"}],"replies":[{"embeddable":true,"href":"https:\/\/www.europesays.com\/fr\/wp-json\/wp\/v2\/comments?post=479543"}],"version-history":[{"count":0,"href":"https:\/\/www.europesays.com\/fr\/wp-json\/wp\/v2\/posts\/479543\/revisions"}],"wp:featuredmedia":[{"embeddable":true,"href":"https:\/\/www.europesays.com\/fr\/wp-json\/wp\/v2\/media\/319835"}],"wp:attachment":[{"href":"https:\/\/www.europesays.com\/fr\/wp-json\/wp\/v2\/media?parent=479543"}],"wp:term":[{"taxonomy":"category","embeddable":true,"href":"https:\/\/www.europesays.com\/fr\/wp-json\/wp\/v2\/categories?post=479543"},{"taxonomy":"post_tag","embeddable":true,"href":"https:\/\/www.europesays.com\/fr\/wp-json\/wp\/v2\/tags?post=479543"}],"curies":[{"name":"wp","href":"https:\/\/api.w.org\/{rel}","templated":true}]}}