{"id":479548,"date":"2025-10-21T13:26:11","date_gmt":"2025-10-21T13:26:11","guid":{"rendered":"https:\/\/www.europesays.com\/fr\/479548\/"},"modified":"2025-10-21T13:26:11","modified_gmt":"2025-10-21T13:26:11","slug":"une-chinoise-mise-en-examen-et-ecrouee","status":"publish","type":"post","link":"https:\/\/www.europesays.com\/fr\/479548\/","title":{"rendered":"une Chinoise mise en examen et \u00e9crou\u00e9e"},"content":{"rendered":"<p class=\"mb-4 text-lg md:leading-8 break-words\">Une Chinoise de 24 ans a \u00e9t\u00e9 mise en examen et plac\u00e9e en d\u00e9tention provisoire pour le vol en bande organis\u00e9e de p\u00e9pites d&rsquo;or au Mus\u00e9um national d&rsquo;histoire naturelle \u00e0 Paris, une des affaires spectaculaires ayant touch\u00e9 ces derni\u00e8res semaines une s\u00e9rie de mus\u00e9es fran\u00e7ais, dont le Louvre.<\/p>\n<p class=\"mb-4 text-lg md:leading-8 break-words\">Mise en examen le 13 octobre, \u00e9galement pour association de malfaiteurs, cette Chinoise avait \u00e9t\u00e9 \u00ab\u00a0remise le jour m\u00eame par les autorit\u00e9s espagnoles, qui l&rsquo;avaient interpell\u00e9e \u00e0 Barcelone le 30 septembre en ex\u00e9cution d&rsquo;un mandat d&rsquo;arr\u00eat europ\u00e9en\u00a0\u00bb, a expliqu\u00e9 mardi la procureure de Paris, Laure Beccuau, dans un communiqu\u00e9.<\/p>\n<p class=\"mb-4 text-lg md:leading-8 break-words\">Les faits se sont produits le 16 septembre au matin, un peu plus d&rsquo;un mois avant le spectaculaire vol de joyaux au Louvre, commis dimanche.<\/p>\n<p class=\"mb-4 text-lg md:leading-8 break-words\">Alert\u00e9 de la pr\u00e9sence de d\u00e9bris par une employ\u00e9e de m\u00e9nage, un conservateur du mus\u00e9e avait constat\u00e9 la disparition de p\u00e9pites d&rsquo;or expos\u00e9es. Parmi elles: \u00ab\u00a0des p\u00e9pites originaires de Bolivie l\u00e9gu\u00e9e \u00e0 l&rsquo;Acad\u00e9mie des sciences au XVIIIe si\u00e8cle; de l&rsquo;Oural, offerte par le tsar Nicolas 1er de Russie en 1833 au mus\u00e9um\u00a0; de Californie d\u00e9couverte au moment de la ru\u00e9e vers l&rsquo;or dans la seconde moiti\u00e9 du XIXe si\u00e8cle\u00a0\u00bb et \u00ab\u00a0une p\u00e9pite d&rsquo;or de plus de 5 kg originaire d&rsquo;Australie d\u00e9couverte en 1990\u00a0\u00bb, a d\u00e9taill\u00e9 Mme Beccuau.<\/p>\n<p class=\"mb-4 text-lg md:leading-8 break-words\">&#8211; Valeur \u00ab\u00a0inestimable\u00a0\u00bb &#8211;<\/p>\n<p class=\"mb-4 text-lg md:leading-8 break-words\">Au total: pr\u00e8s de 6 kg avec un pr\u00e9judice \u00e9valu\u00e9 \u00e0 1,5 million d&rsquo;euros, correspondant \u00e0 la valeur de l&rsquo;or natif, sup\u00e9rieure \u00e0 l&rsquo;or m\u00e9tal, a pr\u00e9cis\u00e9 la procureure, en soulignant que la valeur historique et scientifique de ces pi\u00e8ces \u00e9tait \u00ab\u00a0inestimable\u00a0\u00bb.<\/p>\n<p class=\"mb-4 text-lg md:leading-8 break-words\">Les enqu\u00eateurs de la Brigade de r\u00e9pression du banditisme (BRB) ont constat\u00e9 que deux portes du mus\u00e9e avaient \u00e9t\u00e9 d\u00e9coup\u00e9es \u00e0 la disqueuse et que la vitrine abritant les p\u00e9pites avait \u00e9t\u00e9 bris\u00e9e avec un chalumeau. Il a \u00e9t\u00e9 retrouv\u00e9 \u00e0 proximit\u00e9, tout comme la disqueuse, un tournevis, trois bonbonnes de gaz servant \u00e0 alimenter un chalumeau, et des scies.<\/p>\n<p class=\"mb-4 text-lg md:leading-8 break-words\">Selon les images de vid\u00e9osurveillance, une personne seule \u00e9tait entr\u00e9e par effraction dans le mus\u00e9e peu apr\u00e8s 01H00 du matin, pour en ressortir vers 04H00, a expliqu\u00e9 Mme Beccuau.<\/p>\n<p class=\"mb-4 text-lg md:leading-8 break-words\">Les investigations t\u00e9l\u00e9phoniques ont d\u00e9montr\u00e9 qu&rsquo;elle avait quitt\u00e9 la France d\u00e8s le 16 septembre et s&rsquo;appr\u00eatait \u00e0 regagner la Chine.<\/p>\n<p class=\"mb-4 text-lg md:leading-8 break-words\">Au moment de son interpellation, elle a tent\u00e9 de se d\u00e9barrasser de pr\u00e8s d&rsquo;un\u00a0kg de morceaux d&rsquo;or fondu.<\/p>\n<p class=\"mb-4 text-lg md:leading-8 break-words\">La procureure a pr\u00e9cis\u00e9 que l&rsquo;enqu\u00eate se poursuivait, notamment pour rechercher ce qu&rsquo;il est advenu des objets vol\u00e9s et trouver d&rsquo;\u00e9ventuels complices.<\/p>\n<p class=\"mb-4 text-lg md:leading-8 break-words\">La police est par ailleurs toujours aux trousses de quatre malfaiteurs du Louvre partis avec huit \u00ab\u00a0joyaux de la couronne de France\u00a0\u00bb, un vol spectaculaire qui a d\u00e9clench\u00e9 une pol\u00e9mique politique et interroge sur la s\u00e9curit\u00e9 des mus\u00e9es de France, dont le plus c\u00e9l\u00e8bre du monde.<\/p>\n<p class=\"mb-4 text-lg md:leading-8 break-words\">La ministre de la Culture Rachida Dati a annonc\u00e9 une enqu\u00eate administrative, en parall\u00e8le des investigations judiciaires.<\/p>\n<p class=\"mb-4 text-lg md:leading-8 break-words\">\u00ab\u00a0Nous avons failli\u00a0\u00bb, a estim\u00e9 le ministre de la Justice, G\u00e9rald Darmanin, puisque des malfaiteurs ont \u00e9t\u00e9 \u00ab\u00a0capables de mettre un monte-charge\u00a0\u00bb sur la voie publique, \u00ab\u00a0de faire monter des gens en quelques minutes pour r\u00e9cup\u00e9rer des bijoux inestimables et de donner une image d\u00e9plorable de la France\u00a0\u00bb.<\/p>\n<p class=\"mb-4 text-lg md:leading-8 break-words\">&#8211; Commission d&rsquo;enqu\u00eate &#8211;<\/p>\n<p class=\"mb-4 text-lg md:leading-8 break-words\">La pr\u00e9sidente-directrice du Louvre, Laurence des Cars, sera auditionn\u00e9e mercredi par la commission des Affaires culturelles du S\u00e9nat. Et le pr\u00e9sident de la m\u00eame commission \u00e0 l&rsquo;Assembl\u00e9e nationale, Alexandre Portier, proposera le m\u00eame jour \u00e0 ses coll\u00e8gues la cr\u00e9ation d&rsquo;une commission d&rsquo;enqu\u00eate sur \u00ab\u00a0la s\u00e9curisation des mus\u00e9es\u00a0\u00bb et la \u00ab\u00a0protection du patrimoine\u00a0\u00bb.<\/p>\n<p class=\"mb-4 text-lg md:leading-8 break-words\">Une soixantaine d&rsquo;enqu\u00eateurs de la BRB et de l&rsquo;Office central de lutte contre le trafic des biens culturels (OCBC) sont mobilis\u00e9s pour interpeller les malfaiteurs et retrouver les huit pi\u00e8ces, dont le diad\u00e8me d&rsquo;Eug\u00e9nie, qui compte pr\u00e8s de 2.000 diamants.<\/p>\n<p class=\"mb-4 text-lg md:leading-8 break-words\">Le casse n&rsquo;a dur\u00e9 que sept \u00e0 huit minutes. Il est le fait de cambrioleurs \u00ab\u00a0chevronn\u00e9s\u00a0\u00bb, a soulign\u00e9 le ministre de l&rsquo;Int\u00e9rieur, Laurent Nu\u00f1ez. Mme Beccuau a \u00e9voqu\u00e9 l'\u00a0\u00bbhypoth\u00e8se\u00a0\u00bb du \u00ab\u00a0grand banditisme\u00a0\u00bb.<\/p>\n<p class=\"mb-4 text-lg md:leading-8 break-words\">bur-cco\/bfa\/lth<\/p>\n","protected":false},"excerpt":{"rendered":"Une Chinoise de 24 ans a \u00e9t\u00e9 mise en examen et plac\u00e9e en d\u00e9tention provisoire pour le vol&hellip;\n","protected":false},"author":2,"featured_media":479549,"comment_status":"","ping_status":"","sticky":false,"template":"","format":"standard","meta":{"footnotes":""},"categories":[1888],"tags":[1111,1928,11,1927,5815,1777,674,1011,27,60285,60284,5117,12,1926,626,1925,25],"class_list":{"0":"post-479548","1":"post","2":"type-post","3":"status-publish","4":"format-standard","5":"has-post-thumbnail","7":"category-paris","8":"tag-actu","9":"tag-actu-paris","10":"tag-actualites","11":"tag-actualites-paris","12":"tag-association-de-malfaiteurs","13":"tag-eu","14":"tag-europe","15":"tag-fr","16":"tag-france","17":"tag-joyaux-de-la-couronne-de-france","18":"tag-lacademie-des-sciences","19":"tag-mise-en-examen","20":"tag-news","21":"tag-news-paris","22":"tag-paris","23":"tag-paris-news","24":"tag-republique-francaise"},"share_on_mastodon":{"url":"https:\/\/pubeurope.com\/@fr\/115412387936685585","error":""},"_links":{"self":[{"href":"https:\/\/www.europesays.com\/fr\/wp-json\/wp\/v2\/posts\/479548","targetHints":{"allow":["GET"]}}],"collection":[{"href":"https:\/\/www.europesays.com\/fr\/wp-json\/wp\/v2\/posts"}],"about":[{"href":"https:\/\/www.europesays.com\/fr\/wp-json\/wp\/v2\/types\/post"}],"author":[{"embeddable":true,"href":"https:\/\/www.europesays.com\/fr\/wp-json\/wp\/v2\/users\/2"}],"replies":[{"embeddable":true,"href":"https:\/\/www.europesays.com\/fr\/wp-json\/wp\/v2\/comments?post=479548"}],"version-history":[{"count":0,"href":"https:\/\/www.europesays.com\/fr\/wp-json\/wp\/v2\/posts\/479548\/revisions"}],"wp:featuredmedia":[{"embeddable":true,"href":"https:\/\/www.europesays.com\/fr\/wp-json\/wp\/v2\/media\/479549"}],"wp:attachment":[{"href":"https:\/\/www.europesays.com\/fr\/wp-json\/wp\/v2\/media?parent=479548"}],"wp:term":[{"taxonomy":"category","embeddable":true,"href":"https:\/\/www.europesays.com\/fr\/wp-json\/wp\/v2\/categories?post=479548"},{"taxonomy":"post_tag","embeddable":true,"href":"https:\/\/www.europesays.com\/fr\/wp-json\/wp\/v2\/tags?post=479548"}],"curies":[{"name":"wp","href":"https:\/\/api.w.org\/{rel}","templated":true}]}}