{"id":479562,"date":"2025-10-21T13:33:12","date_gmt":"2025-10-21T13:33:12","guid":{"rendered":"https:\/\/www.europesays.com\/fr\/479562\/"},"modified":"2025-10-21T13:33:12","modified_gmt":"2025-10-21T13:33:12","slug":"la-france-et-lespagne-sopposent-a-lallemagne-et-defendent-linterdiction-des-voitures-thermiques-neuves-en-2035","status":"publish","type":"post","link":"https:\/\/www.europesays.com\/fr\/479562\/","title":{"rendered":"La France et l\u2019Espagne s\u2019opposent \u00e0 l\u2019Allemagne et d\u00e9fendent l\u2019interdiction des voitures thermiques neuves en 2035"},"content":{"rendered":"<p>\n    Paris et Madrid appellent Bruxelles \u00e0 ne pas c\u00e9der aux demandes d\u2019assouplissement de Berlin, alors que cette mesure est de plus en plus contest\u00e9e par les constructeurs automobiles.<\/p>\n<p class=\"fig-paragraph\">La France et l&rsquo;Espagne s\u2019opposent \u00e0 l\u2019Allemagne. Les deux pays ont r\u00e9affirm\u00e9 ce mardi leur soutien \u00e0 l&rsquo;interdiction, pr\u00e9vue pour 2035, de la vente de voitures neuves \u00e0 moteur thermique dans l&rsquo;Union europ\u00e9enne, une mesure d\u00e9cid\u00e9e il y a plusieurs ann\u00e9es par Bruxelles mais que Berlin tente par tous les moyens\u00a0<a href=\"http:\/\/www.lefigaro.fr\/societes\/apres-la-sortie-de-friedrich-merz-l-echeance-de-2035-pour-la-fin-des-moteurs-thermiques-est-elle-encore-viable-20251007\" target=\"_blank\" data-fig-type=\"Article\" rel=\"noopener\" data-gtm-custom-categorie=\"navigation\" data-gtm-custom-action=\"crossclick\" data-gtm-custom-label=\"Contextuel\" data-gtm-event=\"customEventSPE\" data-fig-domain=\"LEFIGARO\">de remettre en cause<\/a>. Cette mesure, la plus embl\u00e9matique du\u00a0<a href=\"http:\/\/www.lefigaro.fr\/conjoncture\/competitivite-ou-climat-bataille-sur-l-avenir-du-pacte-vert-europeen-20241204\" data-fig-type=\"Article\" data-gtm-custom-categorie=\"navigation\" data-gtm-custom-action=\"crossclick\" data-gtm-custom-label=\"Contextuel\" data-gtm-event=\"customEventSPE\" data-fig-domain=\"LEFIGARO\" target=\"_blank\" rel=\"noopener\">Pacte vert europ\u00e9en<\/a>, est de plus en plus contest\u00e9e par les constructeurs automobiles, qui r\u00e9clament \u00e0 cor et \u00e0 cri un assouplissement des r\u00e8gles.<\/p>\n<p class=\"fig-paragraph\">\u00c0 ce stade, la Commission europ\u00e9enne assure maintenir le cap, mais la pression monte\u00a0: la loi actuelle pr\u00e9voyait de r\u00e9\u00e9valuer la mesure et ses impacts en 2026. L&rsquo;ex\u00e9cutif europ\u00e9en a promis de se pencher sur le sujet d\u00e8s la fin de l&rsquo;ann\u00e9e. Les industriels esp\u00e8rent que la r\u00e9\u00e9valuation du texte permettra au minimum d&rsquo;introduire des flexibilit\u00e9s, voire de lever tout bonnement cette interdiction. Le\u00a0<a href=\"http:\/\/www.lefigaro.fr\/flash-eco\/friedrich-merz-va-tout-faire-pour-lever-l-interdiction-dans-l-ue-des-voitures-thermiques-neuves-en-2035-20251009\" data-fig-type=\"NewsFlash\" data-gtm-custom-categorie=\"navigation\" data-gtm-custom-action=\"crossclick\" data-gtm-custom-label=\"Contextuel\" data-gtm-event=\"customEventSPE\" data-fig-domain=\"LEFIGARO\" target=\"_blank\" rel=\"noopener\">chancelier allemand<\/a>\u00a0a jet\u00e9 un pav\u00e9 dans la mare d\u00e9but octobre en s&rsquo;engageant \u00e0 \u00abtout faire\u00bb pour lever l&rsquo;interdiction de vente de voitures thermiques en 2035, ce \u00e0 quoi la France et l&rsquo;Espagne s&rsquo;opposent.<\/p>\n<p class=\"fig-body-link\">\n            \u00c0 lire aussi<br \/>\n        <a class=\"fig-body-link__link fig-premium-mark\" href=\"http:\/\/www.lefigaro.fr\/societes\/la-crise-de-l-automobile-allemande-aggravee-par-la-guerre-commerciale-americaine-20250803\" target=\"_blank\" data-fig-type=\"Article\" rel=\"noopener\" data-gtm-custom-categorie=\"navigation\" data-gtm-custom-action=\"crossclick\" data-gtm-custom-label=\"Contextuel\" data-gtm-event=\"customEventSPE\" data-fig-domain=\"LEFIGARO\">La crise de l\u2019automobile allemande aggrav\u00e9e par la guerre commerciale am\u00e9ricaine<br \/>\n    <\/a>\n<\/p>\n<p>                                    <a class=\"fig-a11y-skip a11y-hidden\" href=\"#fig-a11y-skip-main-inarticle\"><br \/>\n        Passer la publicit\u00e9<br \/>\n    <\/a><\/p>\n<p>\u00abUn rep\u00e8re essentiel pour le secteur automobile\u00bb<\/p>\n<p class=\"fig-paragraph\">Dans une missive r\u00e9v\u00e9l\u00e9e par le m\u00e9dia Contexte, les deux pays assurent que la r\u00e9vision pr\u00e9vue par la Commission ne devra \u00aben aucun cas remettre en cause l&rsquo;objectif de z\u00e9ro \u00e9mission\u00bb pour 2035. \u00abL&rsquo;\u00e9ch\u00e9ance de 2035 est un rep\u00e8re essentiel pour le secteur automobile\u00bb, plaident-ils. Les deux pays affirment soutenir \u00abdes flexibilit\u00e9s\u00bb pour le secteur, \u00e0 condition qu&rsquo;ils profitent \u00e0 l&rsquo;industrie automobile europ\u00e9enne.<\/p>\n<p class=\"fig-paragraph\">Cette lettre sera au menu de discussions entre les 27 ministres de l&rsquo;Environnement, mardi en fin d&rsquo;apr\u00e8s-midi. Ces \u00e9changes ont lieu en plein virage pro business au sein de l&rsquo;Union europ\u00e9enne, via notamment la r\u00e9vision de nombreuses mesures environnementales adopt\u00e9es lors du pr\u00e9c\u00e9dent mandat d&rsquo;Ursula von der Leyen.<\/p>\n","protected":false},"excerpt":{"rendered":"Paris et Madrid appellent Bruxelles \u00e0 ne pas c\u00e9der aux demandes d\u2019assouplissement de Berlin, alors que cette mesure&hellip;\n","protected":false},"author":2,"featured_media":479563,"comment_status":"","ping_status":"","sticky":false,"template":"","format":"standard","meta":{"footnotes":""},"categories":[1587],"tags":[11,672,646,1804,1805,1803,1777,674,1801,12,1802,364,4752],"class_list":{"0":"post-479562","1":"post","2":"type-post","3":"status-publish","4":"format-standard","5":"has-post-thumbnail","7":"category-allemagne","8":"tag-actualites","9":"tag-allemagne","10":"tag-automobile","11":"tag-bundesrepublik-deutschland","12":"tag-de","13":"tag-deutschland","14":"tag-eu","15":"tag-europe","16":"tag-germany","17":"tag-news","18":"tag-republique-federale-dallemagne","19":"tag-union-europeenne","20":"tag-voiture"},"share_on_mastodon":{"url":"","error":""},"_links":{"self":[{"href":"https:\/\/www.europesays.com\/fr\/wp-json\/wp\/v2\/posts\/479562","targetHints":{"allow":["GET"]}}],"collection":[{"href":"https:\/\/www.europesays.com\/fr\/wp-json\/wp\/v2\/posts"}],"about":[{"href":"https:\/\/www.europesays.com\/fr\/wp-json\/wp\/v2\/types\/post"}],"author":[{"embeddable":true,"href":"https:\/\/www.europesays.com\/fr\/wp-json\/wp\/v2\/users\/2"}],"replies":[{"embeddable":true,"href":"https:\/\/www.europesays.com\/fr\/wp-json\/wp\/v2\/comments?post=479562"}],"version-history":[{"count":0,"href":"https:\/\/www.europesays.com\/fr\/wp-json\/wp\/v2\/posts\/479562\/revisions"}],"wp:featuredmedia":[{"embeddable":true,"href":"https:\/\/www.europesays.com\/fr\/wp-json\/wp\/v2\/media\/479563"}],"wp:attachment":[{"href":"https:\/\/www.europesays.com\/fr\/wp-json\/wp\/v2\/media?parent=479562"}],"wp:term":[{"taxonomy":"category","embeddable":true,"href":"https:\/\/www.europesays.com\/fr\/wp-json\/wp\/v2\/categories?post=479562"},{"taxonomy":"post_tag","embeddable":true,"href":"https:\/\/www.europesays.com\/fr\/wp-json\/wp\/v2\/tags?post=479562"}],"curies":[{"name":"wp","href":"https:\/\/api.w.org\/{rel}","templated":true}]}}