{"id":479578,"date":"2025-10-21T13:42:12","date_gmt":"2025-10-21T13:42:12","guid":{"rendered":"https:\/\/www.europesays.com\/fr\/479578\/"},"modified":"2025-10-21T13:42:12","modified_gmt":"2025-10-21T13:42:12","slug":"un-forfait-qui-ne-passe-pas-sinner-renonce-a-la-coupe-davis-a-domicile-une-veritable-gifle-en-italie-rmc-sport","status":"publish","type":"post","link":"https:\/\/www.europesays.com\/fr\/479578\/","title":{"rendered":"Un forfait qui ne passe pas: Sinner renonce \u00e0 la Coupe Davis \u00e0 domicile, une &quot;v\u00e9ritable gifle&quot; en Italie &#8211; RMC Sport"},"content":{"rendered":"<ol>\n<li><a href=\"https:\/\/news.google.com\/rss\/articles\/CBMi-wFBVV95cUxOS0huSWVpN3FWYi1OOEtzaFhEbmpaQ2diZ2lLLVdwVk5VZGs3VjladFhZMkd2ZUhzSF9KUWUwek12YWptUHBDa0FOY2VoeXhjb1NRLVYtUExPNUp3dEU1eEhQRkFXTnpWRnhEWC1tT2V6YklEYy1qVmdFMHdKaVNkUkh5OUZpY1FDZV9ESlZ1dlQyNVJGZkFKdlJCZVJxbnNKN3c4VlF5VUFaZ2VrSnNZT2pXRElqZkRENzNBMWl2Z0JxUk00NlctN2l4bUc2dGdxZlA0eVVLSjBhTVlzRy0zb3d2WG1yMmlqNXhIV201R2tXUGRuT1Z1RU5WUQ?oc=5\" target=\"_blank\" rel=\"nofollow noopener\">Un forfait qui ne passe pas: Sinner renonce \u00e0 la Coupe Davis \u00e0 domicile, une \u00ab\u00a0v\u00e9ritable gifle\u00a0\u00bb en Italie<\/a>&nbsp;&nbsp;RMC Sport<\/li>\n<li><a href=\"https:\/\/news.google.com\/rss\/articles\/CBMi-wFBVV95cUxObFVKOERSX2d3UVBpLUNiMXZJcXpjdE9QSGd2aFNZODFueFdhbXRfRGJMQlZlWXluUEFBMVhzSHZZUzZqN0tPWjVoMHlybF9lN19hbVdGZHVlY292c3ZKbUhEc18teS1OT3NyaDlIOGxoTDVCbm1UQmNxRG5MUnBqd3ZjUjBkbW5VN3V1VnNTckpvZVR2TG5QWUwwX0JycWJYVzRob1ZtdkplZ1hGUWxibE8tYWxadFFsZTF4bmxtMWN2ZWxsRjdZM280MXZzNV92SWNKNm9MVTY1YndQUWtjMThQZl8tanRsTmJqUE80RS1jN0U0WXByeFFOOA?oc=5\" target=\"_blank\" rel=\"nofollow noopener\">\u00abJannik, nous t&rsquo;aimons, et toi ?\u00bb : le forfait de Sinner pour la phase finale de la Coupe Davis \u00e0 Bologne passe mal en Italie<\/a>&nbsp;&nbsp;L&rsquo;\u00c9quipe<\/li>\n<li><a href=\"https:\/\/news.google.com\/rss\/articles\/CBMisgFBVV95cUxOQXRwRzlaRGxicEFNTEp1VmZEY0ViLThCMVkzVWNqNVFhQXpSazJRc0NWbU4zN25SaEZ2c0VVbFdCTkNRX2FIcURkRW1KTWkxdmh5NG1pM3ZsZFhDNFBTMW9kWXZCdF84T1F2QXgxbnM0bEo5QlhmMHRjc1ViY2tMREdhNnByaS1kRTZJTFo2WmY2YWR0N21zTlRWSFQ0WFJhWEZLcm50OFRNaTBUcHQ4TWxB0gGwAUFVX3lxTFBQY0xkdS1BbXppSVFFZkt1MURVVDFjTkV6bTl6VG9hMWhHMGhFUUJxTnlCbFZxTTF3dkZuN2dicWxBZkpmaVJEamgtQWR2V1VOVFI5ZThIWjZsd05EdkJ3ZVhrR1JmQlVfNnlTRDNDQ2w4bnJEam9reDhueko1WW5ueW9xaDJ5eWRGajZmRHRQWmgxdWp1YjFWOEtHTmZqT0MxSVF3b1lkQzVQTGVuOWtz?oc=5\" target=\"_blank\" rel=\"nofollow noopener\">Coupe Davis : Sinner absent, Alcaraz et Zverev pr\u00e9sents<\/a>&nbsp;&nbsp;Sports &#8211; Orange<\/li>\n<li><a href=\"https:\/\/news.google.com\/rss\/articles\/CBMixgFBVV95cUxOQ2lCUzlIeHIxY2dQRkEwVm9JdVpQSGQyTS1NRHlFUmFUeVJwWlVHZzZJc2x0NEJMc2pMTHNmTDE5bkJFN1c2S3E1RDEwRkJia1A0elI1cnJzaVcxaEhPSm9tZ3NmRUp3MkN6SHNQRGUxd25zWkJTT3VOLVdqbXZaQm5sSG1hQ1hOT3NyRU9teW5NMHN2VXAwV2wza3RMQ0s1aWh6MVVubko4OVNnU2dLQVZBemNJWVhYRWNLZVB4WjlmRDBDdmc?oc=5\" target=\"_blank\" rel=\"nofollow noopener\">Coupe Davis: Alcaraz et Zverev s\u00e9lectionn\u00e9s pour les quarts de finale<\/a>&nbsp;&nbsp;Le Figaro<\/li>\n<li><a href=\"https:\/\/news.google.com\/rss\/articles\/CBMi2AFBVV95cUxPR3MwZ0c3ZVVfNHBNRmg2VlhTb2JESklwWFBxZWRKUG1ZLUN1S0dMV19EZXNaWnVaZUQ0OEhra3ZGUEV3ZndUdHczTTNpbXhPNXZCTkVhZEtGMVg4cTduUlRwMW1rbjlhX0t5bV95aVRWM0lVNlh5YUVCckhYdEtLSGI1bnBDWGU4TWtTVW1LbVl2NFR2czRzZll6eEhGZEFkeUJvVjJHd3c4eXVfcEFXMExKdnFmV2RZRjl3dmRZUlJjVEVEcjFhNWFIZjFMdGNBUUI4MDRkel8?oc=5\" target=\"_blank\" rel=\"nofollow noopener\">Coupe Davis 2025 : Jannik Sinner pr\u00e9f\u00e8re renoncer pour la phase finale<\/a>&nbsp;&nbsp;Eurosport<\/li>\n<\/ol>\n","protected":false},"excerpt":{"rendered":"Un forfait qui ne passe pas: Sinner renonce \u00e0 la Coupe Davis \u00e0 domicile, une \u00ab\u00a0v\u00e9ritable gifle\u00a0\u00bb en&hellip;\n","protected":false},"author":2,"featured_media":395849,"comment_status":"","ping_status":"","sticky":false,"template":"","format":"standard","meta":{"footnotes":""},"categories":[1415],"tags":[1011,27,60,1467],"class_list":{"0":"post-479578","1":"post","2":"type-post","3":"status-publish","4":"format-standard","5":"has-post-thumbnail","7":"category-tennis","8":"tag-fr","9":"tag-france","10":"tag-sports","11":"tag-tennis"},"share_on_mastodon":{"url":"https:\/\/pubeurope.com\/@fr\/115412450864752634","error":""},"_links":{"self":[{"href":"https:\/\/www.europesays.com\/fr\/wp-json\/wp\/v2\/posts\/479578","targetHints":{"allow":["GET"]}}],"collection":[{"href":"https:\/\/www.europesays.com\/fr\/wp-json\/wp\/v2\/posts"}],"about":[{"href":"https:\/\/www.europesays.com\/fr\/wp-json\/wp\/v2\/types\/post"}],"author":[{"embeddable":true,"href":"https:\/\/www.europesays.com\/fr\/wp-json\/wp\/v2\/users\/2"}],"replies":[{"embeddable":true,"href":"https:\/\/www.europesays.com\/fr\/wp-json\/wp\/v2\/comments?post=479578"}],"version-history":[{"count":0,"href":"https:\/\/www.europesays.com\/fr\/wp-json\/wp\/v2\/posts\/479578\/revisions"}],"wp:featuredmedia":[{"embeddable":true,"href":"https:\/\/www.europesays.com\/fr\/wp-json\/wp\/v2\/media\/395849"}],"wp:attachment":[{"href":"https:\/\/www.europesays.com\/fr\/wp-json\/wp\/v2\/media?parent=479578"}],"wp:term":[{"taxonomy":"category","embeddable":true,"href":"https:\/\/www.europesays.com\/fr\/wp-json\/wp\/v2\/categories?post=479578"},{"taxonomy":"post_tag","embeddable":true,"href":"https:\/\/www.europesays.com\/fr\/wp-json\/wp\/v2\/tags?post=479578"}],"curies":[{"name":"wp","href":"https:\/\/api.w.org\/{rel}","templated":true}]}}