{"id":479581,"date":"2025-10-21T13:45:13","date_gmt":"2025-10-21T13:45:13","guid":{"rendered":"https:\/\/www.europesays.com\/fr\/479581\/"},"modified":"2025-10-21T13:45:13","modified_gmt":"2025-10-21T13:45:13","slug":"ocon-regrette-avoir-servi-dexemple-avec-sa-strategie-ratee","status":"publish","type":"post","link":"https:\/\/www.europesays.com\/fr\/479581\/","title":{"rendered":"Ocon regrette avoir \u00ab\u00a0servi d\u2019exemple\u00a0\u00bb avec sa strat\u00e9gie rat\u00e9e"},"content":{"rendered":"<p>Apr\u00e8s avoir \u00e9t\u00e9 contraint d&rsquo;abandonner en sprint suite \u00e0 un accrochage avec <a href=\"https:\/\/fr.motorsport.com\/driver\/lance-stroll\/96414\/\" target=\"_blank\" rel=\"noopener\">Lance Stroll<\/a>, <a href=\"https:\/\/fr.motorsport.com\/driver\/esteban-ocon\/95096\/\" target=\"_blank\" rel=\"noopener\">Esteban Ocon<\/a> avait l&rsquo;espoir de remonter dans les points lors de la course principale \u00e0 Austin. Qualifi\u00e9 17e sur la grille de d\u00e9part, le pilote <a href=\"https:\/\/fr.motorsport.com\/team\/haas\/1949\/\" target=\"_blank\" rel=\"noopener\">Haas<\/a> a tent\u00e9 une strat\u00e9gie d\u00e9cal\u00e9e en d\u00e9marrant l&rsquo;\u00e9preuve en pneus durs, \u00e0 l&rsquo;instar d&rsquo;<a href=\"https:\/\/fr.motorsport.com\/driver\/isack-hadjar\/876622\/\" target=\"_blank\" rel=\"noopener\">Isack Hadjar<\/a> et d&rsquo;<a href=\"https:\/\/fr.motorsport.com\/driver\/alexander-albon\/109635\/\" target=\"_blank\" rel=\"noopener\">Alexander Albon<\/a>.\u00a0<\/p>\n<p>N\u00e9anmoins, alors que le but d&rsquo;une strat\u00e9gie entam\u00e9e en gommes dure est de faire tenir le train le plus longtemps possible, Ocon est pass\u00e9 au stand d\u00e8s le 25e tour. En r\u00e9alit\u00e9, les pneus durs n&rsquo;\u00e9taient absolument pas performants sur le circuit am\u00e9ricain et le rythme tr\u00e8s peu rapide des trois pilotes en gommes \u00e0 flancs blancs a permis \u00e0 toute la grille d&rsquo;\u00e9viter ce pneu jusqu&rsquo;\u00e0 la fin de la course.<\/p>\n<p>\u00ab\u00a0Je pense qu&rsquo;on a surtout servi d&rsquo;exemple, Alex, Isack et moi, pour tout le plateau, en montrant qu&rsquo;il ne fallait pas utiliser les durs\u00a0\u00bb, a l\u00e2ch\u00e9 le Fran\u00e7ais. \u00ab\u00a0C&rsquo;\u00e9tait le pneu qui ne marchait pas du tout sur ce circuit. J&rsquo;ai pris un bon d\u00e9part, gagn\u00e9 trois ou quatre positions. C&rsquo;\u00e9tait pas mal apr\u00e8s le premier virage. Mais malheureusement, j&rsquo;ai tout perdu au bout de trois tours : je n&rsquo;avais plus de rythme, je glissais \u00e9norm\u00e9ment.\u00a0\u00bb<\/p>\n<p>\u00ab\u00a0C&rsquo;\u00e9tait extr\u00eamement difficile en piste. Et quand on est repass\u00e9s aux stands pour chausser les mediums 25 tours plus tard, le rythme \u00e9tait correct, similaire \u00e0 celui des pilotes devant, mais je ne pouvais plus rattraper ce qu&rsquo;on avait perdu. Donc, oui, on n&rsquo;a pas fait le bon choix sur cette course.\u00a0\u00bb<\/p>\n<p>   <img decoding=\"async\" draggable=\"false\" src=\"https:\/\/www.europesays.com\/fr\/wp-content\/uploads\/2025\/10\/1761054313_196_andrea-kimi-antonelli-mercedes.jpg\" alt=\"Esteban Ocon, Haas F1 Team\" width=\"1200\" height=\"800\" loading=\"lazy\"\/> <\/p>\n<p class=\"title\">Esteban Ocon, Haas F1 Team<\/p>\n<p class=\"photographer\">Photo de: Andy Hone\/ LAT Images via Getty Images<\/p>\n<p>Esteban Ocon a tenu \u00e0 saluer la performance d&rsquo;<a href=\"https:\/\/fr.motorsport.com\/driver\/oliver-bearman\/878515\/\" target=\"_blank\" rel=\"noopener\">Oliver Bearman<\/a>, entr\u00e9 dans les points avec une Haas \u00e9quip\u00e9e de nouvelles \u00e9volutions ce week-end. Si le rookie anglais s&rsquo;en est plut\u00f4t bien sorti en piste, Ocon, lui, a rencontr\u00e9 beaucoup plus de difficult\u00e9s au volant de sa monoplace am\u00e9lior\u00e9e.<\/p>\n<p>\u00ab\u00a0C&rsquo;est une bonne chose pour l&rsquo;\u00e9quipe d&rsquo;avoir marqu\u00e9 deux points ce week-end\u00a0\u00bb, a-t-il d\u00e9clar\u00e9. \u00ab\u00a0C&rsquo;est bien aussi que l&rsquo;\u00e9quipe ait apport\u00e9 une mise \u00e0 jour. Mais dans l&rsquo;ensemble, le week-end a \u00e9t\u00e9 tr\u00e8s compliqu\u00e9 pour moi dans les virages rapides.\u00a0\u00bb<\/p>\n<p>\u00ab\u00a0Je n&rsquo;arrivais pas vraiment \u00e0 faire tourner la voiture, j&rsquo;ai d\u00fb \u00e9norm\u00e9ment r\u00e9duire l&rsquo;\u00e9quilibre a\u00e9ro, et on ne peut pas rouler avec les m\u00eames r\u00e9glages sur les deux voitures. C&rsquo;est ce qu&rsquo;il va falloir analyser et comprendre pour la prochaine course.\u00a0\u00bb<\/p>\n<p>Confiant malgr\u00e9 tout, le Fran\u00e7ais\u00a0 veut rebondir d\u00e8s Mexico cette semaine, sur un circuit sur lequel Haas avait brill\u00e9 l&rsquo;an dernier, puisque les deux monoplaces s&rsquo;\u00e9taient qualifi\u00e9es et avaient termin\u00e9es le Grand Prix dans le top 10 : \u00ab\u00a0On va se battre au Mexique pour \u00eatre \u00e0 notre place. L\u00e0-bas, les compromis sont tr\u00e8s diff\u00e9rents, donc on verra ce qu&rsquo;on peut faire.\u00a0\u00bb<\/p>\n<p style=\"text-align: right;\">Avec\u00a0Federico Faturos et Stuart Codling<\/p>\n<p>Lire aussi :<\/p>\n<p>            Votre avis nous int\u00e9resse !<\/p>\n<p class=\"mt-auto\">Qu&rsquo;aimeriez-vous voir sur Motorsport.com ?<\/p>\n<p>            <a href=\"#\" class=\"ms-link text-link font-bold\">R\u00e9pondez \u00e0 notre enqu\u00eate de 5 minutes.<\/a><\/p>\n<p class=\"mt-1 font-info text-body\">&#8211; L&rsquo;\u00e9quipe Motorsport.com<\/p>\n","protected":false},"excerpt":{"rendered":"Apr\u00e8s avoir \u00e9t\u00e9 contraint d&rsquo;abandonner en sprint suite \u00e0 un accrochage avec Lance Stroll, Esteban Ocon avait l&rsquo;espoir&hellip;\n","protected":false},"author":2,"featured_media":479582,"comment_status":"","ping_status":"","sticky":false,"template":"","format":"standard","meta":{"footnotes":""},"categories":[1412],"tags":[2077,2249,1451,1452,1453,1454,1455,1011,27,59403,4443,60288,60],"class_list":{"0":"post-479581","1":"post","2":"type-post","3":"status-publish","4":"format-standard","5":"has-post-thumbnail","7":"category-f1","8":"tag-circuit-of-the-americas","9":"tag-esteban-ocon","10":"tag-f1","11":"tag-formula-1","12":"tag-formula1","13":"tag-formule-1","14":"tag-formule1","15":"tag-fr","16":"tag-france","17":"tag-gp-des-u00c9tats-unis","18":"tag-haas","19":"tag-ocon-regrette-avoir-servi-du2019exemple-avec-sa-stratu00e9gie-ratu00e9e","20":"tag-sports"},"share_on_mastodon":{"url":"https:\/\/pubeurope.com\/@fr\/115412463378800873","error":""},"_links":{"self":[{"href":"https:\/\/www.europesays.com\/fr\/wp-json\/wp\/v2\/posts\/479581","targetHints":{"allow":["GET"]}}],"collection":[{"href":"https:\/\/www.europesays.com\/fr\/wp-json\/wp\/v2\/posts"}],"about":[{"href":"https:\/\/www.europesays.com\/fr\/wp-json\/wp\/v2\/types\/post"}],"author":[{"embeddable":true,"href":"https:\/\/www.europesays.com\/fr\/wp-json\/wp\/v2\/users\/2"}],"replies":[{"embeddable":true,"href":"https:\/\/www.europesays.com\/fr\/wp-json\/wp\/v2\/comments?post=479581"}],"version-history":[{"count":0,"href":"https:\/\/www.europesays.com\/fr\/wp-json\/wp\/v2\/posts\/479581\/revisions"}],"wp:featuredmedia":[{"embeddable":true,"href":"https:\/\/www.europesays.com\/fr\/wp-json\/wp\/v2\/media\/479582"}],"wp:attachment":[{"href":"https:\/\/www.europesays.com\/fr\/wp-json\/wp\/v2\/media?parent=479581"}],"wp:term":[{"taxonomy":"category","embeddable":true,"href":"https:\/\/www.europesays.com\/fr\/wp-json\/wp\/v2\/categories?post=479581"},{"taxonomy":"post_tag","embeddable":true,"href":"https:\/\/www.europesays.com\/fr\/wp-json\/wp\/v2\/tags?post=479581"}],"curies":[{"name":"wp","href":"https:\/\/api.w.org\/{rel}","templated":true}]}}