{"id":47959,"date":"2025-04-24T01:12:11","date_gmt":"2025-04-24T01:12:11","guid":{"rendered":"https:\/\/www.europesays.com\/fr\/47959\/"},"modified":"2025-04-24T01:12:11","modified_gmt":"2025-04-24T01:12:11","slug":"puck-pieterse-confirme-son-talent-en-remportant-la-fleche-wallonne-feminine","status":"publish","type":"post","link":"https:\/\/www.europesays.com\/fr\/47959\/","title":{"rendered":"Puck Pieterse confirme son talent en remportant la Fl\u00e8che Wallonne f\u00e9minine"},"content":{"rendered":"<p>La jeune et polyvalente N\u00e9erlandaise Puck Pieterse a confirm\u00e9 son talent en remportant la Fl\u00e8che Wallonne f\u00e9minine devant sa compatriote Demi Vollering mercredi au sommet du mur de Huy.<\/p>\n<p>\u00ab\u00a0J&rsquo;ai attaqu\u00e9 l\u00e0 o\u00f9 tout le monde m&rsquo;a dit d&rsquo;attaquer. Pour une fois j&rsquo;ai \u00e9cout\u00e9 mes directeurs sportifs\u00a0\u00bb, a comment\u00e9 Pieterse, 22 ans, apr\u00e8s avoir d\u00e9croch\u00e9 la deuxi\u00e8me victoire de sa carri\u00e8re apr\u00e8s son \u00e9tape du Tour de France l&rsquo;an dernier.<\/p>\n<p>La coureuse de l&rsquo;\u00e9quipe Fenix-Deceuninck a d\u00e9bord\u00e9 dans les derniers m\u00e8tres du redoutable mur de Huy l&rsquo;une des grandes favorites, Demi Vollering, qui n&rsquo;a pas r\u00e9ussi \u00e0 profiter de l&rsquo;\u00e9norme travail abattu par sa co\u00e9quipi\u00e8re fran\u00e7aise Juliette Labous, elle-m\u00eame septi\u00e8me.<\/p>\n<p>Acc\u00e9l\u00e9rant juste avant la ligne, Pieterse s&rsquo;est impos\u00e9e avec deux secondes d&rsquo;avance. L&rsquo;Italienne Elisa Longo Borghini compl\u00e8te le podium, juste devant la Polonaise Katarzyna Niewiadoma, qui l&rsquo;avait emport\u00e9 l&rsquo;an dernier.<\/p>\n<p>La victoire de Pieterse consacre un talent qui s&rsquo;exprime aussi en cyclo-cross o\u00f9 elle est devenue championne du monde en 2024 et en VTT (troisi\u00e8me aux Mondiaux-2023 et quatri\u00e8me aux JO-2024).<\/p>\n<p>Sa victoire r\u00e9compense \u00e9galement une belle campagne des classiques sur la route pour celle qui avait termin\u00e9 quatri\u00e8me d&rsquo;A travers la Flandre, neuvi\u00e8me du Tour des Flandres et troisi\u00e8me de l&rsquo;Amstel Gold Race dimanche dernier.<\/p>\n<p>En dix courses d&rsquo;un jour cette saison, elle a termin\u00e9 dans le Top 10 \u00e0 chaque fois, preuve d&rsquo;une r\u00e9gularit\u00e9 remarquable.<\/p>\n<p>jk\/ole<\/p>\n","protected":false},"excerpt":{"rendered":"La jeune et polyvalente N\u00e9erlandaise Puck Pieterse a confirm\u00e9 son talent en remportant la Fl\u00e8che Wallonne f\u00e9minine devant&hellip;\n","protected":false},"author":2,"featured_media":47960,"comment_status":"","ping_status":"","sticky":false,"template":"","format":"standard","meta":{"footnotes":""},"categories":[1411],"tags":[1154,207,13896,13894,13892,11762,1011,27,13895,13893,60,522],"class_list":{"0":"post-47959","1":"post","2":"type-post","3":"status-publish","4":"format-standard","5":"has-post-thumbnail","7":"category-cyclisme","8":"tag-cycling","9":"tag-cyclisme","10":"tag-demi-vollering","11":"tag-elisa-longo-borghini","12":"tag-etape-du-tour-de-france","13":"tag-fleche-wallonne","14":"tag-fr","15":"tag-france","16":"tag-mur-de-huy","17":"tag-puck-pieterse","18":"tag-sports","19":"tag-tour-des-flandres"},"share_on_mastodon":{"url":"https:\/\/pubeurope.com\/@fr\/114390285921617488","error":""},"_links":{"self":[{"href":"https:\/\/www.europesays.com\/fr\/wp-json\/wp\/v2\/posts\/47959","targetHints":{"allow":["GET"]}}],"collection":[{"href":"https:\/\/www.europesays.com\/fr\/wp-json\/wp\/v2\/posts"}],"about":[{"href":"https:\/\/www.europesays.com\/fr\/wp-json\/wp\/v2\/types\/post"}],"author":[{"embeddable":true,"href":"https:\/\/www.europesays.com\/fr\/wp-json\/wp\/v2\/users\/2"}],"replies":[{"embeddable":true,"href":"https:\/\/www.europesays.com\/fr\/wp-json\/wp\/v2\/comments?post=47959"}],"version-history":[{"count":0,"href":"https:\/\/www.europesays.com\/fr\/wp-json\/wp\/v2\/posts\/47959\/revisions"}],"wp:featuredmedia":[{"embeddable":true,"href":"https:\/\/www.europesays.com\/fr\/wp-json\/wp\/v2\/media\/47960"}],"wp:attachment":[{"href":"https:\/\/www.europesays.com\/fr\/wp-json\/wp\/v2\/media?parent=47959"}],"wp:term":[{"taxonomy":"category","embeddable":true,"href":"https:\/\/www.europesays.com\/fr\/wp-json\/wp\/v2\/categories?post=47959"},{"taxonomy":"post_tag","embeddable":true,"href":"https:\/\/www.europesays.com\/fr\/wp-json\/wp\/v2\/tags?post=47959"}],"curies":[{"name":"wp","href":"https:\/\/api.w.org\/{rel}","templated":true}]}}