{"id":479590,"date":"2025-10-21T13:50:17","date_gmt":"2025-10-21T13:50:17","guid":{"rendered":"https:\/\/www.europesays.com\/fr\/479590\/"},"modified":"2025-10-21T13:50:17","modified_gmt":"2025-10-21T13:50:17","slug":"seance-de-dedicaces-a-la-bibliotheque-de-beruges","status":"publish","type":"post","link":"https:\/\/www.europesays.com\/fr\/479590\/","title":{"rendered":"S\u00e9ance de d\u00e9dicaces \u00e0 la biblioth\u00e8que de B\u00e9ruges"},"content":{"rendered":"<p>La biblioth\u00e8que Marie-France-Brunet a accueilli quatre auteurs et autrices le samedi 11\u00a0octobre 2025 pour une s\u00e9ance d\u2019\u00e9change et de d\u00e9dicace avec le public. De \u00ab\u00a0belles rencontres, tr\u00e8s enrichissantes\u00a0\u00bb d\u2019apr\u00e8s Kathleen Mazouin, laur\u00e9ate du prix Histoire du Salon de g\u00e9n\u00e9alogie pour son roman Si loin de l\u2019Acadie. De son c\u00f4t\u00e9, Serge Boutet a pu \u00e9voquer sa passion&#8230; <\/p>\n<p>    Cet article a \u00e9t\u00e9 tronqu\u00e9. Abonnez-vous pour lire l&rsquo;article complet sur notre site.<\/p>\n<p style=\"margin: 0 !important; padding: 0 !important; font-size: 12px !important;\">Cet article a \u00e9t\u00e9 tronqu\u00e9. Abonnez-vous pour lire l&rsquo;article complet.<\/p>\n<p>    <a href=\"https:\/\/www.lanouvellerepublique.fr\/abonnements\" style=\"display: inline-block; margin-top: 5px !important; padding: 6px 12px !important; background: #cb1c27; color: white; text-decoration: none; border-radius: 4px; font-size: 12px !important;\" target=\"_blank\" rel=\"noopener\"><br \/>\n      S&rsquo;abonner<br \/>\n    <\/a><\/p>\n","protected":false},"excerpt":{"rendered":"La biblioth\u00e8que Marie-France-Brunet a accueilli quatre auteurs et autrices le samedi 11\u00a0octobre 2025 pour une s\u00e9ance d\u2019\u00e9change et&hellip;\n","protected":false},"author":2,"featured_media":479591,"comment_status":"","ping_status":"","sticky":false,"template":"","format":"standard","meta":{"footnotes":""},"categories":[1357],"tags":[60289,1379,1674,58,59,1011,27,1380],"class_list":{"0":"post-479590","1":"post","2":"type-post","3":"status-publish","4":"format-standard","5":"has-post-thumbnail","7":"category-livres","8":"tag-beruges","9":"tag-books","10":"tag-communes","11":"tag-divertissement","12":"tag-entertainment","13":"tag-fr","14":"tag-france","15":"tag-livres"},"share_on_mastodon":{"url":"https:\/\/pubeurope.com\/@fr\/115412482414701542","error":""},"_links":{"self":[{"href":"https:\/\/www.europesays.com\/fr\/wp-json\/wp\/v2\/posts\/479590","targetHints":{"allow":["GET"]}}],"collection":[{"href":"https:\/\/www.europesays.com\/fr\/wp-json\/wp\/v2\/posts"}],"about":[{"href":"https:\/\/www.europesays.com\/fr\/wp-json\/wp\/v2\/types\/post"}],"author":[{"embeddable":true,"href":"https:\/\/www.europesays.com\/fr\/wp-json\/wp\/v2\/users\/2"}],"replies":[{"embeddable":true,"href":"https:\/\/www.europesays.com\/fr\/wp-json\/wp\/v2\/comments?post=479590"}],"version-history":[{"count":0,"href":"https:\/\/www.europesays.com\/fr\/wp-json\/wp\/v2\/posts\/479590\/revisions"}],"wp:featuredmedia":[{"embeddable":true,"href":"https:\/\/www.europesays.com\/fr\/wp-json\/wp\/v2\/media\/479591"}],"wp:attachment":[{"href":"https:\/\/www.europesays.com\/fr\/wp-json\/wp\/v2\/media?parent=479590"}],"wp:term":[{"taxonomy":"category","embeddable":true,"href":"https:\/\/www.europesays.com\/fr\/wp-json\/wp\/v2\/categories?post=479590"},{"taxonomy":"post_tag","embeddable":true,"href":"https:\/\/www.europesays.com\/fr\/wp-json\/wp\/v2\/tags?post=479590"}],"curies":[{"name":"wp","href":"https:\/\/api.w.org\/{rel}","templated":true}]}}