{"id":479594,"date":"2025-10-21T13:52:14","date_gmt":"2025-10-21T13:52:14","guid":{"rendered":"https:\/\/www.europesays.com\/fr\/479594\/"},"modified":"2025-10-21T13:52:14","modified_gmt":"2025-10-21T13:52:14","slug":"nolwenn-leroy-sa-maison-de-reve-en-provence-quelle-partage-avec-arnaud-clement-et-leur-fils","status":"publish","type":"post","link":"https:\/\/www.europesays.com\/fr\/479594\/","title":{"rendered":"Nolwenn Leroy : sa maison de r\u00eave en Provence qu&rsquo;elle partage avec Arnaud Cl\u00e9ment et leur fils"},"content":{"rendered":"<p>Connue pour sa voix envo\u00fbtante et son authenticit\u00e9, Nolwenn<br \/>\nLeroy a d\u00e9cid\u00e9 de s&rsquo;installer loin de l&rsquo;effervescence de Paris et<br \/>\nde sa Bretagne d&rsquo;origine. En couple avec le tennisman Arnaud<br \/>\nCl\u00e9ment, avec qui elle a un fils pr\u00e9nomm\u00e9 Marin, la chanteuse a<br \/>\nchoisi de vivre dans une maison proche d&rsquo;Aix-en-Provence, d&rsquo;apr\u00e8s<br \/>\n<a href=\"https:\/\/www.lejournaldelamaison.fr\/le-journal-de-la-maison\/reportages-maisons\/nolwenn-leroy-bonheur-maison-familiale-provence-471132.html#item=1\" target=\"_blank\" rel=\"noopener\"><br \/>\nLe Journal de la Maison<\/a>.<\/p>\n<p>Ensemble depuis une quinzaine d&rsquo;ann\u00e9es, <strong>le couple semble<br \/>\nenfin avoir trouv\u00e9 l&rsquo;\u00e9quilibre parfait<\/strong> entre leur carri\u00e8re<br \/>\nrespective et leur vie de famille. Nolwenn, entre ses concerts et<br \/>\nautres engagements musicaux et ses apparitions \u00e0 la t\u00e9l\u00e9vision, et<br \/>\nArnaud, d\u00e9sormais directeur de l&rsquo;Open du Pays d&rsquo;Aix, ont<br \/>\nvisiblement su se cr\u00e9er un cocon familial dans lequel ils se<br \/>\nsentent bien.<\/p>\n<p>Une maison au charme proven\u00e7al<\/p>\n<blockquote class=\"instagram-media\" style=\"background: #ffffff;border: 0;margin: 1px;width: 100%;padding: 0;max-width: 500px;\" data-instgrm-permalink=\"https:\/\/www.instagram.com\/p\/CSw1S_GDTIL\/?hl=fr\" data-instgrm-version=\"14\"\/>\n<p>La maison que le couple a choisie respire l&rsquo;authenticit\u00e9 du sud.<br \/>\nSitu\u00e9e \u00e0 tout juste quelques kilom\u00e8tres d&rsquo;Aix-en-Provence, elle se<br \/>\ndresse au c\u0153ur d&rsquo;<strong>un important terrain sur lequel sont<br \/>\nplant\u00e9s de nombreux oliviers centenaires<\/strong> qui rappellent<br \/>\nimm\u00e9diatement l&rsquo;atmosph\u00e8re et la douceur de la Provence. \u00ab\u00a0C&rsquo;est<br \/>\nmon deuxi\u00e8me chez moi\u00a0\u00bb, expliquait la chanteuse en 2013 au<br \/>\nm\u00e9dia\u00a0<strong>La Provence<\/strong>, \u00ab\u00a0Mon c\u0153ur est<br \/>\nl\u00e0-bas. La Provence m&rsquo;a toujours fascin\u00e9 \u00e0 travers les romans de<br \/>\nPagnol, je m&rsquo;y balade beaucoup, c&rsquo;est facile de s&rsquo;y sentir<br \/>\nbien\u00a0\u00bb.<\/p>\n<p>On imagine facilement une maison \u00e0 l&rsquo;image de Nolwenn Leroy :<br \/>\n<strong>chaleureuse et authentique<\/strong>. Elle serait meubl\u00e9e<br \/>\navec des meubles en bois sur lesquels tr\u00f4neraient des objets<br \/>\nartisanaux et des souvenirs de <a href=\"https:\/\/www.closermag.fr\/royautes\/kate-middleton-ce-voyage-de-toute-une-vie-quelle-projette-de-faire-avec-ses-trois-enfants-3528124\" target=\"_blank\" rel=\"noopener\"><br \/>\nvoyage<\/a>. Avec ses grandes ouvertures, la maison pourrait ainsi<br \/>\naccueillir la lumi\u00e8re et la chaleur du soleil, offrant ainsi un<br \/>\nint\u00e9rieur unique.<\/p>\n<p>Une proximit\u00e9 unique avec la<br \/>\nnature<\/p>\n<blockquote class=\"instagram-media\" style=\"background: #ffffff;border: 0;margin: 1px;width: 100%;padding: 0;max-width: 500px;\" data-instgrm-permalink=\"https:\/\/www.instagram.com\/p\/Cjx_wsSjAyb\/?hl=fr&amp;img_index=1\" data-instgrm-version=\"14\"\/>\n<p>Gr\u00e2ce \u00e0 son emplacement, la maison du couple leur offre une<br \/>\nproximit\u00e9 unique avec la nature environnante. Une nature que la<br \/>\npetite famille semble particuli\u00e8rement appr\u00e9cier.<br \/>\n\u00ab\u00a0<strong>J&rsquo;adore la rando.<\/strong> Mais je fais des petites<br \/>\nrandos parce qu&rsquo;en famille, mon gar\u00e7on est encore petit, et puis<br \/>\nsouvent, il veut qu&rsquo;on le prenne sur les \u00e9paules\u00a0\u00bb, expliqu\u00e9 il<br \/>\ny a quelques ann\u00e9es Nolwenn Leroy.<\/p>\n<p>N\u00e9 en 2017, on imagine ais\u00e9ment le jeune Marin vivre <strong>des<br \/>\naventures similaires \u00e0 celles de Marcel Pagnol<\/strong> lorsqu&rsquo;il<br \/>\n\u00e9tait lui-m\u00eame enfant. Entre mer et montagne, la r\u00e9gion d&rsquo;<a href=\"https:\/\/www.closermag.fr\/vecu\/aix-en-provence-a-85-ans-elle-se-rend-a-lhopital-avec-sa-fille-et-finit-morte-dans-un-container-3411605\" target=\"_blank\" rel=\"noopener\">Aix-en-Provence<\/a><br \/>\npermet en effet de d\u00e9couvrir de nombreux paysages et de s&rsquo;\u00e9panouir<br \/>\ntout en d\u00e9couvrant la nature.<\/p>\n<p><script async src=\"\/\/www.instagram.com\/embed.js\"><\/script><\/p>\n","protected":false},"excerpt":{"rendered":"Connue pour sa voix envo\u00fbtante et son authenticit\u00e9, Nolwenn Leroy a d\u00e9cid\u00e9 de s&rsquo;installer loin de l&rsquo;effervescence de&hellip;\n","protected":false},"author":2,"featured_media":479595,"comment_status":"","ping_status":"","sticky":false,"template":"","format":"standard","meta":{"footnotes":""},"categories":[1355],"tags":[548,58,59,1011,27,1361,873,35954,973,6055],"class_list":{"0":"post-479594","1":"post","2":"type-post","3":"status-publish","4":"format-standard","5":"has-post-thumbnail","7":"category-musique","8":"tag-article-simple","9":"tag-divertissement","10":"tag-entertainment","11":"tag-fr","12":"tag-france","13":"tag-music","14":"tag-musique","15":"tag-nolwenn-leroy","16":"tag-people","17":"tag-republishing"},"share_on_mastodon":{"url":"https:\/\/pubeurope.com\/@fr\/115412490337974153","error":""},"_links":{"self":[{"href":"https:\/\/www.europesays.com\/fr\/wp-json\/wp\/v2\/posts\/479594","targetHints":{"allow":["GET"]}}],"collection":[{"href":"https:\/\/www.europesays.com\/fr\/wp-json\/wp\/v2\/posts"}],"about":[{"href":"https:\/\/www.europesays.com\/fr\/wp-json\/wp\/v2\/types\/post"}],"author":[{"embeddable":true,"href":"https:\/\/www.europesays.com\/fr\/wp-json\/wp\/v2\/users\/2"}],"replies":[{"embeddable":true,"href":"https:\/\/www.europesays.com\/fr\/wp-json\/wp\/v2\/comments?post=479594"}],"version-history":[{"count":0,"href":"https:\/\/www.europesays.com\/fr\/wp-json\/wp\/v2\/posts\/479594\/revisions"}],"wp:featuredmedia":[{"embeddable":true,"href":"https:\/\/www.europesays.com\/fr\/wp-json\/wp\/v2\/media\/479595"}],"wp:attachment":[{"href":"https:\/\/www.europesays.com\/fr\/wp-json\/wp\/v2\/media?parent=479594"}],"wp:term":[{"taxonomy":"category","embeddable":true,"href":"https:\/\/www.europesays.com\/fr\/wp-json\/wp\/v2\/categories?post=479594"},{"taxonomy":"post_tag","embeddable":true,"href":"https:\/\/www.europesays.com\/fr\/wp-json\/wp\/v2\/tags?post=479594"}],"curies":[{"name":"wp","href":"https:\/\/api.w.org\/{rel}","templated":true}]}}