{"id":479598,"date":"2025-10-21T13:54:17","date_gmt":"2025-10-21T13:54:17","guid":{"rendered":"https:\/\/www.europesays.com\/fr\/479598\/"},"modified":"2025-10-21T13:54:17","modified_gmt":"2025-10-21T13:54:17","slug":"pourquoi-le-cancer-du-sein-explose-chez-les-jeunes-femmes-ma-sante","status":"publish","type":"post","link":"https:\/\/www.europesays.com\/fr\/479598\/","title":{"rendered":"Pourquoi le cancer du sein explose chez les jeunes femmes ?- Ma Sant\u00e9"},"content":{"rendered":"<p>             <a href=\"https:\/\/ma-sante.news\/wp-content\/uploads\/2025\/10\/Pourquoi-le-cancer-du-sein-progresse-chez-les-femmes-de-moins-de-40-ans-Ma-Sante-.jpeg\" data-caption=\"Selon l\u2019Institut Curie, pr\u00e8s d\u2019un cas de cancer du sein sur douze touche aujourd\u2019hui une femme de moins de 40 ans. \u00a9 Freepik\" target=\"_blank\" rel=\"noopener\"><img loading=\"lazy\" decoding=\"async\" width=\"696\" height=\"464\" class=\"entry-thumb td-modal-image ewww_webp_lazy_load\" src=\"data:image\/svg+xml,%3Csvg%20xmlns=\" http:=\"\" data-lazy- data-lazy- alt=\"Une jeune femme de moins de 40 ans pendant une s\u00e9ance de chimioth\u00e9rapie \u00e0 la suite de son diagnostic pr\u00e9coce de cancer du sein.\" title=\"Pourquoi le cancer du sein progresse chez les femmes de moins de 40 ans Ma Sante\u0301\" data-lazy-src=\"https:\/\/www.europesays.com\/fr\/wp-content\/uploads\/2025\/10\/Pourquoi-le-cancer-du-sein-progresse-chez-les-femmes-de-moins-de-40-ans-Ma-Sante--696x464.jpeg\" data-lazy-src-webp=\"https:\/\/www.europesays.com\/fr\/wp-content\/uploads\/2025\/10\/Pourquoi-le-cancer-du-sein-progresse-chez-les-femmes-de-moins-de-40-ans-Ma-Sante--696x464.jpeg.webp\" data-lazy-srcset-webp=\"https:\/\/www.europesays.com\/fr\/wp-content\/uploads\/2025\/10\/Pourquoi-le-cancer-du-sein-progresse-chez-les-femmes-de-moins-de-40-ans-Ma-Sante--696x464.jpeg.webp 696w, https:\/\/ma-sante.news\/wp-content\/uploads\/2025\/10\/Pourquoi-le-cancer-du-sein-progresse-chez-les-femmes-de-moins-de-40-ans-Ma-Sante--300x200.jpeg.webp 300w, https:\/\/ma-sante.news\/wp-content\/uploads\/2025\/10\/Pourquoi-le-cancer-du-sein-progresse-chez-les-femmes-de-moins-de-40-ans-Ma-Sante--768x512.jpeg.webp 768w, https:\/\/ma-sante.news\/wp-content\/uploads\/2025\/10\/Pourquoi-le-cancer-du-sein-progresse-chez-les-femmes-de-moins-de-40-ans-Ma-Sante--630x420.jpeg.webp 630w, https:\/\/ma-sante.news\/wp-content\/uploads\/2025\/10\/Pourquoi-le-cancer-du-sein-progresse-chez-les-femmes-de-moins-de-40-ans-Ma-Sante-.jpeg.webp 800w\"\/><\/a>Selon l\u2019Institut Curie, pr\u00e8s d\u2019un cas de cancer du sein sur douze touche aujourd\u2019hui une femme de moins de 40 ans. \u00a9 Freepik                                    \t\t\t             <a class=\"gofollow\" data-track=\"MjgsMCw2MA==\" href=\"https:\/\/ma-sante.news\/inscrivez-vous-a-notre-newsletter\/\" target=\"_blank\" rel=\"noopener\"><img loading=\"lazy\" decoding=\"async\" width=\"1068\" height=\"131\" src=\"data:image\/svg+xml,%3Csvg%20xmlns=\" http:=\"\" data-lazy-src=\"https:\/\/www.europesays.com\/fr\/wp-content\/uploads\/2025\/03\/banniere-newsletter.png\"\/><\/a> <\/p>\n<p>C\u2019est une tendance que les chiffres ne permettent plus d\u2019ignorer. D\u2019apr\u00e8s une \u00e9tude nationale publi\u00e9e en 2025 dans la revue scientifique The Breast (P. Pujol et coll., Inserm, Registres des cancers fran\u00e7ais),<a href=\"https:\/\/ma-sante.news\/cancer-du-sein-hausse-alarmante-mortalite-2050\/\" target=\"_blank\" rel=\"noopener\"> les diagnostics de cancer du sein<\/a> ont explos\u00e9 chez les jeunes femmes depuis le d\u00e9but des ann\u00e9es 1990. Le taux d\u2019incidence est pass\u00e9 de 16,1 \u00e0 26,3 cas pour 100 000 femmes-ann\u00e9es chez les trentenaires (une hausse de 63 %) et de 98,7 \u00e0 131,2 chez les quadrag\u00e9naires (+33 %).<\/p>\n<p>\u00c0 l\u2019\u00e9chelle mondiale, la tendance est similaire. Selon l\u2019OMS et la base GLOBOCAN, l\u2019incidence du cancer du sein chez les moins de 40 ans augmente dans la majorit\u00e9 des pays occidentaux. <\/p>\n<p>En France, 61 214 nouveaux cas ont \u00e9t\u00e9 recens\u00e9s en 2023, selon Sant\u00e9 publique France et l\u2019Institut national du cancer (INCa). Si les femmes de plus de 50 ans demeurent les plus touch\u00e9es, la croissance rapide chez les jeunes adultes constitue un tournant \u00e9pid\u00e9miologique.<\/p>\n<p>        Cancer du sein : un signal \u00e9pid\u00e9miologique qui ne passe plus inaper\u00e7u    <strong>Comment expliquer une telle hausse en l\u2019espace d\u2019une g\u00e9n\u00e9ration ?<\/strong>    <\/p>\n<p>Difficile de pointer une seule cause. Les chercheurs parlent d\u2019un ensemble de facteurs qui se cumulent. Les premiers concernent les changements hormonaux et reproductifs. <a href=\"https:\/\/ma-sante.news\/moins-de-bebes-plus-de-deces-la-france-face-a-un-tournant-demographique-historique\/\" target=\"_blank\" rel=\"noopener\">Les femmes ont aujourd\u2019hui leur premier enfant plus tard (autour de 31 ans contre 27 ans dans les ann\u00e9es 1980)<\/a> et allaitent moins souvent, ou moins longtemps.\u00a0<\/p>\n<p>Or, la grossesse et <a href=\"https:\/\/ma-sante.news\/maternite-conseils-allaitement-1532\/\" target=\"_blank\" rel=\"noopener\">l\u2019allaitement<\/a> exercent un effet protecteur sur le tissu mammaire en r\u00e9duisant l\u2019exposition prolong\u00e9e aux hormones. Dans le m\u00eame temps,<a href=\"https:\/\/ma-sante.news\/puberte-precoce-alimentation-causes-dans-lassiette\/\" target=\"_blank\" rel=\"noopener\"> la pubert\u00e9, plus pr\u00e9coce qu\u2019autrefois<\/a>, prolonge la dur\u00e9e de stimulation \u0153strog\u00e9nique au cours de la vie.<\/p>\n<p>\u00c0 ces \u00e9volutions biologiques s\u2019ajoutent les habitudes de vie : <a href=\"https:\/\/ma-sante.news\/dangers-de-la-sedentarite-un-tiers-des-francais-restent-assis-6-a-10-heures-par-jour\/\" target=\"_blank\" rel=\"noopener\">s\u00e9dentarit\u00e9<\/a>, surpoids, <a href=\"https:\/\/ma-sante.news\/fatigue-stress-renoncement-la-surcharge-mentale-mine-la-sante-des-femmes-actives\/\" target=\"_blank\" rel=\"noopener\">stress<\/a>, consommation d\u2019alcool ou <a href=\"https:\/\/ma-sante.news\/aliments-ultra-transformes-impact-maladies-chroniques\/\" target=\"_blank\" rel=\"noopener\">de produits ultra-transform\u00e9s. <\/a>Autant d\u2019\u00e9l\u00e9ments qui perturbent l\u2019\u00e9quilibre hormonal et favorisent un terrain inflammatoire propice au d\u00e9veloppement de tumeurs.<\/p>\n<p>\u00ab Le mode de vie moderne n\u2019est pas \u00e9tranger \u00e0 cette \u00e9volution \u00bb, souligne la Dr Sandrine Moulin, \u00e9pid\u00e9miologiste \u00e0 Sant\u00e9 publique France. \u00ab Ce n\u2019est pas la cause unique, mais une toile de fond. \u00bb<\/p>\n<p>        <strong>L\u2019environnement, un facteur silencieux mais pr\u00e9occupant<\/strong>    <\/p>\n<p>Autre piste d\u00e9sormais prise tr\u00e8s au s\u00e9rieux, celle de l\u2019environnement. Des travaux du CNRS et de l\u2019Anses publi\u00e9s en 2024 montrent que <a href=\"https:\/\/ma-sante.news\/perturbateurs-endocriniens-comment-proteger-nos-enfants\/\" target=\"_blank\" rel=\"noopener\">l\u2019exposition r\u00e9p\u00e9t\u00e9e aux perturbateurs endocriniens<\/a> (comme<a href=\"https:\/\/ma-sante.news\/essence-dans-nos-assiettes-enquete-revele-la-presence-hexane-dans-notre-alimentation\/\" target=\"_blank\" rel=\"noopener\"> les bisph\u00e9nols, phtalates<\/a>, <a href=\"https:\/\/ma-sante.news\/loi-duplomb-quel-est-le-pesticide-concerne-et-les-risques-pour-la-sante\/\" target=\"_blank\" rel=\"noopener\">pesticides<\/a> ou <a href=\"https:\/\/ma-sante.news\/70-000-particules-microplastiques-inhalees-chaque-jour-et-si-cetait-votre-sante-qui-payait-le-prix\/\" target=\"_blank\" rel=\"noopener\">microplastiques<\/a>) pourrait jouer un r\u00f4le dans cette augmentation. <\/p>\n<p>Ces substances, pr\u00e9sentes dans de nombreux produits du quotidien, imitent ou bloquent l\u2019action naturelle des hormones et peuvent influencer le d\u00e9veloppement mammaire d\u00e8s la vie f\u0153tale.<\/p>\n<p>Le rapport de l\u2019Anses souligne que leurs effets ne sont pas spectaculaires \u00e0 court terme, mais cumulatifs. Une exposition faible, r\u00e9p\u00e9t\u00e9e au fil des ann\u00e9es, pourrait suffire \u00e0 a<a href=\"https:\/\/ma-sante.news\/cancers-pourquoi-les-jeunes-sont-ils-de-plus-en-plus-touches\/\" target=\"_blank\" rel=\"noopener\">ccro\u00eetre le risque de cancer du sein<\/a>. C\u2019est un facteur insidieux, difficile \u00e0 mesurer, mais d\u00e9sormais impossible \u00e0 ignorer.<\/p>\n<p>        <strong>Le d\u00e9pistage, parent pauvre des jeunes g\u00e9n\u00e9rations<\/strong>    <\/p>\n<p>Contrairement aux femmes de 50 \u00e0 74 ans, invit\u00e9es tous les deux ans \u00e0 une mammographie gratuite<a href=\"https:\/\/ma-sante.news\/cancer-sein-conseils-depistage-radiologues-1834\/\" target=\"_blank\" rel=\"noopener\"> dans le cadre du d\u00e9pistage organis\u00e9<\/a>, les femmes de moins de 40 ans n\u2019ont pas acc\u00e8s \u00e0 un tel programme.<\/p>\n<p>Leur suivi repose sur l\u2019initiative individuelle ou sur la vigilance m\u00e9dicale lorsqu\u2019un risque particulier est identifi\u00e9 :\u00a0<\/p>\n<ul class=\"wp-block-list\">\n<li>ant\u00e9c\u00e9dent familial,\u00a0<\/li>\n<li>mutation BRCA1\/2,\u00a0<\/li>\n<li>irradiation thoracique,\u00a0<\/li>\n<li>ou forte densit\u00e9 mammaire.<\/li>\n<\/ul>\n<p>Ce vide dans le maillage pr\u00e9ventif contribue \u00e0 un diagnostic souvent plus tardif.\u00a0<\/p>\n<p>        Cancer du sein : la r\u00e9alit\u00e9 derri\u00e8re les faits\u00a0    <strong>Un diagnostic tardif, un cancer plus agressif<\/strong>    <\/p>\n<p>Selon l\u2019INCa, les tumeurs chez les jeunes femmes sont d\u00e9couvertes \u00e0 des stades plus avanc\u00e9s, parfois apr\u00e8s des mois d\u2019h\u00e9sitation ou de mauvais aiguillage. Les sympt\u00f4mes peuvent \u00eatre atypiques, et les seins plus denses rendent les anomalies moins visibles \u00e0 la mammographie.<\/p>\n<p>Autre particularit\u00e9, les cancers du sein chez les moins de 40 ans sont souvent biologiquement plus agressifs. Ils pr\u00e9sentent plus fr\u00e9quemment des formes dites \u00ab triple n\u00e9gatives \u00bb, qui ne r\u00e9pondent ni aux traitements hormonaux ni aux th\u00e9rapies cibl\u00e9es classiques. Cela se traduit par des protocoles lourds (chirurgie, chimioth\u00e9rapie, radioth\u00e9rapie) et un impact psychologique consid\u00e9rable, <a href=\"https:\/\/ma-sante.news\/cancer-et-depression-reactionnelle-une-double-peine-silencieuse-qui-mine-les-malades\/\" target=\"_blank\" rel=\"noopener\">voire une d\u00e9pression r\u00e9actionnelle<\/a>.<\/p>\n<p>        <strong>D\u00e9pistage du cancer du sein : adapter la sant\u00e9 publique \u00e0 une nouvelle r\u00e9alit\u00e9<\/strong>    <\/p>\n<p>Face \u00e0 cette mutation du paysage \u00e9pid\u00e9miologique, les autorit\u00e9s sanitaires r\u00e9fl\u00e9chissent \u00e0 des r\u00e9ponses adapt\u00e9es. Faut-il <a href=\"https:\/\/ma-sante.news\/cancer-du-sein-seule-la-moitie-des-femmes-se-font-depister\/\" target=\"_blank\" rel=\"noopener\">abaisser l\u2019\u00e2ge du d\u00e9pistage organis\u00e9 ?<\/a> La Haute Autorit\u00e9 de Sant\u00e9 reste prudente. La mammographie est moins performante sur les seins denses des femmes jeunes, et un d\u00e9pistage trop large pourrait entra\u00eener de faux positifs et des traitements inutiles.<\/p>\n<p>Mais le d\u00e9bat \u00e9volue. Plusieurs experts pr\u00f4nent d\u00e9sormais un d\u00e9pistage personnalis\u00e9, ajust\u00e9 au profil de risque. Un mod\u00e8le hybride, d\u00e9j\u00e0 exp\u00e9riment\u00e9 au Canada et au Royaume-Uni, qui combinerait ant\u00e9c\u00e9dents familiaux, densit\u00e9 mammaire, exposition hormonale et mode de vie.<\/p>\n<p>En parall\u00e8le, les associations militent pour un renforcement massif de la pr\u00e9vention primaire.<\/p>\n<p>Certaines voix appellent aussi \u00e0 \u00e9largir la recherche sur les liens entre environnement et cancer. Car la pr\u00e9vention du futur pourrait bien passer par la r\u00e9duction de notre exposition collective aux polluants hormonaux, plut\u00f4t que par un d\u00e9pistage toujours plus pr\u00e9coce.<\/p>\n<p>        Vers une culture de la vigilance pr\u00e9ventive ?    <\/p>\n<p>Cette hausse des cancers du sein chez les femmes jeunes r\u00e9v\u00e8le en creux les contradictions de notre soci\u00e9t\u00e9 moderne. Nous vivons plus longtemps, mais dans un environnement satur\u00e9 de stimuli chimiques et de pressions quotidiennes. Nous connaissons mieux la maladie, mais la pr\u00e9vention reste per\u00e7ue comme une contrainte lointaine.<\/p>\n<p>Pourtant, les chiffres montrent que lorsqu\u2019un cancer du sein est d\u00e9tect\u00e9 \u00e0 un stade pr\u00e9coce, les chances de gu\u00e9rison d\u00e9passent 90 % selon l\u2019INCa. La cl\u00e9 r\u00e9side donc dans la vigilance et la connaissance de son propre corps, sans <a href=\"https:\/\/ma-sante.news\/psycho-conseils-gerer-anxiete-218697\/\" target=\"_blank\" rel=\"noopener\">tomber dans l\u2019anxi\u00e9t\u00e9.<\/a><\/p>\n<blockquote class=\"wp-block-quote is-layout-flow wp-block-quote-is-layout-flow\">\n<p><strong>\u00c0 SAVOIR\u00a0<\/strong><\/p>\n<p>Le cancer du sein n\u2019a rien d\u2019un mal moderne. Le plus ancien cas connu remonte \u00e0 plus de 2 500 ans : des arch\u00e9ologues ont d\u00e9couvert en 2016, en \u00c9gypte, la momie d\u2019une femme pr\u00e9sentant des l\u00e9sions typiques de tumeurs mammaires m\u00e9tastatiques.<\/p>\n<\/blockquote>\n<p>  <a class=\"gofollow\" data-track=\"MTIsMCw2MA==\" href=\"https:\/\/ma-sante.news\/annonceurs\/\" target=\"_blank\" rel=\"noopener\"><img loading=\"lazy\" decoding=\"async\" width=\"2560\" height=\"2133\" src=\"data:image\/svg+xml,%3Csvg%20xmlns=\" http:=\"\" data-lazy-src=\"https:\/\/www.europesays.com\/fr\/wp-content\/uploads\/2025\/03\/pub-annonceurs-4-scaled.jpg\"\/><\/a>    <img loading=\"lazy\" decoding=\"async\" width=\"755\" height=\"495\" src=\"data:image\/svg+xml,%3Csvg%20xmlns=\" http:=\"\" data-lazy-src=\"https:\/\/www.europesays.com\/fr\/wp-content\/uploads\/2025\/03\/Image1.jpg\" data-lazy-src-webp=\"https:\/\/www.europesays.com\/fr\/wp-content\/uploads\/2025\/03\/Image1.jpg.webp\" class=\"ewww_webp_lazy_load\"\/>Inscrivez-vous \u00e0 notre newsletter <br \/>Ma Sant\u00e9                      <\/p>\n","protected":false},"excerpt":{"rendered":"Selon l\u2019Institut Curie, pr\u00e8s d\u2019un cas de cancer du sein sur douze touche aujourd\u2019hui une femme de moins&hellip;\n","protected":false},"author":2,"featured_media":479599,"comment_status":"","ping_status":"","sticky":false,"template":"","format":"standard","meta":{"footnotes":""},"categories":[10],"tags":[2776,1011,27,72,71,28414],"class_list":{"0":"post-479598","1":"post","2":"type-post","3":"status-publish","4":"format-standard","5":"has-post-thumbnail","7":"category-sante","8":"tag-cancer-du-sein","9":"tag-fr","10":"tag-france","11":"tag-health","12":"tag-sante","13":"tag-seins"},"share_on_mastodon":{"url":"https:\/\/pubeurope.com\/@fr\/115412498160299477","error":""},"_links":{"self":[{"href":"https:\/\/www.europesays.com\/fr\/wp-json\/wp\/v2\/posts\/479598","targetHints":{"allow":["GET"]}}],"collection":[{"href":"https:\/\/www.europesays.com\/fr\/wp-json\/wp\/v2\/posts"}],"about":[{"href":"https:\/\/www.europesays.com\/fr\/wp-json\/wp\/v2\/types\/post"}],"author":[{"embeddable":true,"href":"https:\/\/www.europesays.com\/fr\/wp-json\/wp\/v2\/users\/2"}],"replies":[{"embeddable":true,"href":"https:\/\/www.europesays.com\/fr\/wp-json\/wp\/v2\/comments?post=479598"}],"version-history":[{"count":0,"href":"https:\/\/www.europesays.com\/fr\/wp-json\/wp\/v2\/posts\/479598\/revisions"}],"wp:featuredmedia":[{"embeddable":true,"href":"https:\/\/www.europesays.com\/fr\/wp-json\/wp\/v2\/media\/479599"}],"wp:attachment":[{"href":"https:\/\/www.europesays.com\/fr\/wp-json\/wp\/v2\/media?parent=479598"}],"wp:term":[{"taxonomy":"category","embeddable":true,"href":"https:\/\/www.europesays.com\/fr\/wp-json\/wp\/v2\/categories?post=479598"},{"taxonomy":"post_tag","embeddable":true,"href":"https:\/\/www.europesays.com\/fr\/wp-json\/wp\/v2\/tags?post=479598"}],"curies":[{"name":"wp","href":"https:\/\/api.w.org\/{rel}","templated":true}]}}