{"id":479602,"date":"2025-10-21T13:56:11","date_gmt":"2025-10-21T13:56:11","guid":{"rendered":"https:\/\/www.europesays.com\/fr\/479602\/"},"modified":"2025-10-21T13:56:11","modified_gmt":"2025-10-21T13:56:11","slug":"devant-madame-de-fontenay-il-fallait-linda-hardy-cash-sur-sa-prise-de-poids-lors-de-son-annee-de-miss-france","status":"publish","type":"post","link":"https:\/\/www.europesays.com\/fr\/479602\/","title":{"rendered":"\u201cDevant madame de Fontenay il fallait\u2026\u201d : Linda Hardy cash sur sa prise de poids lors de son ann\u00e9e de Miss France"},"content":{"rendered":"<p class=\"p1\">Linda Hardy a longtemps brill\u00e9 sur les podiums. \u00c9lue<br \/>\nMiss Pays de Loire 1991 puis <a href=\"https:\/\/www.closermag.fr\/people\/danse-avec-les-stars-2019-a-quoi-ressemblait-linda-hardy-quand-elle-a-ete-elue-m-1035344\" target=\"_blank\" rel=\"noopener\"><br \/>\nMiss France 1992<\/a>, elle s\u2019est ensuite lanc\u00e9e dans <strong>une<br \/>\ncarri\u00e8re de mannequin<\/strong>. D\u00e9sormais \u00e2g\u00e9e de 52 ans, elle<br \/>\ns\u2019illustre \u00e0 la t\u00e9l\u00e9vision dans des s\u00e9ries comme Demain nous<br \/>\nappartient.<\/p>\n<p class=\"p1\">Dimanche 19 octobre, <strong>Linda Hardy<\/strong><br \/>\n\u00e9tait invit\u00e9e dans <a href=\"https:\/\/www.telestar.fr\/actu_tv\/un-dimanche-a-la-campagne-france-2-qui-sont-les-invites-de-frederic-lopez-ce-19-octobre-1740152\" target=\"_blank\" rel=\"noopener\">Un dimanche \u00e0 la campagne<\/a> sur<br \/>\nFrance 2. Face \u00e0 Fr\u00e9d\u00e9ric Lopez, elle est revenue sur <strong>son<br \/>\nann\u00e9e de Miss France<\/strong> \u00e0 l\u2019\u00e2ge de 18 ans. \u201cMadame de<br \/>\nFontenay \u00e9tait extr\u00eamement protectrice. C\u2019\u00e9tait un peu comme une<br \/>\ndeuxi\u00e8me maman. Mes parents savaient qu\u2019\u00e0 partir du moment o\u00f9 on<br \/>\n\u00e9tait avec elle, on \u00e9tait prot\u00e9g\u00e9es. Elle \u00e9tait vraiment<br \/>\nextraordinaire pour \u00e7a\u201d, s\u2019est-elle souvenue.<\/p>\n<p>Linda Hardy a pris 10 kilos durant son r\u00e8gne<\/p>\n<p class=\"p1\">Apr\u00e8s une ann\u00e9e hors du temps, <a href=\"https:\/\/www.closermag.fr\/people\/linda-hardy-lex-miss-france-nest-pas-prete-doublier-cette-demande-en-mariage-hors-du-commun-3587725\" target=\"_blank\" rel=\"noopener\"><br \/>\nLinda Hardy<\/a> avait d\u00fb rendre sa couronne. La jeune femme avait<br \/>\nalors fait le point sur <strong>sa prise de poids<\/strong>. En<br \/>\neffet, elle avait pris pr\u00e8s de <strong>dix kilos<\/strong>. \u201cOn<br \/>\nn\u2019arr\u00eate pas de manger. C\u2019est extraordinaire parce qu\u2019on est re\u00e7ue<br \/>\npartout, tout le temps\u201d, s\u2019est-elle amus\u00e9e.<\/p>\n<p class=\"p1\">L\u2019ancienne Miss France se souvient d\u2019ailleurs de<br \/>\nrepas en compagnie de <a href=\"https:\/\/www.closermag.fr\/people\/je-suis-cash-cette-fois-ou-linda-hardy-a-froidement-recadre-genevieve-de-fontenay-3223995\" target=\"_blank\" rel=\"noopener\"><br \/>\nGenevi\u00e8ve de Fontenay<\/a>. \u201cDevant Madame de Fontenay, il<br \/>\nfallait qu\u2019on mange parce qu\u2019en fait, il faut faire honneur aux<br \/>\ngens qui nous re\u00e7oivent. \u00c0 la fin de mon ann\u00e9e, limite, je<br \/>\ncomplexais \u00e0 c\u00f4t\u00e9 de madame de Fontenay. Je la trouvais tellement<br \/>\nbien gaul\u00e9e, elle \u00e9tait belle\u201d, a-t-elle confi\u00e9.<\/p>\n<blockquote class=\"instagram-media\" style=\"background: #ffffff;border: 0;margin: 1px;width: 100%;padding: 0;max-width: 500px;\" data-instgrm-permalink=\"https:\/\/www.instagram.com\/p\/DP9N_MMDpBV\/\" data-instgrm-version=\"14\"\/><p>\nLa Miss France a \u00e9t\u00e9 contrainte de<br \/>\nperdre du poids<\/p>\n<p class=\"p1\">\u00c0 la fin de son ann\u00e9e de Miss France, Linda Hardy<br \/>\npensait reprendre ses \u00e9tudes. Le soir de l\u2019\u00e9lection de <a href=\"https:\/\/www.closermag.fr\/tv_tele_realite\/miss-france-2026-qui-est-naomi-torrent-la-sublime-miss-guadeloupe-3565426\" target=\"_blank\" rel=\"noopener\">V\u00e9ronique de la Cruz<\/a>, elle avait<br \/>\ncependant \u00e9t\u00e9 sollicit\u00e9e par la directrice d\u2019une <strong>agence de<br \/>\nmannequins<\/strong>. Elle a expliqu\u00e9 : \u201cCe n\u2019\u00e9tait pas une tr\u00e8s<br \/>\ngrosse agence, c\u2019\u00e9tait une jolie agence, mais apr\u00e8s j\u2019ai int\u00e9gr\u00e9<br \/>\nl\u2019agence Elite pendant \u00e0 peu pr\u00e8s six ans\u201d.<\/p>\n<p class=\"p1\">En d\u00e9butant sa carri\u00e8re de mannequin, <a href=\"https:\/\/www.closermag.fr\/people\/linda-hardy-ses-rares-confidences-sur-son-fils-andrea-et-sur-son-celibat-1300699\" target=\"_blank\" rel=\"noopener\"><br \/>\nla maman d\u2019Andrea<\/a> avait cependant \u00e9t\u00e9 somm\u00e9e de <strong>perdre<br \/>\nquelques kilos<\/strong>. \u201cElle me dit : \u2018Bon d\u00e9j\u00e0, tu vas<br \/>\nperdre 10 kilos\u2019. Dans les agences de mannequins, quand vous avez<br \/>\nun peu de poids en trop, clairement on vous explique que\u2026<br \/>\nvoil\u00e0\u201d, a conclu Linda Hardy. Une demande qu\u2019elle avait<br \/>\nrespect\u00e9e afin de pouvoir lancer sa carri\u00e8re.<\/p>\n<p><script async src=\"\/\/www.instagram.com\/embed.js\"><\/script><\/p>\n","protected":false},"excerpt":{"rendered":"Linda Hardy a longtemps brill\u00e9 sur les podiums. \u00c9lue Miss Pays de Loire 1991 puis Miss France 1992,&hellip;\n","protected":false},"author":2,"featured_media":479603,"comment_status":"","ping_status":"","sticky":false,"template":"","format":"standard","meta":{"footnotes":""},"categories":[8],"tags":[58,59,1011,27,60292],"class_list":{"0":"post-479602","1":"post","2":"type-post","3":"status-publish","4":"format-standard","5":"has-post-thumbnail","7":"category-divertissement","8":"tag-divertissement","9":"tag-entertainment","10":"tag-fr","11":"tag-france","12":"tag-linda-hardy"},"share_on_mastodon":{"url":"https:\/\/pubeurope.com\/@fr\/115412505997432307","error":""},"_links":{"self":[{"href":"https:\/\/www.europesays.com\/fr\/wp-json\/wp\/v2\/posts\/479602","targetHints":{"allow":["GET"]}}],"collection":[{"href":"https:\/\/www.europesays.com\/fr\/wp-json\/wp\/v2\/posts"}],"about":[{"href":"https:\/\/www.europesays.com\/fr\/wp-json\/wp\/v2\/types\/post"}],"author":[{"embeddable":true,"href":"https:\/\/www.europesays.com\/fr\/wp-json\/wp\/v2\/users\/2"}],"replies":[{"embeddable":true,"href":"https:\/\/www.europesays.com\/fr\/wp-json\/wp\/v2\/comments?post=479602"}],"version-history":[{"count":0,"href":"https:\/\/www.europesays.com\/fr\/wp-json\/wp\/v2\/posts\/479602\/revisions"}],"wp:featuredmedia":[{"embeddable":true,"href":"https:\/\/www.europesays.com\/fr\/wp-json\/wp\/v2\/media\/479603"}],"wp:attachment":[{"href":"https:\/\/www.europesays.com\/fr\/wp-json\/wp\/v2\/media?parent=479602"}],"wp:term":[{"taxonomy":"category","embeddable":true,"href":"https:\/\/www.europesays.com\/fr\/wp-json\/wp\/v2\/categories?post=479602"},{"taxonomy":"post_tag","embeddable":true,"href":"https:\/\/www.europesays.com\/fr\/wp-json\/wp\/v2\/tags?post=479602"}],"curies":[{"name":"wp","href":"https:\/\/api.w.org\/{rel}","templated":true}]}}