{"id":479606,"date":"2025-10-21T13:58:13","date_gmt":"2025-10-21T13:58:13","guid":{"rendered":"https:\/\/www.europesays.com\/fr\/479606\/"},"modified":"2025-10-21T13:58:13","modified_gmt":"2025-10-21T13:58:13","slug":"desormais-homologuee-letude-de-style-devient-de-plus-en-plus-concrete","status":"publish","type":"post","link":"https:\/\/www.europesays.com\/fr\/479606\/","title":{"rendered":"d\u00e9sormais homologu\u00e9e, l&rsquo;\u00e9tude de style devient de plus en plus concr\u00e8te"},"content":{"rendered":"<p itemprop=\"description\">Pr\u00e9sent\u00e9 en premi\u00e8re mondiale \u00e0 Milan, en premi\u00e8re mondiale, l\u2019Audi Concept C est d\u00e9sormais homologu\u00e9. La marque aux anneaux lui a donc fait prendre la route, et en profite au passage pour livrer davantage d\u2019informations \u00e0 son sujet.<\/p>\n<p style=\"font-weight: 400;\">C\u2019\u00e9tait l\u2019annonce phare d\u2019Audi, ces derni\u00e8res semaines. En septembre, la marque d\u00e9voilait son <a href=\"https:\/\/www.autoplus.fr\/actualite\/audi-concept-c-la-tt-ferait-elle-son-grand-retour-1395980.html\" target=\"_blank\" rel=\"noopener nofollow\">nouveau Concept C<\/a>, \u00e0 Milan. Celui-ci doit <strong>d\u00e9finir l\u2019orientation stylistique des prochaines productions,<\/strong> et doit m\u00eame devenir un mod\u00e8le de s\u00e9rie en 2027. En attendant, il vient d\u2019obtenir son homologation. Le nouvel Audi Concept C a donc pu se d\u00e9gourdir les roues dans les Dolomites\u00a0!<\/p>\n<p>\t\t\t<strong>Audi Concept C\u00a0: il roule d\u00e9j\u00e0\u00a0!<\/strong> <\/p>\n<p style=\"font-weight: 400;\">Quelques semaines apr\u00e8s sa pr\u00e9sentation en statique, <strong>le Concept C a donc pu prendre la route en toute l\u00e9galit\u00e9.<\/strong> Rien que sur ce point, il se d\u00e9marque de la plupart des autres \u00e9tudes de style, qui doivent se cantonner aux stands des marques sur les salons. Audi a m\u00eame profit\u00e9 de l\u2019occasion pour nous en dire plus sur son concept.<\/p>\n<p style=\"font-weight: 400;\">Cet Audi Concept C a donc effectu\u00e9 quelques kilom\u00e8tres dans les Dolomites. Une r\u00e9gion qui n\u2019a \u00e9videmment pas \u00e9t\u00e9 choisie au hasard. Rappelons en effet que <strong>ce concept pr\u00e9figure un coup\u00e9 sportif, m\u00e9lange des regrett\u00e9es TT et R8.<\/strong> On peut donc prendre une nouvelle fois la mesure de son design atypique et \u00e9pur\u00e9, cette fois en dehors des studios et des salons.<\/p>\n<p style=\"font-weight: 400;\">Bien que son style ait fait d\u00e9bat au moment de sa pr\u00e9sentation, l\u2019Audi Concept C ne manque pas de prestance. <strong>Ses lignes minimalistes, presque futuristes,<\/strong> font partie de son ADN. <a href=\"https:\/\/www.audi.fr\/fr\/\" target=\"_blank\" rel=\"noopener nofollow\">La marque<\/a> allemande le confirme d\u2019ailleurs. \u00ab\u00a0Le Concept C affirme une identit\u00e9 audacieuse et inimitable qui jouera un r\u00f4le d\u00e9terminant dans la d\u00e9finition du futur d\u00a0\u00bbAudi\u00a0\u00bb, peut-on lire dans le communiqu\u00e9.<\/p>\n<p> <img loading=\"lazy\" decoding=\"async\" aria-describedby=\"caption-attachment-1403460\" itemprop=\"thumbnailUrl\" class=\"size-large wp-image-1403460 img-responsive \" src=\"https:\/\/www.europesays.com\/fr\/wp-content\/uploads\/2025\/10\/audi_concept_c-5-grande-768x511.jpeg\" alt=\"Audi Concept C\" width=\"768\" height=\"511\"  \/> \u00a9  Audi<\/p>\n<p id=\"caption-attachment-1403460\" class=\"wp-caption-text\">Pourquoi les Dolomites ? Pas de hasard, c&rsquo;est un terrain de jeu id\u00e9al pour les voitures \u00e0 vocation sportive&#8230;<\/p>\n<p>    <strong>Une nouvelle approche du design \u00e0 bord<\/strong> <\/p>\n<p style=\"font-weight: 400;\">Outre le style ext\u00e9rieur, l\u2019Audi Concept C avait \u00e9tonn\u00e9 de par l\u2019agencement de <a href=\"https:\/\/www.autoplus.fr\/actualite\/quand-lhopital-se-moque-de-la-charite-mercedes-ironise-a-propos-des-habitacles-daudi-et-bmw-1397619.html\" target=\"_blank\" rel=\"noopener nofollow\">son habitacle<\/a>. Alors que l\u2019\u00e9poque veut que les constructeurs multiplient les \u00e9crans \u00e0 bord de leurs mod\u00e8les, l\u2019\u00e9tude de style d\u2019Ingolstadt affiche u<strong>ne planche de bord \u00e9tonnamment \u00e9pur\u00e9e.<\/strong> Le num\u00e9rique est bel et bien pr\u00e9sent, mais il est int\u00e9gr\u00e9 discr\u00e8tement. L\u2019instrumentation num\u00e9rique est second\u00e9e par <strong>une dalle tactile r\u00e9tractable de 10,4 pouces. Celle-ci peut \u00eatre compl\u00e8tement masqu\u00e9e \u00e0 la demande.<\/strong> La marque op\u00e8re \u00e9galement un grand retour \u00e0 l\u2019analogique, avec <strong>davantage de commandes physiques.<\/strong><\/p>\n<p style=\"font-weight: 400;\">On ignore encore les d\u00e9tails techniques du moteur install\u00e9 sous le capot. On s\u2019en doute, bien s\u00fbr, il s\u2019agit <strong>d\u2019une motorisation 100% \u00e9lectrique.<\/strong> Pas un mot, en revanche, sur la puissance, ou l\u2019autonomie. <a href=\"https:\/\/www.autoplus.fr\/actualite\/audi-toutes-les-nouveautes-a-venir-jusquen-2026-1393392.html\" target=\"_blank\" rel=\"noopener nofollow\">Audi<\/a> fait en revanche une promesse\u00a0: \u00ab\u00a0la version de s\u00e9rie combinera harmonieusement le frisson de la conduite \u00e0 ciel ouvert et l&rsquo;\u00e9l\u00e9gance d&rsquo;un toit rigide\u00a0\u00bb.<\/p>\n<p style=\"font-weight: 400;\">Notons que quelques chanceux ont pu prendre le volant de ce prototype. <strong>Le m\u00e9dia Autocar \u00e9voque ainsi une position de conduite basse, et un excellent niveau de dynamisme.<\/strong> Reste maintenant \u00e0 attendre de plus amples informations sur cet Audi Concept C. <strong>La version de s\u00e9rie est attendue pour 2027.<\/strong><\/p>\n","protected":false},"excerpt":{"rendered":"Pr\u00e9sent\u00e9 en premi\u00e8re mondiale \u00e0 Milan, en premi\u00e8re mondiale, l\u2019Audi Concept C est d\u00e9sormais homologu\u00e9. La marque aux&hellip;\n","protected":false},"author":2,"featured_media":479607,"comment_status":"","ping_status":"","sticky":false,"template":"","format":"standard","meta":{"footnotes":""},"categories":[6],"tags":[35,33,34,1011,27,1638],"class_list":{"0":"post-479606","1":"post","2":"type-post","3":"status-publish","4":"format-standard","5":"has-post-thumbnail","7":"category-economie","8":"tag-business","9":"tag-economie","10":"tag-economy","11":"tag-fr","12":"tag-france","13":"tag-has_diapo"},"share_on_mastodon":{"url":"https:\/\/pubeurope.com\/@fr\/115412515363855784","error":""},"_links":{"self":[{"href":"https:\/\/www.europesays.com\/fr\/wp-json\/wp\/v2\/posts\/479606","targetHints":{"allow":["GET"]}}],"collection":[{"href":"https:\/\/www.europesays.com\/fr\/wp-json\/wp\/v2\/posts"}],"about":[{"href":"https:\/\/www.europesays.com\/fr\/wp-json\/wp\/v2\/types\/post"}],"author":[{"embeddable":true,"href":"https:\/\/www.europesays.com\/fr\/wp-json\/wp\/v2\/users\/2"}],"replies":[{"embeddable":true,"href":"https:\/\/www.europesays.com\/fr\/wp-json\/wp\/v2\/comments?post=479606"}],"version-history":[{"count":0,"href":"https:\/\/www.europesays.com\/fr\/wp-json\/wp\/v2\/posts\/479606\/revisions"}],"wp:featuredmedia":[{"embeddable":true,"href":"https:\/\/www.europesays.com\/fr\/wp-json\/wp\/v2\/media\/479607"}],"wp:attachment":[{"href":"https:\/\/www.europesays.com\/fr\/wp-json\/wp\/v2\/media?parent=479606"}],"wp:term":[{"taxonomy":"category","embeddable":true,"href":"https:\/\/www.europesays.com\/fr\/wp-json\/wp\/v2\/categories?post=479606"},{"taxonomy":"post_tag","embeddable":true,"href":"https:\/\/www.europesays.com\/fr\/wp-json\/wp\/v2\/tags?post=479606"}],"curies":[{"name":"wp","href":"https:\/\/api.w.org\/{rel}","templated":true}]}}