{"id":479608,"date":"2025-10-21T13:59:13","date_gmt":"2025-10-21T13:59:13","guid":{"rendered":"https:\/\/www.europesays.com\/fr\/479608\/"},"modified":"2025-10-21T13:59:13","modified_gmt":"2025-10-21T13:59:13","slug":"zelensky-et-ses-allies-font-bloc-sur-la-question-territoriale-face-aux-pressions-de-trump","status":"publish","type":"post","link":"https:\/\/www.europesays.com\/fr\/479608\/","title":{"rendered":"Zelensky et ses alli\u00e9s font bloc sur la question territoriale, face aux pressions de Trump"},"content":{"rendered":"<p>        <img decoding=\"async\" loading=\"lazy\" src=\"https:\/\/www.europesays.com\/fr\/wp-content\/uploads\/2025\/09\/11bd0cf_upload-1-tz3969hnwyry-afp-20250710-2223806540-v3-highres-ukrainerecoveryconferencetakesplace.jpeg\"  width=\"728\" height=\"410\" alt=\"Volodymyr Zelensky (ici le 10\u00a0juillet) et ses alli\u00e9s font bloc sur la question territoriale, face aux pressions de Donald Trump.\"\/>  <\/p>\n<p>ANTONIO MASIELLO \/ Getty Images via AFP<\/p>\n<p>Volodymyr Zelensky (ici le 10\u00a0juillet) et ses alli\u00e9s font bloc sur la question territoriale, face aux pressions de Donald Trump.<\/p>\n<p class=\"asset asset-text\">INTERNATIONAL &#8211; L\u2019Ukraine et les Europ\u00e9ens r\u00e9pliquent apr\u00e8s le coup de pression de <a href=\"https:\/\/www.huffingtonpost.fr\/international\/article\/donald-trump-a-choisi-ce-specialiste-du-cannabis-comme-envoye-special-en-irak-et-ca-risque-de-poser-probleme_256215.html\" rel=\"nofollow noopener\" target=\"_blank\">Donald Trump<\/a>. Alors que le pr\u00e9sident am\u00e9ricain a urg\u00e9 <a href=\"https:\/\/www.huffingtonpost.fr\/international\/video\/l-ukraine-revait-des-tomahawks-mais-zelensky-repart-de-washington-sans-engagement-de-trump-sur-ces-missiles_256127.html\" rel=\"nofollow noopener\" target=\"_blank\">Volodymyr Zelensky<\/a> de trouver un accord de paix avec Vladimir Poutine, Kiev et plusieurs de ses alli\u00e9s en Europe ont fait front sur la question territoriale dans un communiqu\u00e9 conjoint diffus\u00e9 ce mardi 21\u00a0octobre.<\/p>\n<p class=\"asset asset-text\">\u00ab\u00a0Nous soutenons fermement la position du pr\u00e9sident Trump selon laquelle les combats doivent cesser imm\u00e9diatement, et que la ligne de contact actuelle doit servir de base pour les n\u00e9gociations\u00a0\u00bb, ont plaid\u00e9 avec Volodymyr Zelensky plusieurs dirigeants, dont ceux de la France, la Grande-Bretagne ou encore l\u2019Allemagne, dans un communiqu\u00e9 conjoint.<\/p>\n<p class=\"asset asset-text\">\u00ab\u00a0Nous restons attach\u00e9s au principe selon lequel les fronti\u00e8res internationales ne doivent pas \u00eatre modifi\u00e9es par la force\u00a0\u00bb, ajoutent-ils toutefois, en s\u2019engageant \u00e9galement \u00e0 maintenir leur soutien pour que l\u2019<a href=\"https:\/\/www.huffingtonpost.fr\/international\/article\/guerre-en-ukraine-colere-de-l-onu-apres-l-attaque-d-un-de-ses-convois-humanitaires_255981.html\" rel=\"nofollow noopener\" target=\"_blank\">Ukraine<\/a> reste \u00ab\u00a0dans la position la plus forte possible\u00a0\u00bb. \u00ab\u00a0Nous devons intensifier la pression sur l\u2019\u00e9conomie de la Russie et son industrie de d\u00e9fense, jusqu\u2019\u00e0 ce que Poutine soit pr\u00eat \u00e0 faire la paix\u00a0\u00bb, est-il \u00e9crit.<\/p>\n<p class=\"asset asset-text\">Ce communiqu\u00e9 commun est sign\u00e9 par les dirigeants de l\u2019Ukraine, de l\u2019Union europ\u00e9enne, de la France, de la Grande-Bretagne, de l\u2019Allemagne, de l\u2019Italie, de la Pologne, du Danemark et de la Finlande. Ils ne cessent d\u2019appeler \u00e0 renforcer la pression sur Moscou, y compris depuis Washington o\u00f9 le pr\u00e9sident am\u00e9ricain a jusqu\u2019\u00e0 pr\u00e9sent refus\u00e9 de prendre des sanctions contre la Russie.<\/p>\n<p>                     Trump entretient le flou avant sa rencontre avec Poutine    <\/p>\n<p class=\"asset asset-text\">Une rencontre avec son homologue russe Vladimir Poutine \u00e0 Budapest <a href=\"https:\/\/www.huffingtonpost.fr\/international\/article\/donald-trump-annonce-qu-il-rencontrera-a-nouveau-vladimir-poutine-prochainement_256083.html\" rel=\"nofollow noopener\" target=\"_blank\">a \u00e9t\u00e9 annonc\u00e9e<\/a> \u2013 m\u00eame si le d\u00e9lai reste tr\u00e8s flou \u2013 et les dirigeants europ\u00e9ens redoutent un accord qui se ferait au d\u00e9triment de l\u2019Ukraine et des int\u00e9r\u00eats de s\u00e9curit\u00e9 en Europe. Apr\u00e8s sa rencontre avec Volodymyr Zelensky le 17\u00a0octobre \u00e0 la Maison Blanche, le pr\u00e9sident am\u00e9ricain avait plaid\u00e9 face aux journalistes pour que les bellig\u00e9rants s\u2019\u00ab\u00a0arr\u00eate[nt] l\u00e0 o\u00f9 ils en sont, sur les lignes de front\u00a0\u00bb.<\/p>\n<p class=\"asset asset-text\">Une position qu\u2019il n\u2019avait apparemment pas d\u00e9fendue lors de son \u00e9change avec son homologue ukrainien, selon plusieurs m\u00e9dias am\u00e9ricains qui ont m\u00eame affirm\u00e9 que la discussion avait tourn\u00e9 \u00e0 la \u00ab\u00a0dispute houleuse\u00a0\u00bb entre les deux chefs d\u2019\u00c9tat. \u00ab\u00a0Si Poutine le souhaite, il va vous [l\u2019Ukraine] d\u00e9truire\u00a0\u00bb, a lanc\u00e9 Donald Trump selon le <a href=\"https:\/\/www.ft.com\/content\/7960c6aa-dbfa-4a55-91e8-ae44601842ec\" target=\"_blank\" rel=\"noopener nofollow\" title=\"Nouvelle fen\u00eatre\">Financial Times<\/a>. Le journal \u00e9conomique et l\u2019agence <a href=\"https:\/\/www.reuters.com\/world\/trump-urged-zelenskiy-cut-deal-with-putin-or-risk-facing-destruction-ft-reports-2025-10-19\/\" target=\"_blank\" rel=\"noopener nofollow\" title=\"Nouvelle fen\u00eatre\">Reuters<\/a> assurent tous les deux que face \u00e0 Volodymyr Zelensky, le pr\u00e9sident am\u00e9ricain a \u00e9voqu\u00e9 un \u00e9change de territoires entre Kiev et Moscou.<\/p>\n<p class=\"asset asset-text\">Une proposition d\u00e9fendue par <a href=\"https:\/\/www.huffingtonpost.fr\/justice\/article\/l-opposant-a-vladimir-poutine-vladimir-ossetchkine-etait-vise-par-un-projet-d-elimination-en-france_256085.html\" rel=\"nofollow noopener\" target=\"_blank\">Vladimir Poutine<\/a> et qu\u2019il avait expos\u00e9e \u00e0 Donald Trump lors d\u2019un appel la veille de la rencontre avec l\u2019Ukrainien \u00e0 la Maison Blanche. Le pr\u00e9sident russe mentionnait alors la possibilit\u00e9 de restituer les r\u00e9gions de Zaporijjia et Kherson, qu\u2019il ne contr\u00f4le que partiellement, en \u00e9change de la totalit\u00e9 de la r\u00e9gion tr\u00e8s strat\u00e9gique de Donetsk. Plusieurs m\u00e9dias am\u00e9ricains assurent qu\u2019un \u00ab\u00a0deal\u00a0\u00bb similaire a \u00e9t\u00e9 propos\u00e9 \u00e0 Volodymyr Zelensky par le locataire de la Maison Blanche.<\/p>\n<p class=\"asset asset-text\">\u00c0 l\u2019issue de la rencontre, celui-ci a pourtant ni\u00e9 avoir demand\u00e9 \u00e0 Kiev de c\u00e9der toute la r\u00e9gion du Donbass, qui correspond aux oblasts de Donetsk et Louhansk.<\/p>\n","protected":false},"excerpt":{"rendered":"ANTONIO MASIELLO \/ Getty Images via AFP Volodymyr Zelensky (ici le 10\u00a0juillet) et ses alli\u00e9s font bloc sur&hellip;\n","protected":false},"author":2,"featured_media":418161,"comment_status":"","ping_status":"","sticky":false,"template":"","format":"standard","meta":{"footnotes":""},"categories":[5],"tags":[11,75,674,1011,27,131,14,12,132,134,28],"class_list":{"0":"post-479608","1":"post","2":"type-post","3":"status-publish","4":"format-standard","5":"has-post-thumbnail","7":"category-international","8":"tag-actualites","9":"tag-donald-trump","10":"tag-europe","11":"tag-fr","12":"tag-france","13":"tag-guerre-en-ukraine","14":"tag-international","15":"tag-news","16":"tag-russie","17":"tag-volodymyr-zelensky","18":"tag-world"},"share_on_mastodon":{"url":"https:\/\/pubeurope.com\/@fr\/115412518361969977","error":""},"_links":{"self":[{"href":"https:\/\/www.europesays.com\/fr\/wp-json\/wp\/v2\/posts\/479608","targetHints":{"allow":["GET"]}}],"collection":[{"href":"https:\/\/www.europesays.com\/fr\/wp-json\/wp\/v2\/posts"}],"about":[{"href":"https:\/\/www.europesays.com\/fr\/wp-json\/wp\/v2\/types\/post"}],"author":[{"embeddable":true,"href":"https:\/\/www.europesays.com\/fr\/wp-json\/wp\/v2\/users\/2"}],"replies":[{"embeddable":true,"href":"https:\/\/www.europesays.com\/fr\/wp-json\/wp\/v2\/comments?post=479608"}],"version-history":[{"count":0,"href":"https:\/\/www.europesays.com\/fr\/wp-json\/wp\/v2\/posts\/479608\/revisions"}],"wp:featuredmedia":[{"embeddable":true,"href":"https:\/\/www.europesays.com\/fr\/wp-json\/wp\/v2\/media\/418161"}],"wp:attachment":[{"href":"https:\/\/www.europesays.com\/fr\/wp-json\/wp\/v2\/media?parent=479608"}],"wp:term":[{"taxonomy":"category","embeddable":true,"href":"https:\/\/www.europesays.com\/fr\/wp-json\/wp\/v2\/categories?post=479608"},{"taxonomy":"post_tag","embeddable":true,"href":"https:\/\/www.europesays.com\/fr\/wp-json\/wp\/v2\/tags?post=479608"}],"curies":[{"name":"wp","href":"https:\/\/api.w.org\/{rel}","templated":true}]}}