{"id":479609,"date":"2025-10-21T14:00:11","date_gmt":"2025-10-21T14:00:11","guid":{"rendered":"https:\/\/www.europesays.com\/fr\/479609\/"},"modified":"2025-10-21T14:00:11","modified_gmt":"2025-10-21T14:00:11","slug":"en-direct-incarceration-de-sarkozy-macron-estime-legitime-le-debat-sur-lexecution-provisoire-liberation","status":"publish","type":"post","link":"https:\/\/www.europesays.com\/fr\/479609\/","title":{"rendered":"EN DIRECT &#8211; Incarc\u00e9ration de Sarkozy : Macron estime \u00abl\u00e9gitime\u00bb le d\u00e9bat sur l\u2019ex\u00e9cution provisoire &#8211; Lib\u00e9ration"},"content":{"rendered":"<ol>\n<li><a href=\"https:\/\/news.google.com\/rss\/articles\/CBMihAJBVV95cUxPbjBHdWl4dXlsQjhERHdpLXVzT3BZNWFfQU5LU1o2UUZuWXE3bS1NcTZ1M0dadnozTS1uM0pubDFZUl84Tm9mbG1PZUlMRlpxUE1LaHVQTHFwck53ZzhOTkNpRWNKV25nZXZDaVJYMF81elNwOEZEUWFEek9XWHAySWVYMDI0WUZTOHZ5Z1Eydzd6ZEVMR2p0MkU3QjU3T3l6Vjd5Mzc4TlRjRk5VeGgwb3o5ci1pbkl0Sy1SVW5sOWswWUZUY2VlZWhBcXE3Unc0dTBhV1RPZlhMMy1HY2ZpSU1zTlJuWDY5Y2NvcGE5ZERib1ZtUTQ2OGdPUXE3elpVRWI2aQ?oc=5\" target=\"_blank\" rel=\"noopener\">EN DIRECT &#8211; Incarc\u00e9ration de Sarkozy : Macron estime \u00abl\u00e9gitime\u00bb le d\u00e9bat sur l\u2019ex\u00e9cution provisoire<\/a>&nbsp;&nbsp;Lib\u00e9ration<\/li>\n<li><a href=\"https:\/\/news.google.com\/rss\/articles\/CBMi-gFBVV95cUxNSlpJdk92QUdhbHNqdko1OWtGWlhWbXUtMDhHR0twVmx6blUyUlNwOTE4enVGelJkNFB3bGEwTmc0cEhJNFNzVmtvVUppNDNjaVc5VkI2amlMa0F5RnQxQTZQbzhCOUdkQ3lxbmdyU3paVFVLd19jeWxLSHQ3eTliamJnN21xZDI0ZlRaekpZLWdqdkxoVkRRblZvU2F6UUdOZkJwdDFwYlJKV3FWbllOelo3VDIwYUJMMmQyaWhhemNuX1FFUVFHcW9iTXowZlBPZVVDNHhEcE9mZ0VaX1Z5bmhVbWhsNVY2RXhrTmU4aDBSVURJZ1BjT2dB?oc=5\" target=\"_blank\" rel=\"noopener\">\u00ab Lib\u00e9rez Nicolas Sarkozy \u00bb : dans la manifestation de soutien \u00e0 l\u2019ancien pr\u00e9sident le jour de son incarc\u00e9ration<\/a>&nbsp;&nbsp;Le Monde.fr<\/li>\n<li><a href=\"https:\/\/news.google.com\/rss\/articles\/CBMi9gFBVV95cUxQSXZtd2gtSFR5MFZJODI2Mk0wYzJJSlZRekFzUmJ4RlVPdGY0N0h6YXdLcGxLMmhPQkljWkRuT3pjRklUdE5OTkM0WDk0VElILXFNYmZuQm9WcnctbEhQdG8wbWF0aTVFMnM3bkFWSTJhczRwNExTQVZKUUhZMjVSWHpocjYxWGVKZnhaYTlyLTJ2NzRKSHpiWDN5TnMzeHdXdHNfRHluekVfRGthd3RYTHNUTGc2ZjFjek9DeDZ0N3NnNW9mWm1kME1zaFRkX2JkaFhJWmFUMFhVc0lYU0tqSUdrbHE5QXFVamYxdW1KdVNacDNGT1E?oc=5\" target=\"_blank\" rel=\"noopener\">Devant la prison de la Sant\u00e9, o\u00f9 Nicolas Sarkozy est incarc\u00e9r\u00e9 : \u00abLe choc carc\u00e9ral, c\u2019est pour tout le monde<\/a>&nbsp;&nbsp;Lib\u00e9ration<\/li>\n<li><a href=\"https:\/\/news.google.com\/rss\/articles\/CBMi5wFBVV95cUxNVTFpNHdOaWJhTElhS3o1ZEo4akhpVTdoZzRTNG1YUVJ0R1JuUTQ3cHM3UnBkMUxXdkxfdWI4U1RlanZmcUw3Z09iaTQxbUVqNFhjU3VnNkpKTzZERzBHakg5V3dET3NHTk1yTFRZa3hPWFl5SE9aRXJSTEZkcnRLOVlwZWd3UGFtMENDV2loV0dJNHBWR3NHYlgzdVBmZTY0R0c3azl2NUdlMVdUOFJwUURHRmpoYUhoTENsNFFzdGRONFF6RmFLTU52N1hIcDdVVEZWS192SFZ6SEdvOXg5Yzd1MHlITWM?oc=5\" target=\"_blank\" rel=\"noopener\">EN DIRECT &#8211; Nicolas Sarkozy incarc\u00e9r\u00e9 : Emmanuel Macron estime que l&rsquo;ex\u00e9cution provisoire est un \u00ab\u00a0d\u00e9bat l\u00e9gitime\u00a0\u00bb \u00e0 \u00ab\u00a0mener dans le calme\u00a0\u00bb<\/a>&nbsp;&nbsp;RTL.fr<\/li>\n<li><a href=\"https:\/\/news.google.com\/rss\/articles\/CBMiwAFBVV95cUxPaXhwNmRFZXNCRkN6VThrSFVjejBpZWoycWZlN1hPY0M2aGNXMklKVm5ON1FMdm1vRkkxY0ZzdVdGRGVFd3V6ZVYyVUZhWEp4QTFIaWs2eGplMUU4RTFsc0xYWHpWNUhXUWpnNno5MGtXUVlRQ01pWVh3WkVFYXhpdEw4NVp5WFRIRThGMTRQTDNOREVHYTNySzFpY21SV0N2RTFqVDhDc0ZabG9wXzFGcWYyWURfaGNUN2NWdDNkS20?oc=5\" target=\"_blank\" rel=\"noopener\">Devant l\u2019immeuble de Nicolas Sarkozy : \u00ab \u00c0 mort les journalistes, \u00e0 mort les juges \u00bb<\/a>&nbsp;&nbsp;Mediapart<\/li>\n<\/ol>\n","protected":false},"excerpt":{"rendered":"EN DIRECT &#8211; Incarc\u00e9ration de Sarkozy : Macron estime \u00abl\u00e9gitime\u00bb le d\u00e9bat sur l\u2019ex\u00e9cution provisoire&nbsp;&nbsp;Lib\u00e9ration \u00ab Lib\u00e9rez Nicolas&hellip;\n","protected":false},"author":2,"featured_media":479610,"comment_status":"","ping_status":"","sticky":false,"template":"","format":"standard","meta":{"footnotes":""},"categories":[4],"tags":[11,1011,27,12,3091,899,25,5062],"class_list":{"0":"post-479609","1":"post","2":"type-post","3":"status-publish","4":"format-standard","5":"has-post-thumbnail","7":"category-france","8":"tag-actualites","9":"tag-fr","10":"tag-france","11":"tag-news","12":"tag-nicolas-sarkozy","13":"tag-prisons","14":"tag-republique-francaise","15":"tag-sarkozy-face-a-la-justice"},"share_on_mastodon":{"url":"https:\/\/pubeurope.com\/@fr\/115412521800578307","error":""},"_links":{"self":[{"href":"https:\/\/www.europesays.com\/fr\/wp-json\/wp\/v2\/posts\/479609","targetHints":{"allow":["GET"]}}],"collection":[{"href":"https:\/\/www.europesays.com\/fr\/wp-json\/wp\/v2\/posts"}],"about":[{"href":"https:\/\/www.europesays.com\/fr\/wp-json\/wp\/v2\/types\/post"}],"author":[{"embeddable":true,"href":"https:\/\/www.europesays.com\/fr\/wp-json\/wp\/v2\/users\/2"}],"replies":[{"embeddable":true,"href":"https:\/\/www.europesays.com\/fr\/wp-json\/wp\/v2\/comments?post=479609"}],"version-history":[{"count":0,"href":"https:\/\/www.europesays.com\/fr\/wp-json\/wp\/v2\/posts\/479609\/revisions"}],"wp:featuredmedia":[{"embeddable":true,"href":"https:\/\/www.europesays.com\/fr\/wp-json\/wp\/v2\/media\/479610"}],"wp:attachment":[{"href":"https:\/\/www.europesays.com\/fr\/wp-json\/wp\/v2\/media?parent=479609"}],"wp:term":[{"taxonomy":"category","embeddable":true,"href":"https:\/\/www.europesays.com\/fr\/wp-json\/wp\/v2\/categories?post=479609"},{"taxonomy":"post_tag","embeddable":true,"href":"https:\/\/www.europesays.com\/fr\/wp-json\/wp\/v2\/tags?post=479609"}],"curies":[{"name":"wp","href":"https:\/\/api.w.org\/{rel}","templated":true}]}}