{"id":47961,"date":"2025-04-24T01:13:08","date_gmt":"2025-04-24T01:13:08","guid":{"rendered":"https:\/\/www.europesays.com\/fr\/47961\/"},"modified":"2025-04-24T01:13:08","modified_gmt":"2025-04-24T01:13:08","slug":"psg-nouveau-stade-le-club-va-communiquer-actualite","status":"publish","type":"post","link":"https:\/\/www.europesays.com\/fr\/47961\/","title":{"rendered":"PSG : nouveau stade, le club va communiquer &#8211; Actualite"},"content":{"rendered":"<p>Le Paris Saint-Germain s\u2019appr\u00eate \u00e0 franchir une \u00e9tape cruciale dans son ambition de se doter de son propre stade. Selon l\u2019AFP, le club parisien pr\u00e9pare une communication officielle dans les prochains jours pour d\u00e9voiler les trois sites retenus pour accueillir sa future enceinte.<\/p>\n<p><strong>Trois destinations envisag\u00e9es <\/strong><\/p>\n<p>Le projet, dont le budget est estim\u00e9 \u00e0 pr\u00e8s d\u2019un milliard d\u2019euros, avance rapidement. Massy (Essonne) figure parmi les sites favoris : un stade de 90 000 places y est envisag\u00e9, accompagn\u00e9 de zones commerciales et h\u00f4teli\u00e8res. Deux autres villes sont \u00e9galement \u00e0 l\u2019\u00e9tude : Montigny-le-Bretonneux (Yvelines) et Poissy, o\u00f9 le PSG a d\u00e9j\u00e0 \u00e9tabli son centre d\u2019entra\u00eenement. Un quatri\u00e8me site, Saint-Cloud, proche du Parc des Princes, avait \u00e9t\u00e9 bri\u00e8vement \u00e9voqu\u00e9, mais les contraintes logistiques rendent cette option plus complexe.<\/p>\n<p><strong>Le Parc des Princes, c\u2019est fini ? <\/strong><\/p>\n<p>Depuis plusieurs mois, le PSG a act\u00e9 son impossibilit\u00e9 d\u2019acheter le Parc des Princes, propri\u00e9t\u00e9 de la Ville de Paris. Un bras de fer s\u2019est engag\u00e9, sans issue favorable pour le club, qui aurait donc d\u00e9cid\u00e9 de tourner la page.<\/p>\n","protected":false},"excerpt":{"rendered":"Le Paris Saint-Germain s\u2019appr\u00eate \u00e0 franchir une \u00e9tape cruciale dans son ambition de se doter de son propre&hellip;\n","protected":false},"author":2,"featured_media":47962,"comment_status":"","ping_status":"","sticky":false,"template":"","format":"standard","meta":{"footnotes":""},"categories":[1410],"tags":[13898,5244,871,13897,63,1011,27,4565,471,13899,60,2858],"class_list":{"0":"post-47961","1":"post","2":"type-post","3":"status-publish","4":"format-standard","5":"has-post-thumbnail","7":"category-football","8":"tag-choix","9":"tag-club","10":"tag-communiquer","11":"tag-exprimer","12":"tag-football","13":"tag-fr","14":"tag-france","15":"tag-nouveau","16":"tag-pour","17":"tag-sites","18":"tag-sports","19":"tag-stade"},"share_on_mastodon":{"url":"https:\/\/pubeurope.com\/@fr\/114390289993379518","error":""},"_links":{"self":[{"href":"https:\/\/www.europesays.com\/fr\/wp-json\/wp\/v2\/posts\/47961","targetHints":{"allow":["GET"]}}],"collection":[{"href":"https:\/\/www.europesays.com\/fr\/wp-json\/wp\/v2\/posts"}],"about":[{"href":"https:\/\/www.europesays.com\/fr\/wp-json\/wp\/v2\/types\/post"}],"author":[{"embeddable":true,"href":"https:\/\/www.europesays.com\/fr\/wp-json\/wp\/v2\/users\/2"}],"replies":[{"embeddable":true,"href":"https:\/\/www.europesays.com\/fr\/wp-json\/wp\/v2\/comments?post=47961"}],"version-history":[{"count":0,"href":"https:\/\/www.europesays.com\/fr\/wp-json\/wp\/v2\/posts\/47961\/revisions"}],"wp:featuredmedia":[{"embeddable":true,"href":"https:\/\/www.europesays.com\/fr\/wp-json\/wp\/v2\/media\/47962"}],"wp:attachment":[{"href":"https:\/\/www.europesays.com\/fr\/wp-json\/wp\/v2\/media?parent=47961"}],"wp:term":[{"taxonomy":"category","embeddable":true,"href":"https:\/\/www.europesays.com\/fr\/wp-json\/wp\/v2\/categories?post=47961"},{"taxonomy":"post_tag","embeddable":true,"href":"https:\/\/www.europesays.com\/fr\/wp-json\/wp\/v2\/tags?post=47961"}],"curies":[{"name":"wp","href":"https:\/\/api.w.org\/{rel}","templated":true}]}}