{"id":479611,"date":"2025-10-21T14:01:11","date_gmt":"2025-10-21T14:01:11","guid":{"rendered":"https:\/\/www.europesays.com\/fr\/479611\/"},"modified":"2025-10-21T14:01:11","modified_gmt":"2025-10-21T14:01:11","slug":"un-gant-et-un-casque-retrouves-la-nacelle-volee-sur-leboncoin-a-louvres","status":"publish","type":"post","link":"https:\/\/www.europesays.com\/fr\/479611\/","title":{"rendered":"Un gant et un casque retrouv\u00e9s, la nacelle vol\u00e9e sur Leboncoin\u2026 \u00e0 Louvres"},"content":{"rendered":"<p>L\u2019enqu\u00eate se poursuit, deux jours apr\u00e8s le spectaculaire <a href=\"https:\/\/www.20minutes.fr\/arts-stars\/medias\/4180327-20251020-cambriolage-louvre-digne-film-hautement-professionnel-vol-vu-presse-etrangere\" class=\"c-link c-link--is-underlined\" rel=\"nofollow noopener\" target=\"_blank\">cambriolage du Louvre<\/a>. Selon les informations du <a href=\"https:\/\/www.leparisien.fr\/faits-divers\/cambriolage-au-louvre-les-enqueteurs-ont-recupere-un-casque-de-moto-et-un-gant-20-10-2025-L5IIOS2FIZASBFRUFZNHLDB64M.php\" rel=\"nofollow noopener\" target=\"_blank\" class=\"c-link c-link--is-underlined\">Parisien,<\/a> de nouveaux \u00e9l\u00e9ments ont \u00e9t\u00e9 d\u00e9couverts, notamment un casque de moto appartenant \u00e0 l\u2019un des malfaiteurs.<\/p>\n<p>Dimanche, les voleurs sont repartis \u00ab\u00a0sur des scooters de haute puissance\u00a0\u00bb, avait pr\u00e9cis\u00e9 la procureure de Paris, Laure Beccuau. Seules quelques minutes ont \u00e9t\u00e9 n\u00e9cessaires, pour qu\u2019ils p\u00e9n\u00e8trent dans la galerie d\u2019Apollon un peu avant 10 heures, hiss\u00e9s sur un monte-charge. A l\u2019aide d\u2019une disqueuse, ils ont fractur\u00e9 <a href=\"https:\/\/www.20minutes.fr\/societe\/4180628-20251021-cambriolage-louvre-qualite-vitrines-fracturees-defendue-direction-musee\" class=\"c-link c-link--is-underlined\" rel=\"nofollow noopener\" target=\"_blank\">deux des trois nouvelles vitrines install\u00e9es fin\u00a02019<\/a> pour abriter les pr\u00e9cieux bijoux.<\/p>\n<\/p>\n<p>Une nacelle vol\u00e9e\u2026 \u00e0 Louvres<\/p>\n<p>Les enqu\u00eateurs auraient \u00e9galement retrouv\u00e9 un gant, \u00ab\u00a0ainsi que les cl\u00e9s du camion \u00e9quip\u00e9 d\u2019un \u00e9l\u00e9vateur utilis\u00e9 par les malfaiteurs pour acc\u00e9der au balcon et aux fen\u00eatres de la galerie d\u2019Apollon\u00a0\u00bb, pr\u00e9cise le quotidien francilien.<\/p>\n<p>Cette nacelle aurait \u00e9t\u00e9 d\u00e9rob\u00e9e avec violence avant le cambriolage du mus\u00e9e, via la plateforme <a href=\"https:\/\/www.20minutes.fr\/dossier\/le_bon_coin\" class=\"c-link c-link--is-underlined\" rel=\"nofollow noopener\" target=\"_blank\">Leboncoin<\/a>, rapporte Le Parisien. Le vendeur, qui a reconnu l\u2019engin sur les vid\u00e9os du vol, \u00e9tait bas\u00e9 \u00e0 Louvres dans le <a href=\"https:\/\/www.20minutes.fr\/dossier\/val_d_oise\" class=\"c-link c-link--is-underlined\" rel=\"nofollow noopener\" target=\"_blank\">Val-d\u2019Oise<\/a>. Un d\u00e9tail qui ne s\u2019invente pas. Auditionn\u00e9, il affirme avoir \u00e9t\u00e9 pi\u00e9g\u00e9 par des pr\u00e9tendus acheteurs qui l\u2019ont violent\u00e9 au moment de la transaction avant d\u2019embarquer la nacelle, sans payer la somme pr\u00e9vue.<\/p>\n<p><a href=\"https:\/\/www.20minutes.fr\/dossier\/cambriolage\" class=\"c-link c-btn c-btn--primary\" rel=\"nofollow noopener\" target=\"_blank\">D\u00e9couvrez notre dossier consacr\u00e9 aux cambriolages<\/a><\/p>\n<p>Un \u00ab\u00a0commando\u00a0\u00bb de quatre personnes est recherch\u00e9, avait indiqu\u00e9 la procureure de Paris, Laure Beccuau, \u00e9voquant la possible existence de \u00ab\u00a0commanditaires\u00a0\u00bb et de \u00ab\u00a0petites mains\u00a0\u00bb au sein de ce groupe criminel. Sur place, ils avaient d\u00e9j\u00e0 abandonn\u00e9 un gilet et du mat\u00e9riel, soumis \u00e0 analyse.<\/p>\n","protected":false},"excerpt":{"rendered":"L\u2019enqu\u00eate se poursuit, deux jours apr\u00e8s le spectaculaire cambriolage du Louvre. Selon les informations du Parisien, de nouveaux&hellip;\n","protected":false},"author":2,"featured_media":479612,"comment_status":"","ping_status":"","sticky":false,"template":"","format":"standard","meta":{"footnotes":""},"categories":[2],"tags":[47,11,1174,251,1067,118,658,1011,27,662,11274,3048,23977,12,626,2551,2292,10912],"class_list":{"0":"post-479611","1":"post","2":"type-post","3":"status-publish","4":"format-standard","5":"has-post-thumbnail","7":"category-actualites","8":"tag-actualite","9":"tag-actualites","10":"tag-cambriolage","11":"tag-culture","12":"tag-enquete","13":"tag-faits-divers","14":"tag-faits-divers-paris","15":"tag-fr","16":"tag-france","17":"tag-ile-de-france","18":"tag-louvre","19":"tag-musee","20":"tag-napoleon","21":"tag-news","22":"tag-paris","23":"tag-patrimoine","24":"tag-val-doise","25":"tag-voleur"},"share_on_mastodon":{"url":"https:\/\/pubeurope.com\/@fr\/115412525727737411","error":""},"_links":{"self":[{"href":"https:\/\/www.europesays.com\/fr\/wp-json\/wp\/v2\/posts\/479611","targetHints":{"allow":["GET"]}}],"collection":[{"href":"https:\/\/www.europesays.com\/fr\/wp-json\/wp\/v2\/posts"}],"about":[{"href":"https:\/\/www.europesays.com\/fr\/wp-json\/wp\/v2\/types\/post"}],"author":[{"embeddable":true,"href":"https:\/\/www.europesays.com\/fr\/wp-json\/wp\/v2\/users\/2"}],"replies":[{"embeddable":true,"href":"https:\/\/www.europesays.com\/fr\/wp-json\/wp\/v2\/comments?post=479611"}],"version-history":[{"count":0,"href":"https:\/\/www.europesays.com\/fr\/wp-json\/wp\/v2\/posts\/479611\/revisions"}],"wp:featuredmedia":[{"embeddable":true,"href":"https:\/\/www.europesays.com\/fr\/wp-json\/wp\/v2\/media\/479612"}],"wp:attachment":[{"href":"https:\/\/www.europesays.com\/fr\/wp-json\/wp\/v2\/media?parent=479611"}],"wp:term":[{"taxonomy":"category","embeddable":true,"href":"https:\/\/www.europesays.com\/fr\/wp-json\/wp\/v2\/categories?post=479611"},{"taxonomy":"post_tag","embeddable":true,"href":"https:\/\/www.europesays.com\/fr\/wp-json\/wp\/v2\/tags?post=479611"}],"curies":[{"name":"wp","href":"https:\/\/api.w.org\/{rel}","templated":true}]}}