{"id":479613,"date":"2025-10-21T14:02:11","date_gmt":"2025-10-21T14:02:11","guid":{"rendered":"https:\/\/www.europesays.com\/fr\/479613\/"},"modified":"2025-10-21T14:02:11","modified_gmt":"2025-10-21T14:02:11","slug":"halloween-mission-sucree-aux-vitrines-de-firminy-pour-gagner-des-lots","status":"publish","type":"post","link":"https:\/\/www.europesays.com\/fr\/479613\/","title":{"rendered":"Halloween : Mission sucr\u00e9e aux Vitrines de Firminy pour gagner des lots"},"content":{"rendered":"<p>Rendez-vous du samedi 25 au vendredi 31 octobre 2025 chez vos commer\u00e7ants des Vitrines de Firminy.<\/p>\n<p>Sous condition d&rsquo;achat, vous pourrez r\u00e9cup\u00e9rer un sachet de bonbons en passant en caisse et vous pourrez vous photographier avec votre butin, d\u00e9guis\u00e9 ou non, \u00e0 la fin de l&rsquo;op\u00e9ration, puis envoyez la photo par mail \u00e0 lesvitrinesdefiminy42@gmail.com <\/p>\n<p>Un tirage au sort aura lieu pour remporter 50\u20ac de bon d&rsquo;achat dans la boutique adh\u00e9rente \u00ab\u00a0F\u00eates vos jeux\u00a0\u00bb ainsi que deux bons d&rsquo;achat de 25\u20ac \u00e0 la libraire adh\u00e9rente \u00ab\u00a0l&rsquo;Hirondaine\u00a0\u00bb. <\/p>\n<p>Rendez-vous du samedi 25 au vendredi 31 octobre 2025 chez vos commer\u00e7ants des Vitrines de Firminy<\/p>\n<p>Plus d&rsquo;infos sur le site <a class=\"url\" href=\"https:\/\/lesvitrinesdefirminy.com\/\" target=\"_blank\" rel=\"noopener\">lesvitrinesdefirminy.com<\/a><\/p>\n<p>Radio SCOOP est partenaire de l&rsquo;op\u00e9ration<\/p>\n<p><\/p>\n<tr>\n<td class=\"defaut\"><a href=\"https:\/\/www.radioscoop.com\/agenda\/javascript:void(0)\" onclick=\"parent.RS.diaporama.addMedia(712168) ;\" target=\"_blank\" rel=\"noopener\"><img loading=\"lazy\" decoding=\"async\" src=\"https:\/\/www.europesays.com\/fr\/wp-content\/uploads\/2025\/10\/1761055331_947_img\" width=\"452\" height=\"640\" border=\"0\" title=\"Halloween : Mission sucr\u00e9e aux Vitrines de Firminy pour gagner des lots\"\/><\/a><\/td>\n<\/tr>\n<p><\/p>\n","protected":false},"excerpt":{"rendered":"Rendez-vous du samedi 25 au vendredi 31 octobre 2025 chez vos commer\u00e7ants des Vitrines de Firminy. Sous condition&hellip;\n","protected":false},"author":2,"featured_media":479614,"comment_status":"","ping_status":"","sticky":false,"template":"","format":"standard","meta":{"footnotes":""},"categories":[9653],"tags":[1111,11,2430,60293,1777,674,10282,1011,27,20815,12,25,4001,19520],"class_list":{"0":"post-479613","1":"post","2":"type-post","3":"status-publish","4":"format-standard","5":"has-post-thumbnail","7":"category-saint-etienne","8":"tag-actu","9":"tag-actualites","10":"tag-auvergne-rhone-alpes","11":"tag-commerant","12":"tag-eu","13":"tag-europe","14":"tag-firminy","15":"tag-fr","16":"tag-france","17":"tag-halloween","18":"tag-news","19":"tag-republique-francaise","20":"tag-saint-etienne","21":"tag-vitrines"},"share_on_mastodon":{"url":"https:\/\/pubeurope.com\/@fr\/115412530153889685","error":""},"_links":{"self":[{"href":"https:\/\/www.europesays.com\/fr\/wp-json\/wp\/v2\/posts\/479613","targetHints":{"allow":["GET"]}}],"collection":[{"href":"https:\/\/www.europesays.com\/fr\/wp-json\/wp\/v2\/posts"}],"about":[{"href":"https:\/\/www.europesays.com\/fr\/wp-json\/wp\/v2\/types\/post"}],"author":[{"embeddable":true,"href":"https:\/\/www.europesays.com\/fr\/wp-json\/wp\/v2\/users\/2"}],"replies":[{"embeddable":true,"href":"https:\/\/www.europesays.com\/fr\/wp-json\/wp\/v2\/comments?post=479613"}],"version-history":[{"count":0,"href":"https:\/\/www.europesays.com\/fr\/wp-json\/wp\/v2\/posts\/479613\/revisions"}],"wp:featuredmedia":[{"embeddable":true,"href":"https:\/\/www.europesays.com\/fr\/wp-json\/wp\/v2\/media\/479614"}],"wp:attachment":[{"href":"https:\/\/www.europesays.com\/fr\/wp-json\/wp\/v2\/media?parent=479613"}],"wp:term":[{"taxonomy":"category","embeddable":true,"href":"https:\/\/www.europesays.com\/fr\/wp-json\/wp\/v2\/categories?post=479613"},{"taxonomy":"post_tag","embeddable":true,"href":"https:\/\/www.europesays.com\/fr\/wp-json\/wp\/v2\/tags?post=479613"}],"curies":[{"name":"wp","href":"https:\/\/api.w.org\/{rel}","templated":true}]}}