{"id":479626,"date":"2025-10-21T14:09:10","date_gmt":"2025-10-21T14:09:10","guid":{"rendered":"https:\/\/www.europesays.com\/fr\/479626\/"},"modified":"2025-10-21T14:09:10","modified_gmt":"2025-10-21T14:09:10","slug":"pres-de-montpellier-vendargues-epinglee-pour-sa-foret-de-panneaux-publicitaires-cest-moche","status":"publish","type":"post","link":"https:\/\/www.europesays.com\/fr\/479626\/","title":{"rendered":"Pr\u00e8s de Montpellier. Vendargues \u00e9pingl\u00e9e pour sa \u00ab\u00a0for\u00eat de panneaux publicitaires\u00a0\u00bb, c&rsquo;est moche\u00a0!"},"content":{"rendered":"<p>            Par<br \/>\n        <strong><br \/>\n            <a href=\"https:\/\/actu.fr\/auteur\/metropoop\" title=\"Consulter tous les articles de R\u00e9daction M\u00e9tropolitain\" target=\"_blank\" rel=\"noopener\">R\u00e9daction M\u00e9tropolitain<\/a><br \/>\n        <\/strong><\/p>\n<p>        Publi\u00e9 le<\/p>\n<p>            21 oct. 2025 \u00e0 15h33        <\/p>\n<p>La commune de <strong>Vendargues<\/strong>, \u00e0 l\u2019est de Montpellier a re\u00e7u un prix de <strong>la France moche 2025<\/strong>, dont le palmar\u00e8s vient d\u2019\u00eatre d\u00e9voil\u00e9 par l\u2019association Paysages de France pour \u00ab\u00a0une for\u00eat de panneaux publicitaires\u00a0\u00bb align\u00e9e sur une portion de la RD 613. C\u2019est moche !\u00a0<\/p>\n<p>    <a href=\"https:\/\/www.google.com\/maps\/embed?pb=!1m18!1m12!1m3!1d5551.28985761751!2d3.9615125153210866!3d43.6515551218156!2m3!1f0!2f0!3f0!3m2!1i1024!2i768!4f13.1!3m3!1m2!1s0x12b6a698501d0089%3A0xde176b765f8afa67!2sAv.%20de%20Montpellier%2C%2034740%20Vendargues!5e0!3m2!1sfr!2sfr!4v1761037840749!5m2!1sfr!2sfr\" title=\"Ouvrie le lien\" target=\"_blank\" rel=\"noopener\">Cliquez ici pour visualiser le contenu<\/a><\/p>\n<p class=\" wall-content\">Comme chaque ann\u00e9e, l\u2019association Paysages de France a sollicit\u00e9 ses adh\u00e9rents pour photographier un lieu qu\u2019ils estimaient \u00ab\u00a0moche\u00a0\u00bb dans leur environnement. \u00ab\u00a0Le beau, le moche, c\u2019est bien s\u00fbr subjectif\u2026 \u00c0 chacun donc d\u2019ouvrir les yeux et de porter son propre regard sur les lieux retenus. Il ne s\u2019agit pas d\u2019un classement des villes les plus moches, mais de quatre endroits de France, dans quatre communes de France, qui, pour nous, repr\u00e9sentent un peu de la France moche\u00a0\u00bb, expliquent les responsables de Paysages de France.<\/p>\n<p class=\" wall-content\">Parmi les quatre communes retenues dans ce palmar\u00e8s figure donc Vendargues et sa \u00ab\u00a0for\u00eat d\u2019enseignes\u00a0\u00bb \u00ab\u00a0\u00e9touffant le paysage, incarne la laideur ordinaire des entr\u00e9es de ville fran\u00e7aises. Alors qu\u2019un relais information service -RIS- aurait offert une pr\u00e9sentation claire et centralis\u00e9e de l\u2019ensemble des commerces sans sacrifier le paysage v\u00e9g\u00e9talis\u00e9 bordant la route\u00a0\u00bb, rel\u00e8ve Paysages de France.<\/p>\n<p>Vid\u00e9os : en ce moment sur Actu<\/p>\n<p class=\" wall-content\">L\u2019association ajoute : \u00ab\u00a0esp\u00e9rons que ces prix 2025 continueront d\u2019ouvrir les yeux de ceux et celles qui semblent se voiler la face au nom du progr\u00e8s et de la modernit\u00e9 devant des zones commerciales tentaculaires, des rues satur\u00e9es de panneaux publicitaires, la num\u00e9risation croissante de l\u2019espace public ou une b\u00e9tonisation galopante\u00a0\u00bb.<\/p>\n<p class=\" wall-content\">Petite pr\u00e9cision pour \u00e9viter de tomber dans le panneau : c\u2019est cet alignement de nombreuses enseignes rapproch\u00e9es le long de la RD 613 qui est moche, pas le village de Vendargues bien s\u00fbr !\u00a0<\/p>\n<p>Votre r\u00e9gion, votre actu !<\/p>\n<p>Recevez chaque jour les infos qui comptent pour vous.<\/p>\n<p>\t<a href=\"https:\/\/actu.fr\/newsletter\" class=\"ac-btn ac-btn--corner ac-btn--medium ac-btn--blue800\" target=\"_blank\" rel=\"noopener\">S&rsquo;incrire<\/a><br \/>\n&gt; Le palmar\u00e8s complet et les actions de Paysages de France <a href=\"https:\/\/www.paysagesdefrance.org\" target=\"_blank\" rel=\"noopener\">ici<\/a><\/p>\n<p class=\" wall-content\">Personnalisez votre actualit\u00e9 en ajoutant vos villes et m\u00e9dias en favori avec <a href=\"https:\/\/moncompte.actu.fr\" title=\"D\u00e9couvez Mon Actu\" rel=\"nofollow noopener\" data-trk=\"{&quot;cta&quot;:{&quot;action&quot;:&quot;https:\\\/\\\/moncompte.actu.fr&quot;,&quot;category&quot;:&quot;mon compte&quot;,&quot;from&quot;:&quot;article footer&quot;,&quot;name&quot;:&quot;Mon actu&quot;,&quot;type&quot;:&quot;cta&quot;}}\" target=\"_blank\">Mon Actu<\/a>.<\/p>\n","protected":false},"excerpt":{"rendered":"Par R\u00e9daction M\u00e9tropolitain Publi\u00e9 le 21 oct. 2025 \u00e0 15h33 La commune de Vendargues, \u00e0 l\u2019est de Montpellier&hellip;\n","protected":false},"author":2,"featured_media":479627,"comment_status":"","ping_status":"","sticky":false,"template":"","format":"standard","meta":{"footnotes":""},"categories":[9599],"tags":[1111,11,436,1777,674,1011,27,1757,2208,12,2680,25],"class_list":{"0":"post-479626","1":"post","2":"type-post","3":"status-publish","4":"format-standard","5":"has-post-thumbnail","7":"category-montpellier","8":"tag-actu","9":"tag-actualites","10":"tag-environnement","11":"tag-eu","12":"tag-europe","13":"tag-fr","14":"tag-france","15":"tag-insolite","16":"tag-montpellier","17":"tag-news","18":"tag-occitanie","19":"tag-republique-francaise"},"share_on_mastodon":{"url":"https:\/\/pubeurope.com\/@fr\/115412561122380761","error":""},"_links":{"self":[{"href":"https:\/\/www.europesays.com\/fr\/wp-json\/wp\/v2\/posts\/479626","targetHints":{"allow":["GET"]}}],"collection":[{"href":"https:\/\/www.europesays.com\/fr\/wp-json\/wp\/v2\/posts"}],"about":[{"href":"https:\/\/www.europesays.com\/fr\/wp-json\/wp\/v2\/types\/post"}],"author":[{"embeddable":true,"href":"https:\/\/www.europesays.com\/fr\/wp-json\/wp\/v2\/users\/2"}],"replies":[{"embeddable":true,"href":"https:\/\/www.europesays.com\/fr\/wp-json\/wp\/v2\/comments?post=479626"}],"version-history":[{"count":0,"href":"https:\/\/www.europesays.com\/fr\/wp-json\/wp\/v2\/posts\/479626\/revisions"}],"wp:featuredmedia":[{"embeddable":true,"href":"https:\/\/www.europesays.com\/fr\/wp-json\/wp\/v2\/media\/479627"}],"wp:attachment":[{"href":"https:\/\/www.europesays.com\/fr\/wp-json\/wp\/v2\/media?parent=479626"}],"wp:term":[{"taxonomy":"category","embeddable":true,"href":"https:\/\/www.europesays.com\/fr\/wp-json\/wp\/v2\/categories?post=479626"},{"taxonomy":"post_tag","embeddable":true,"href":"https:\/\/www.europesays.com\/fr\/wp-json\/wp\/v2\/tags?post=479626"}],"curies":[{"name":"wp","href":"https:\/\/api.w.org\/{rel}","templated":true}]}}