{"id":479635,"date":"2025-10-21T14:14:13","date_gmt":"2025-10-21T14:14:13","guid":{"rendered":"https:\/\/www.europesays.com\/fr\/479635\/"},"modified":"2025-10-21T14:14:13","modified_gmt":"2025-10-21T14:14:13","slug":"guerre-en-ukraine-la-reporter-anne-nivat-invitee-de-la-zone-de-defense-ouest-a-rennes","status":"publish","type":"post","link":"https:\/\/www.europesays.com\/fr\/479635\/","title":{"rendered":"Guerre en Ukraine\u00a0: la reporter Anne Nivat invit\u00e9e de la zone de d\u00e9fense ouest, \u00e0 Rennes"},"content":{"rendered":"<p>Faut-il avoir peur de la Russie\u00a0? Quelles sont et seront les cons\u00e9quences de la guerre en Ukraine\u00a0? Ce sont les graves sujets qu\u2019abordera <a href=\"https:\/\/laval.maville.com\/info\/info-locale\/une-reporter-de-guerre-dans-une-ville-en-paix-4119689\" target=\"_blank\" rel=\"noopener\">la journaliste et reporter de guerre Anne Nivat<\/a>, mardi 25\u00a0novembre 2025, \u00e0 19\u00a0h, dans l\u2019amphith\u00e9\u00e2tre du quartier militaire Lyautey (rue des Munitionnettes, \u00e0 saint-Jacques-de-la-Lande, m\u00e9tro ligne B La Courrouze), dans le cadre des <a href=\"https:\/\/rennes.maville.com\/actu\/actudet_-a-rennes-un-nouveau-commandant-a-la-tete-de-la-zone-terre-nord-ouest-a-la-rentree-_7-6350143_actu.Htm\" target=\"_blank\" rel=\"noopener\">conf\u00e9rences Arm\u00e9es zone ouest organis\u00e9es par la zone de d\u00e9fense et de s\u00e9curit\u00e9 ouest<\/a>.<\/p>\n<p><strong>Lire aussi\u00a0: <\/strong> <a href=\"https:\/\/rennes.maville.com\/actu\/actudet_--entretien.-c-est-la-vie-pas-la-guerre-qui-m-interesse-raconte-la-reporter-anne-nivat-_54135-4579169_actu.Htm\" target=\"_blank\" rel=\"noopener\">\u00ab\u00a0C\u2019est la vie, pas la guerre qui m\u2019int\u00e9resse\u00a0\u00bb, raconte la reporter Anne Nivat<\/a><\/p>\n<p>Docteure en sciences politiques, \u00e9crivaine, politologue, Anne Nivat est une sp\u00e9cialiste des questions internationales.\u00a0Anne Nivat a remport\u00e9 plusieurs prix litt\u00e9raires dont le prix Albert-Londres pour Chienne de guerre (Fayard, 2000), le prix litt\u00e9raire de l\u2019Arm\u00e9e de terre \u2013 Erwan Bergot pour \u00ab\u00a0Lendemains de guerre en Afghanistan et en Irak\u00a0\u00bb, et <a href=\"https:\/\/rennes.maville.com\/actu\/actudet_-livre.-entre-ukraine-et-russie-la-haine-et-le-deni-_53511-6282373_actu.Htm\" target=\"_blank\" rel=\"noopener\">la m\u00e9daille d\u2019argent du prix Anna-de-Noailles pour \u00ab\u00a0La haine et le d\u00e9ni. Avec les Ukrainiens et les Russes dans la guerre\u00a0\u00bb<\/a>. Pratique. Entr\u00e9e gratuite mais inscription obligatoire au 02\u00a023\u00a035\u00a026\u00a035, ou par courriel \u00e0 l\u2019adresse emzd-rennes-com.ogzds.fct@intradef.gouv.fr<\/p>\n<p>\u00a0<\/p>\n","protected":false},"excerpt":{"rendered":"Faut-il avoir peur de la Russie\u00a0? Quelles sont et seront les cons\u00e9quences de la guerre en Ukraine\u00a0? Ce&hellip;\n","protected":false},"author":2,"featured_media":479636,"comment_status":"","ping_status":"","sticky":false,"template":"","format":"standard","meta":{"footnotes":""},"categories":[2821],"tags":[1111,11,12010,829,554,1777,674,1011,27,1146,6591,12,60296,9144,584,60295,25,220,8436],"class_list":{"0":"post-479635","1":"post","2":"type-post","3":"status-publish","4":"format-standard","5":"has-post-thumbnail","7":"category-rennes","8":"tag-actu","9":"tag-actualites","10":"tag-anne","11":"tag-bretagne","12":"tag-defense","13":"tag-eu","14":"tag-europe","15":"tag-fr","16":"tag-france","17":"tag-guerre","18":"tag-invitee","19":"tag-news","20":"tag-nivat","21":"tag-ouest","22":"tag-rennes","23":"tag-reporter","24":"tag-republique-francaise","25":"tag-ukraine","26":"tag-zone"},"share_on_mastodon":{"url":"https:\/\/pubeurope.com\/@fr\/115412576882837642","error":""},"_links":{"self":[{"href":"https:\/\/www.europesays.com\/fr\/wp-json\/wp\/v2\/posts\/479635","targetHints":{"allow":["GET"]}}],"collection":[{"href":"https:\/\/www.europesays.com\/fr\/wp-json\/wp\/v2\/posts"}],"about":[{"href":"https:\/\/www.europesays.com\/fr\/wp-json\/wp\/v2\/types\/post"}],"author":[{"embeddable":true,"href":"https:\/\/www.europesays.com\/fr\/wp-json\/wp\/v2\/users\/2"}],"replies":[{"embeddable":true,"href":"https:\/\/www.europesays.com\/fr\/wp-json\/wp\/v2\/comments?post=479635"}],"version-history":[{"count":0,"href":"https:\/\/www.europesays.com\/fr\/wp-json\/wp\/v2\/posts\/479635\/revisions"}],"wp:featuredmedia":[{"embeddable":true,"href":"https:\/\/www.europesays.com\/fr\/wp-json\/wp\/v2\/media\/479636"}],"wp:attachment":[{"href":"https:\/\/www.europesays.com\/fr\/wp-json\/wp\/v2\/media?parent=479635"}],"wp:term":[{"taxonomy":"category","embeddable":true,"href":"https:\/\/www.europesays.com\/fr\/wp-json\/wp\/v2\/categories?post=479635"},{"taxonomy":"post_tag","embeddable":true,"href":"https:\/\/www.europesays.com\/fr\/wp-json\/wp\/v2\/tags?post=479635"}],"curies":[{"name":"wp","href":"https:\/\/api.w.org\/{rel}","templated":true}]}}