{"id":479637,"date":"2025-10-21T14:15:17","date_gmt":"2025-10-21T14:15:17","guid":{"rendered":"https:\/\/www.europesays.com\/fr\/479637\/"},"modified":"2025-10-21T14:15:17","modified_gmt":"2025-10-21T14:15:17","slug":"rennes-pret-a-copier-monaco-pour-le-remplacant-de-beye","status":"publish","type":"post","link":"https:\/\/www.europesays.com\/fr\/479637\/","title":{"rendered":"Rennes pr\u00eat \u00e0 copier Monaco pour le rempla\u00e7ant de Beye ?"},"content":{"rendered":"<p>Rennes conna\u00eet un d\u00e9but de saison pour le moins compliqu\u00e9. Pourtant, tout avait bien commenc\u00e9, avec une victoire d\u00e8s la 1re journ\u00e9e de <a href=\"https:\/\/www.onzemondial.com\/ligue-1\" target=\"_blank\" rel=\"noopener\">Ligue 1<\/a>, arrach\u00e9e \u00e0 10 contre 11, face \u00e0 l&rsquo;<a href=\"https:\/\/www.onzemondial.com\/france\/om.html\" target=\"_blank\" rel=\"noopener\">OM<\/a> (1-0). Mais depuis, c&rsquo;est une tr\u00e8s lourde d\u00e9faite dans le derby, et surtout, 1 seule victoire lors des sept derniers matchs. Actuellement, Rennes reste sur quatre matchs nuls cons\u00e9cutifs. Habib Beye n&rsquo;a pas le choix. Il va devoir gagner d\u00e8s la semaine prochaine pour sauver sa place.<\/p>\n<p>Philippe Cl\u00e9ment pour succ\u00e9der \u00e0 Habibe Beye ?<\/p>\n<p>\u00c0 lire aussi :<\/p>\n<p>Apr\u00e8s les derni\u00e8res performances d\u00e9cevantes, malgr\u00e9 un effectif comp\u00e9titif mis \u00e0 sa disposition, Habib Beye est en danger sur le banc du Stade Rennais, car il ne donne pas satisfaction ni \u00e0 ses dirigeants, ni \u00e0 ses supporters. En interne, il est critiqu\u00e9 pour de nombreuses d\u00e9cisions, ce qui force ses dirigeants \u00e0 entamer des recherches autour de son successeur. Un nom ressort d\u00e9j\u00e0 !<\/p>\n<p>Selon les informations de Foot Mercato, les dirigeants du Stade Rennais seraient \u00e0 la recherche du futur entra\u00eeneur de l&rsquo;\u00e9quipe des Bretons, et l\u2019un des noms qui reviendrait avec insistance serait celui de Philippe Cl\u00e9ment. Anciennement sur le banc des Glasgow Rangers, jusqu&rsquo;\u00e0 son d\u00e9part, en f\u00e9vrier 2025, il est actuellement \u00e0 la recherche d&rsquo;un nouveau challenge, et son profil plairait \u00e9norm\u00e9ment \u00e0 Rennes. Reste \u00e0 voir s&rsquo;ils se d\u00e9barrasseront de l&rsquo;ancien capitaine de l&rsquo;<a href=\"https:\/\/www.onzemondial.com\/france\/om.html\" target=\"_blank\" rel=\"noopener\">OM<\/a> dans les prochaines semaines pour redonner les clefs du camion \u00e0 un nouveau coach. Affaire \u00e0 suivre en Bretagne&#8230;<\/p>\n<p>   Partagez cette info avec vos amis et vos proches en cliquant ici<br \/> Pour r\u00e9sumer<\/p>\n<p>Rien ne va plus \u00e0 Rennes. Apr\u00e8s un d\u00e9but prometteur, les Bretons plongent dans le doute et n\u2019avancent plus en Ligue 1. Sous pression, Habib Beye joue d\u00e9sormais sa survie sur le banc. En coulisse, le club aurait d\u00e9j\u00e0 coch\u00e9 un nom prestigieux pour lui succ\u00e9der : Philippe Cl\u00e9ment.<\/p>\n<p>R\u00e9dacteur<\/p>\n<p><img decoding=\"async\" width=\"76\" height=\"76\" loading=\"lazy\" src=\"https:\/\/www.europesays.com\/fr\/wp-content\/uploads\/2025\/04\/avatar-onze.webp.webp\" alt=\"Antoine Champoussin\"\/><\/p>\n","protected":false},"excerpt":{"rendered":"Rennes conna\u00eet un d\u00e9but de saison pour le moins compliqu\u00e9. Pourtant, tout avait bien commenc\u00e9, avec une victoire&hellip;\n","protected":false},"author":2,"featured_media":479638,"comment_status":"","ping_status":"","sticky":false,"template":"","format":"standard","meta":{"footnotes":""},"categories":[2821],"tags":[1111,11,829,1777,674,1011,27,66,12,584,25,10662],"class_list":{"0":"post-479637","1":"post","2":"type-post","3":"status-publish","4":"format-standard","5":"has-post-thumbnail","7":"category-rennes","8":"tag-actu","9":"tag-actualites","10":"tag-bretagne","11":"tag-eu","12":"tag-europe","13":"tag-fr","14":"tag-france","15":"tag-ligue-1","16":"tag-news","17":"tag-rennes","18":"tag-republique-francaise","19":"tag-transferts"},"share_on_mastodon":{"url":"https:\/\/pubeurope.com\/@fr\/115412581320805575","error":""},"_links":{"self":[{"href":"https:\/\/www.europesays.com\/fr\/wp-json\/wp\/v2\/posts\/479637","targetHints":{"allow":["GET"]}}],"collection":[{"href":"https:\/\/www.europesays.com\/fr\/wp-json\/wp\/v2\/posts"}],"about":[{"href":"https:\/\/www.europesays.com\/fr\/wp-json\/wp\/v2\/types\/post"}],"author":[{"embeddable":true,"href":"https:\/\/www.europesays.com\/fr\/wp-json\/wp\/v2\/users\/2"}],"replies":[{"embeddable":true,"href":"https:\/\/www.europesays.com\/fr\/wp-json\/wp\/v2\/comments?post=479637"}],"version-history":[{"count":0,"href":"https:\/\/www.europesays.com\/fr\/wp-json\/wp\/v2\/posts\/479637\/revisions"}],"wp:featuredmedia":[{"embeddable":true,"href":"https:\/\/www.europesays.com\/fr\/wp-json\/wp\/v2\/media\/479638"}],"wp:attachment":[{"href":"https:\/\/www.europesays.com\/fr\/wp-json\/wp\/v2\/media?parent=479637"}],"wp:term":[{"taxonomy":"category","embeddable":true,"href":"https:\/\/www.europesays.com\/fr\/wp-json\/wp\/v2\/categories?post=479637"},{"taxonomy":"post_tag","embeddable":true,"href":"https:\/\/www.europesays.com\/fr\/wp-json\/wp\/v2\/tags?post=479637"}],"curies":[{"name":"wp","href":"https:\/\/api.w.org\/{rel}","templated":true}]}}