{"id":479639,"date":"2025-10-21T14:16:12","date_gmt":"2025-10-21T14:16:12","guid":{"rendered":"https:\/\/www.europesays.com\/fr\/479639\/"},"modified":"2025-10-21T14:16:12","modified_gmt":"2025-10-21T14:16:12","slug":"mundolsheim-la-culture-bretonne-sera-a-la-fete-ce-samedi-avec-le-fest-noz-organise-par-le-bagad-kiz-avel","status":"publish","type":"post","link":"https:\/\/www.europesays.com\/fr\/479639\/","title":{"rendered":"Mundolsheim. La culture bretonne sera \u00e0 la f\u00eate ce samedi avec le fest-noz organis\u00e9 par le bagad\u00a0Kiz-Avel"},"content":{"rendered":"<p>Ce fest-noz, rendez-vous annuel incontournable de la musique bretonne en Alsace, est attendu par tous les passionn\u00e9s de musique celtique. Ce samedi 25\u00a0octobre, \u00e0 partir de 19\u00a0h, <a href=\"https:\/\/bagad-kizavel.alsace\/\" target=\"_blank\" rel=\"noopener\">le bagad Kiz-Avel<\/a> assurera une premi\u00e8re partie musicale ainsi que Nar\u2019h. Le groupe invit\u00e9, Carr\u00e9 Manchot, fera danser aussi bien une foule d\u2019initi\u00e9s, fid\u00e8les \u00e0 ce rendez-vous, que les n\u00e9ophytes d\u00e9sireux de se joindre \u00e0 la pratique collective de danses traditionnelles bretonnes. Depuis 2012, le fest-noz est inscrit au patrimoine culturel immat\u00e9riel de l\u2019Unesco.<\/p>\n<p>Toute <a href=\"https:\/\/www.dna.fr\/culture-loisirs\/2023\/02\/02\/le-clip-aux-15-000-vues-du-bagad-kiz-avel\" target=\"_blank\" rel=\"noopener\">l\u2019\u00e9quipe du bagad<\/a> s\u2019affairera en cuisine pour proposer un pot-au-feu maison ainsi que des galettes de bl\u00e9 noir et des cr\u00eapes, tout au long de la soir\u00e9e, au centre culturel de Mundolsheim.<\/p>\n<p>Ce contenu est bloqu\u00e9 car vous n&rsquo;avez pas accept\u00e9 les cookies et autres traceurs.<\/p>\n<p>En cliquant sur \u00ab J\u2019accepte \u00bb, les cookies et autres traceurs seront d\u00e9pos\u00e9s et vous pourrez visualiser les contenus  (<a href=\"\" class=\"consentModule_policy\" target=\"_blank\" title=\"Consulter la politique de protection des donn\u00e9es du fournisseur\">plus d&rsquo;informations<\/a>).<\/p>\n<p>En cliquant sur \u00ab J\u2019accepte tous les cookies \u00bb, vous autorisez des d\u00e9p\u00f4ts de cookies et autres traceurs pour le stockage de vos donn\u00e9es sur nos sites et applications \u00e0 des fins de personnalisation et de ciblage publicitaire.<\/p>\n<p class=\"consentModule_secondaryText\">Vous gardez la possibilit\u00e9 de retirer votre consentement \u00e0 tout moment en consultant notre <a href=\"https:\/\/www.dna.fr\/protection-des-donnees\" target=\"_blank\" title=\"Consulter notre politique de protection des donn\u00e9es\" rel=\"noopener\">politique de protection des donn\u00e9es<\/a>. <br \/>&#13;<br \/>\n            <a href=\"https:\/\/www.dna.fr\/culture-loisirs\/2025\/10\/21\/javascript:Didomi.notice.show()\" class=\"consentModule_cmp\" target=\"_blank\" rel=\"noopener\">G\u00e9rer mes choix<\/a>&#13;\n        <\/p>\n<p>&#13;<br \/>\n                        J&rsquo;accepte&#13;<br \/>\n            J&rsquo;accepte tous les cookies&#13;\n        <\/p>\n<p>  Le groupe Carr\u00e9 Manchot, habitu\u00e9 des fest-noz<\/p>\n<p>Form\u00e9 en 1986, le groupe Carr\u00e9 Manchot anime de nombreux fest-noz. Avec son \u00e9nergie communicative et son sens de la f\u00eate, le groupe a su conqu\u00e9rir tous les publics et s\u2019est produit sur de grandes sc\u00e8nes, des Francofolies de La\u00a0Rochelle au Bataclan \u00e0 Paris en passant par le Festival interceltique de Lorient.\u00a0Gilbert Le Pennec, \u00e0 la guitare\u00a0; Yannick Alory, aux fl\u00fbtes\u00a0; Yann Lo\u00efc Joly, \u00e0 l\u2019accord\u00e9on diatonique\u00a0; Lo\u00efc Bl\u00e9jean, aux uilleann pipes et low whistle (*), et Patrick Marie, au chant, donnent rendez-vous au public pour cette f\u00eate populaire.<\/p>\n<p class=\"note\">* Uilleann pipes\u00a0: cornemuse irlandaise.\u00a0Low whistle\u00a0: fl\u00fbte irlandaise basse. Samedi 25\u00a0octobre, \u00e0 partir de 19\u00a0h au centre culturel de Mundolsheim.\u00a0R\u00e9servations (tarif pr\u00e9f\u00e9rentiel)\u00a0: https:\/\/www.helloasso.com\/associations\/bagad-kiz-avel-strasbourg\/evenements\/fest-noz-2025-du-bagad-kiz-avel-strasbourg-mundolsheim. Tarifs\u00a0: entr\u00e9e 10\u00a0\u20ac\u00a0; entr\u00e9e gratuite pour les moins de 12 ans.\u00a0Entr\u00e9e +\u00a0galette +\u00a0cr\u00eape\u00a0: 20\u00a0\u20ac.\u00a0Entr\u00e9e +\u00a0pot-au-feu +\u00a0cr\u00eape au sucre\u00a0: 25\u00a0\u20ac.<\/p>\n","protected":false},"excerpt":{"rendered":"Ce fest-noz, rendez-vous annuel incontournable de la musique bretonne en Alsace, est attendu par tous les passionn\u00e9s de&hellip;\n","protected":false},"author":2,"featured_media":479640,"comment_status":"","ping_status":"","sticky":false,"template":"","format":"standard","meta":{"footnotes":""},"categories":[2820],"tags":[1111,11,1687,2880,1777,674,3326,107,1011,27,775,3264,873,12,4043,25,953,3140,640,3265],"class_list":{"0":"post-479639","1":"post","2":"type-post","3":"status-publish","4":"format-standard","5":"has-post-thumbnail","7":"category-strasbourg","8":"tag-actu","9":"tag-actualites","10":"tag-culture-loisirs","11":"tag-edition-strasbourg","12":"tag-eu","13":"tag-europe","14":"tag-fete-locale","15":"tag-fil-info","16":"tag-fr","17":"tag-france","18":"tag-grand-est","19":"tag-mundolsheim","20":"tag-musique","21":"tag-news","22":"tag-repas-et-the-dansant","23":"tag-republique-francaise","24":"tag-soiree","25":"tag-spectacle","26":"tag-strasbourg","27":"tag-strasbourg-nord"},"share_on_mastodon":{"url":"https:\/\/pubeurope.com\/@fr\/115412584902974564","error":""},"_links":{"self":[{"href":"https:\/\/www.europesays.com\/fr\/wp-json\/wp\/v2\/posts\/479639","targetHints":{"allow":["GET"]}}],"collection":[{"href":"https:\/\/www.europesays.com\/fr\/wp-json\/wp\/v2\/posts"}],"about":[{"href":"https:\/\/www.europesays.com\/fr\/wp-json\/wp\/v2\/types\/post"}],"author":[{"embeddable":true,"href":"https:\/\/www.europesays.com\/fr\/wp-json\/wp\/v2\/users\/2"}],"replies":[{"embeddable":true,"href":"https:\/\/www.europesays.com\/fr\/wp-json\/wp\/v2\/comments?post=479639"}],"version-history":[{"count":0,"href":"https:\/\/www.europesays.com\/fr\/wp-json\/wp\/v2\/posts\/479639\/revisions"}],"wp:featuredmedia":[{"embeddable":true,"href":"https:\/\/www.europesays.com\/fr\/wp-json\/wp\/v2\/media\/479640"}],"wp:attachment":[{"href":"https:\/\/www.europesays.com\/fr\/wp-json\/wp\/v2\/media?parent=479639"}],"wp:term":[{"taxonomy":"category","embeddable":true,"href":"https:\/\/www.europesays.com\/fr\/wp-json\/wp\/v2\/categories?post=479639"},{"taxonomy":"post_tag","embeddable":true,"href":"https:\/\/www.europesays.com\/fr\/wp-json\/wp\/v2\/tags?post=479639"}],"curies":[{"name":"wp","href":"https:\/\/api.w.org\/{rel}","templated":true}]}}