{"id":479667,"date":"2025-10-21T14:30:13","date_gmt":"2025-10-21T14:30:13","guid":{"rendered":"https:\/\/www.europesays.com\/fr\/479667\/"},"modified":"2025-10-21T14:30:13","modified_gmt":"2025-10-21T14:30:13","slug":"une-balade-olfactive-au-musee-des-beaux-arts","status":"publish","type":"post","link":"https:\/\/www.europesays.com\/fr\/479667\/","title":{"rendered":"une balade olfactive au mus\u00e9e des Beaux-Arts"},"content":{"rendered":"<p>Soucieux de faciliter l\u2019acc\u00e8s \u00e0 la culture au plus grand nombre et notamment aux personnes malvoyantes ou en situation de handicap, le mus\u00e9e des Beaux-Arts de Lyon a nou\u00e9 depuis une douzaine d\u2019ann\u00e9es un partenariat avec la maison de cr\u00e9ation Givaudan, leader mondial de la conception de parfums, d\u2019ar\u00f4me et d\u2019actifs cosm\u00e9tiques, afin de cr\u00e9er des parcours olfactifs dans les collections du mus\u00e9e en pr\u00e9sence d\u2019une m\u00e9diatrice culturelle.<\/p>\n<p>Apr\u00e8s une premi\u00e8re exp\u00e9rience en 2012, suivi en 2019 de l\u2019exposition \u201cL\u2019art et la mati\u00e8re, pri\u00e8re de toucher\u201d, la maison Givaudan a mis \u00e0 disposition du mus\u00e9e trois cr\u00e9atrices de parfums afin d\u2019interpr\u00e9ter \u00ab\u00a0olfactivement\u00a0\u00bb et en toute libert\u00e9 sept \u0153uvres allant de la Gr\u00e8ce ancienne \u00e0 la peinture du XXe\u00a0si\u00e8cle.<\/p>\n<p>Avec des languettes parfum\u00e9es<\/p>\n<p>Un&#8230;<\/p>\n","protected":false},"excerpt":{"rendered":"Soucieux de faciliter l\u2019acc\u00e8s \u00e0 la culture au plus grand nombre et notamment aux personnes malvoyantes ou en&hellip;\n","protected":false},"author":2,"featured_media":479668,"comment_status":"","ping_status":"","sticky":false,"template":"","format":"standard","meta":{"footnotes":""},"categories":[1889],"tags":[1111,11,2430,1687,2757,1777,674,2271,1011,27,2428,7789,2801,12,25,2429],"class_list":{"0":"post-479667","1":"post","2":"type-post","3":"status-publish","4":"format-standard","5":"has-post-thumbnail","7":"category-lyon","8":"tag-actu","9":"tag-actualites","10":"tag-auvergne-rhone-alpes","11":"tag-culture-loisirs","12":"tag-edition-lyon-villeurbanne","13":"tag-eu","14":"tag-europe","15":"tag-exposition-arts-plastiques","16":"tag-fr","17":"tag-france","18":"tag-lyon","19":"tag-lyon-1er","20":"tag-lyon-1er-arrondissement","21":"tag-news","22":"tag-republique-francaise","23":"tag-rhone"},"share_on_mastodon":{"url":"https:\/\/pubeurope.com\/@fr\/115412639909491896","error":""},"_links":{"self":[{"href":"https:\/\/www.europesays.com\/fr\/wp-json\/wp\/v2\/posts\/479667","targetHints":{"allow":["GET"]}}],"collection":[{"href":"https:\/\/www.europesays.com\/fr\/wp-json\/wp\/v2\/posts"}],"about":[{"href":"https:\/\/www.europesays.com\/fr\/wp-json\/wp\/v2\/types\/post"}],"author":[{"embeddable":true,"href":"https:\/\/www.europesays.com\/fr\/wp-json\/wp\/v2\/users\/2"}],"replies":[{"embeddable":true,"href":"https:\/\/www.europesays.com\/fr\/wp-json\/wp\/v2\/comments?post=479667"}],"version-history":[{"count":0,"href":"https:\/\/www.europesays.com\/fr\/wp-json\/wp\/v2\/posts\/479667\/revisions"}],"wp:featuredmedia":[{"embeddable":true,"href":"https:\/\/www.europesays.com\/fr\/wp-json\/wp\/v2\/media\/479668"}],"wp:attachment":[{"href":"https:\/\/www.europesays.com\/fr\/wp-json\/wp\/v2\/media?parent=479667"}],"wp:term":[{"taxonomy":"category","embeddable":true,"href":"https:\/\/www.europesays.com\/fr\/wp-json\/wp\/v2\/categories?post=479667"},{"taxonomy":"post_tag","embeddable":true,"href":"https:\/\/www.europesays.com\/fr\/wp-json\/wp\/v2\/tags?post=479667"}],"curies":[{"name":"wp","href":"https:\/\/api.w.org\/{rel}","templated":true}]}}