{"id":479669,"date":"2025-10-21T14:31:12","date_gmt":"2025-10-21T14:31:12","guid":{"rendered":"https:\/\/www.europesays.com\/fr\/479669\/"},"modified":"2025-10-21T14:31:12","modified_gmt":"2025-10-21T14:31:12","slug":"lyon-la-bache-avec-aulas-et-lacombe-retiree-mais-la-controverse-persiste","status":"publish","type":"post","link":"https:\/\/www.europesays.com\/fr\/479669\/","title":{"rendered":"Lyon. La b\u00e2che avec Aulas et Lacombe retir\u00e9e mais la controverse persiste"},"content":{"rendered":"<p>Hier affich\u00e9s \u00e0 la vue de tous en haut d\u2019un immeuble, les portraits en noir et blanc de <a href=\"https:\/\/www.leprogres.fr\/p\/jean-michel-aulas\" target=\"_blank\" rel=\"noopener\">Jean-Michel Aulas<\/a> et de <a href=\"https:\/\/www.leprogres.fr\/p\/bernard-lacombe\" target=\"_blank\" rel=\"noopener\">Bernard Lacombe<\/a>, l\u2019ancien directeur sportif de l\u2019Olympique lyonnais, jonchent d\u00e9sormais sur le trottoir en quinze lambeaux. Ce sont les employ\u00e9s de la soci\u00e9t\u00e9 Peeters \u00ab\u00a0Pl\u00e2trerie peinture\u00a0\u00bb charg\u00e9s de la r\u00e9fection de la fa\u00e7ade du 31 quai Claude-Bernard \u00e0 Lyon (7e) qui ont re\u00e7u l\u2019ordre de leur patron, ce mardi, de d\u00e9monter la b\u00e2che g\u00e9ante install\u00e9e dans la nuit de dimanche \u00e0 lundi.<\/p>\n<p>On se demande toujours qui a bien pu financer (de l\u2019ordre de 4\u00a0000\u00a0\u20ac) puis poser l\u2019affiche plastifi\u00e9e qui comportait la l\u00e9gende en \u00e9criture gothique\u00a0: \u00ab \u00c0 Lyon, seul (sic) la pelouse de Gerland est verte\u2026 Et on marche dessus\u00a0!\u00a0\u00bb, encadr\u00e9e de deux lions h\u00e9raldiques. Une allusion peu am\u00e8ne \u00e0 la couleur politique de l\u2019adversaire de Jean-Michel Aulas, le maire \u00e9cologiste <a href=\"https:\/\/www.leprogres.fr\/p\/gregory-doucet\" target=\"_blank\" rel=\"noopener\">Gr\u00e9gory Doucet<\/a>. Et \u00e0 la volont\u00e9 de l\u2019ancien patron de l\u2019Olympique lyonnais d\u2019en d\u00e9coudre aux prochaines municipales de mars\u00a02026.<\/p>\n<p>  Du bruit dans la nuit<\/p>\n<p>Tout juste sait-on que des habitants ont entendu du bruit dans la nuit, sans trop y pr\u00eater attention. Et que les \u00e9chelles de fer int\u00e9gr\u00e9es \u00e0 l\u2019\u00e9chafaudage permettent de grimper jusqu\u2019au sommet de l\u2019\u00e9difice.<\/p>\n<p>Selon un commer\u00e7ant tout proche, l\u2019op\u00e9ration aurait \u00e9t\u00e9 accompagn\u00e9e de la pose de tags dans la cour int\u00e9rieure du <a href=\"https:\/\/www.leprogres.fr\/economie\/2022\/01\/05\/l-enseigne-lumineuse-xxl-de-6eme-sens-immobilier-disparait-du-ciel-de-lyon\" target=\"_blank\" rel=\"noopener\">promoteur immobilier 6e  Sens<\/a> dont le si\u00e8ge jouxte l\u2019immeuble en r\u00e9fection, accessible depuis une vol\u00e9e d\u2019\u00e9chafaudages.<\/p>\n<p>  Aulas et Trump<\/p>\n<p>Lundi, les \u00c9cologistes Lyon avaient point\u00e9 l\u2019ill\u00e9galit\u00e9 de l\u2019affichage, annon\u00e7ant avoir saisi la commission nationale des comptes de campagne afin que \u00ab\u00a0toute la lumi\u00e8re soit faite sur les conditions de financement, de production et d\u2019installation de ce dispositif\u00a0\u00bb.<\/p>\n<p><a href=\"https:\/\/www.leprogres.fr\/p\/marine-tondelier\" target=\"_blank\" rel=\"noopener\">Marine Tondelier<\/a>, la patronne nationale des \u00c9cologistes, est venue \u00e0 la rescousse de Gr\u00e9gory Doucet en s\u2019emparant sur X de l\u2019affaire de la banderole \u00ab\u00a0affich\u00e9e au m\u00e9pris du respect (rien d\u2019\u00e9tonnant) du code \u00e9lectoral et du r\u00e8glement local sur la publicit\u00e9\u00a0\u00bb pour illustrer sa comparaison entre Aulas et Trump. D\u00e9clenchant aussit\u00f4t l\u2019ire de Jean-Fran\u00e7ois Rial, le PDG de Voyageurs du Monde, toujours sur X\u00a0: \u00ab\u00a0[\u2026] Moi qui suis tr\u00e8s sensible \u00e0 l\u2019\u00e9cologie j\u2019ai honte de voir cette id\u00e9e associ\u00e9e \u00e0 des propos pareils\u00a0\u00bb.<\/p>\n<p>Lundi, le compte C\u0153ur Lyonnais, du nom du parti de Jean-Michel Aulas, avait relay\u00e9 la photo de la b\u00e2che post\u00e9e initialement par G\u00e9n\u00e9ration Aulas sur X. Questionn\u00e9s, le candidat, ses \u00e9quipes et le collectif des jeunes d\u00e9niaient \u00eatre \u00e0 l\u2019origine de l\u2019affichage sauvage.<\/p>\n","protected":false},"excerpt":{"rendered":"Hier affich\u00e9s \u00e0 la vue de tous en haut d\u2019un immeuble, les portraits en noir et blanc de&hellip;\n","protected":false},"author":2,"featured_media":479670,"comment_status":"","ping_status":"","sticky":false,"template":"","format":"standard","meta":{"footnotes":""},"categories":[1889],"tags":[1111,11,2430,2757,1777,674,107,1011,27,1757,3539,2428,2756,12,316,25,2429],"class_list":{"0":"post-479669","1":"post","2":"type-post","3":"status-publish","4":"format-standard","5":"has-post-thumbnail","7":"category-lyon","8":"tag-actu","9":"tag-actualites","10":"tag-auvergne-rhone-alpes","11":"tag-edition-lyon-villeurbanne","12":"tag-eu","13":"tag-europe","14":"tag-fil-info","15":"tag-fr","16":"tag-france","17":"tag-insolite","18":"tag-les-ecologistes","19":"tag-lyon","20":"tag-lyon-bassin","21":"tag-news","22":"tag-politique","23":"tag-republique-francaise","24":"tag-rhone"},"share_on_mastodon":{"url":"https:\/\/pubeurope.com\/@fr\/115412643694025454","error":""},"_links":{"self":[{"href":"https:\/\/www.europesays.com\/fr\/wp-json\/wp\/v2\/posts\/479669","targetHints":{"allow":["GET"]}}],"collection":[{"href":"https:\/\/www.europesays.com\/fr\/wp-json\/wp\/v2\/posts"}],"about":[{"href":"https:\/\/www.europesays.com\/fr\/wp-json\/wp\/v2\/types\/post"}],"author":[{"embeddable":true,"href":"https:\/\/www.europesays.com\/fr\/wp-json\/wp\/v2\/users\/2"}],"replies":[{"embeddable":true,"href":"https:\/\/www.europesays.com\/fr\/wp-json\/wp\/v2\/comments?post=479669"}],"version-history":[{"count":0,"href":"https:\/\/www.europesays.com\/fr\/wp-json\/wp\/v2\/posts\/479669\/revisions"}],"wp:featuredmedia":[{"embeddable":true,"href":"https:\/\/www.europesays.com\/fr\/wp-json\/wp\/v2\/media\/479670"}],"wp:attachment":[{"href":"https:\/\/www.europesays.com\/fr\/wp-json\/wp\/v2\/media?parent=479669"}],"wp:term":[{"taxonomy":"category","embeddable":true,"href":"https:\/\/www.europesays.com\/fr\/wp-json\/wp\/v2\/categories?post=479669"},{"taxonomy":"post_tag","embeddable":true,"href":"https:\/\/www.europesays.com\/fr\/wp-json\/wp\/v2\/tags?post=479669"}],"curies":[{"name":"wp","href":"https:\/\/api.w.org\/{rel}","templated":true}]}}