{"id":47967,"date":"2025-04-24T01:17:18","date_gmt":"2025-04-24T01:17:18","guid":{"rendered":"https:\/\/www.europesays.com\/fr\/47967\/"},"modified":"2025-04-24T01:17:18","modified_gmt":"2025-04-24T01:17:18","slug":"une-star-de-la-franchise-fait-son-grand-retour-apres-deux-ans-dabsence","status":"publish","type":"post","link":"https:\/\/www.europesays.com\/fr\/47967\/","title":{"rendered":"Une star de la franchise fait son grand retour apr\u00e8s deux ans d&rsquo;absence !"},"content":{"rendered":"<p>Il y a des bonnes nouvelles qui ont instantan\u00e9ment le pouvoir de donner le sourire aux t\u00e9l\u00e9spectateurs : un acteur de la franchise de NCIS s&rsquo;appr\u00eate \u00e0 faire son grand retour dans la s\u00e9rie. D\u00e9couvrez de qui il s&rsquo;agit&#8230; <\/p>\n<p>Excellente nouvelle pour les fans de la franchise NCIS : <b>LL Cool J s&rsquo;appr\u00eate \u00e0 faire son grand retour<\/b>. En effet, l&rsquo;ancienne star du spin-off NCIS Los Angeles, qui n&rsquo;a pas \u00e9t\u00e9 renouvel\u00e9 pour une quinzi\u00e8me saison en 2023, est r\u00e9apparu sur les plateaux de tournage de la s\u00e9rie NCIS. L&#8217;embl\u00e9matique interpr\u00e8te de Sam Hanna effectuera son come-back en tant qu&rsquo;invit\u00e9 dans le 18\u1d49 \u00e9pisode de la 22\u1d49 saison, intitul\u00e9 Apr\u00e8s la temp\u00eate. Interrog\u00e9 par Entertainment Tonight, <a href=\"https:\/\/www.programme-tv.net\/news\/series-tv\/359162-ncis-los-angeles-savez-vous-ce-que-signifie-vraiment-le-nom-de-ll-cool-j-sam-hanna\/\" data-api-deeplink=\"teleloisirs:\/\/news\/359162\" target=\"_blank\" rel=\"noopener\">LL Cool J<\/a> a d\u00e9voil\u00e9 quelques informations sur ce retour tr\u00e8s attendu.<\/p>\n<p><b>NCIS : <\/b> LL Cool J (Sam Hanna) se confie sur son retour dans la s\u00e9rie !<\/p>\n<p>Au cours de cet entretien, <a href=\"https:\/\/www.programme-tv.net\/news\/series-tv\/164234-ncis-los-angeles-cinq-infos-surprenantes-sur-ll-cool-j\/\" data-api-deeplink=\"teleloisirs:\/\/news\/164234\" target=\"_blank\" rel=\"noopener\">l&rsquo;acteur et rappeur de 57 ans<\/a> confie avoir pris beaucoup de plaisir \u00e0 revenir dans le c\u00e9l\u00e8bre programme\u00a0: \u00ab\u00a0En retrouvant les \u00e9quipes de la s\u00e9rie, je me suis senti comme \u00e0 la maison. Vous le savez : j&rsquo;aime cet univers, j&rsquo;aime mon personnage, du coup, reprendre le tournage de cette s\u00e9rie, c&rsquo;\u00e9tait comme reprendre le v\u00e9lo : \u00e7a ne s&rsquo;oublie pas ! Et puis ce n&rsquo;est pas ma premi\u00e8re mais ma quatri\u00e8me apparition dans ce programme.\u00a0\u00bb  Et LL Cool J n&rsquo;est pas le seul \u00e0 se r\u00e9jouir de ce retour&#8230; Effectivement, l&rsquo;acteur Wilmer Valderrama, qui est r\u00e9cemment devenu <a href=\"https:\/\/www.programme-tv.net\/news\/people\/377108-wilmer-valderrama-ncis-revele-le-sexe-de-son-bebe-a-naitre-on-ne-pourrait-pas-etre-plus-excite\/\" data-api-deeplink=\"teleloisirs:\/\/news\/377108\" target=\"_blank\" rel=\"noopener\">papa d&rsquo;un petit gar\u00e7on<\/a>, r\u00e9v\u00e8le, lui aussi, \u00eatre ravi de pouvoir donner la r\u00e9plique \u00e0 cette star de la franchise : \u00ab\u00a0Je l&rsquo;adore. Il est tellement gentil et g\u00e9nial. On s&rsquo;entend super bien. Ensemble, on rit vraiment tr\u00e8s fort. Peut-\u00eatre m\u00eame trop fort. Quand il vient, il sait ce qu&rsquo;il a \u00e0 faire et il d\u00e9chire tout !\u00a0\u00bb<\/p>\n<p>                        NCIS : LL Cool J (Sam Hanna) fait quelques r\u00e9v\u00e9lations sur son retour&#8230;<\/p>\n<p>LL Cool J a profit\u00e9 de cette interview pour d\u00e9voiler les contours de l&rsquo;\u00e9pisode dans lequel son personnage fera son retour : \u00ab\u00a0Cet \u00e9pisode contient beaucoup plus d&rsquo;action qu&rsquo;un \u00e9pisode conventionnel de NCIS. Mon personnage est l\u00e0 pour donner un peu de sa force \u00e0 l&rsquo;\u00e9quipe. Un de ses proches est m\u00eal\u00e9 \u00e0 une milice. Et Sam est la seule personne avec qui il souhaite communiquer. Sam est donc contraint de devoir quitter son nouveau travail \u00e0 Washington pour venir tenter mettre un peu d&rsquo;ordre dans cette histoire.\u00a0\u00bb  Un teasing qui donne d&rsquo;ores et d\u00e9j\u00e0 l&rsquo;eau \u00e0 la bouche !<\/p>\n","protected":false},"excerpt":{"rendered":"Il y a des bonnes nouvelles qui ont instantan\u00e9ment le pouvoir de donner le sourire aux t\u00e9l\u00e9spectateurs :&hellip;\n","protected":false},"author":2,"featured_media":47968,"comment_status":"","ping_status":"","sticky":false,"template":"","format":"standard","meta":{"footnotes":""},"categories":[1356],"tags":[4225,244,58,59,1011,27,13900,494,13901,13902,13903,4224,129,252,2175,1364],"class_list":{"0":"post-47967","1":"post","2":"type-post","3":"status-publish","4":"format-standard","5":"has-post-thumbnail","7":"category-television","8":"tag-amazon-prime-vidu00e9o","9":"tag-commentaire","10":"tag-divertissement","11":"tag-entertainment","12":"tag-fr","13":"tag-france","14":"tag-ll-cool-j","15":"tag-m6","16":"tag-ncis-3222025-0910-pm-m6","17":"tag-ncis-3222025-0955-pm-m6","18":"tag-ncis-enquu00eates-spu00e9ciales","19":"tag-pub-streaming-prime-video","20":"tag-svod","21":"tag-television","22":"tag-tl-story","23":"tag-tv"},"share_on_mastodon":{"url":"https:\/\/pubeurope.com\/@fr\/114390305848315034","error":""},"_links":{"self":[{"href":"https:\/\/www.europesays.com\/fr\/wp-json\/wp\/v2\/posts\/47967","targetHints":{"allow":["GET"]}}],"collection":[{"href":"https:\/\/www.europesays.com\/fr\/wp-json\/wp\/v2\/posts"}],"about":[{"href":"https:\/\/www.europesays.com\/fr\/wp-json\/wp\/v2\/types\/post"}],"author":[{"embeddable":true,"href":"https:\/\/www.europesays.com\/fr\/wp-json\/wp\/v2\/users\/2"}],"replies":[{"embeddable":true,"href":"https:\/\/www.europesays.com\/fr\/wp-json\/wp\/v2\/comments?post=47967"}],"version-history":[{"count":0,"href":"https:\/\/www.europesays.com\/fr\/wp-json\/wp\/v2\/posts\/47967\/revisions"}],"wp:featuredmedia":[{"embeddable":true,"href":"https:\/\/www.europesays.com\/fr\/wp-json\/wp\/v2\/media\/47968"}],"wp:attachment":[{"href":"https:\/\/www.europesays.com\/fr\/wp-json\/wp\/v2\/media?parent=47967"}],"wp:term":[{"taxonomy":"category","embeddable":true,"href":"https:\/\/www.europesays.com\/fr\/wp-json\/wp\/v2\/categories?post=47967"},{"taxonomy":"post_tag","embeddable":true,"href":"https:\/\/www.europesays.com\/fr\/wp-json\/wp\/v2\/tags?post=47967"}],"curies":[{"name":"wp","href":"https:\/\/api.w.org\/{rel}","templated":true}]}}