{"id":479671,"date":"2025-10-21T14:32:10","date_gmt":"2025-10-21T14:32:10","guid":{"rendered":"https:\/\/www.europesays.com\/fr\/479671\/"},"modified":"2025-10-21T14:32:10","modified_gmt":"2025-10-21T14:32:10","slug":"logement-construire-sans-detruire-le-vivant-le-pari-de-3-ong-pour-revolutionner-lurbanisme-en-ile-de-france","status":"publish","type":"post","link":"https:\/\/www.europesays.com\/fr\/479671\/","title":{"rendered":"Logement\u00a0: construire sans d\u00e9truire le vivant, le pari de 3 ONG pour r\u00e9volutionner l\u2019urbanisme en \u00cele-de-France"},"content":{"rendered":"<p>Alors que le secteur du b\u00e2timent traverse une crise, les prix de l\u2019immobilier continuent d\u2019exploser et les in\u00e9galit\u00e9s se creusent en \u00cele-de-France. \u00ab\u00a0On est dans une r\u00e9gion avec de fortes fractures sociales, explique \u00c9ric Constantin, directeur francilien de la Fondation pour le logement des d\u00e9favoris\u00e9s. Il y a une d\u00e9connexion entre le prix de l\u2019immobilier et le revenu des m\u00e9nages. Le logement social est satur\u00e9. C\u2019est une crise structurelle qui ne touche pas seulement&#8230;<\/p>\n","protected":false},"excerpt":{"rendered":"Alors que le secteur du b\u00e2timent traverse une crise, les prix de l\u2019immobilier continuent d\u2019exploser et les in\u00e9galit\u00e9s&hellip;\n","protected":false},"author":2,"featured_media":479672,"comment_status":"","ping_status":"","sticky":false,"template":"","format":"standard","meta":{"footnotes":""},"categories":[1592],"tags":[1111,11,43972,1777,674,1011,27,662,12,626,25],"class_list":{"0":"post-479671","1":"post","2":"type-post","3":"status-publish","4":"format-standard","5":"has-post-thumbnail","7":"category-ile-de-france","8":"tag-actu","9":"tag-actualites","10":"tag-droit-au-logement","11":"tag-eu","12":"tag-europe","13":"tag-fr","14":"tag-france","15":"tag-ile-de-france","16":"tag-news","17":"tag-paris","18":"tag-republique-francaise"},"share_on_mastodon":{"url":"https:\/\/pubeurope.com\/@fr\/115412647629501870","error":""},"_links":{"self":[{"href":"https:\/\/www.europesays.com\/fr\/wp-json\/wp\/v2\/posts\/479671","targetHints":{"allow":["GET"]}}],"collection":[{"href":"https:\/\/www.europesays.com\/fr\/wp-json\/wp\/v2\/posts"}],"about":[{"href":"https:\/\/www.europesays.com\/fr\/wp-json\/wp\/v2\/types\/post"}],"author":[{"embeddable":true,"href":"https:\/\/www.europesays.com\/fr\/wp-json\/wp\/v2\/users\/2"}],"replies":[{"embeddable":true,"href":"https:\/\/www.europesays.com\/fr\/wp-json\/wp\/v2\/comments?post=479671"}],"version-history":[{"count":0,"href":"https:\/\/www.europesays.com\/fr\/wp-json\/wp\/v2\/posts\/479671\/revisions"}],"wp:featuredmedia":[{"embeddable":true,"href":"https:\/\/www.europesays.com\/fr\/wp-json\/wp\/v2\/media\/479672"}],"wp:attachment":[{"href":"https:\/\/www.europesays.com\/fr\/wp-json\/wp\/v2\/media?parent=479671"}],"wp:term":[{"taxonomy":"category","embeddable":true,"href":"https:\/\/www.europesays.com\/fr\/wp-json\/wp\/v2\/categories?post=479671"},{"taxonomy":"post_tag","embeddable":true,"href":"https:\/\/www.europesays.com\/fr\/wp-json\/wp\/v2\/tags?post=479671"}],"curies":[{"name":"wp","href":"https:\/\/api.w.org\/{rel}","templated":true}]}}