{"id":479673,"date":"2025-10-21T14:33:16","date_gmt":"2025-10-21T14:33:16","guid":{"rendered":"https:\/\/www.europesays.com\/fr\/479673\/"},"modified":"2025-10-21T14:33:16","modified_gmt":"2025-10-21T14:33:16","slug":"montreuil-urssaf-idf-et-la-bge-adil-accompagnent-les-jeunes-entrepreneurs","status":"publish","type":"post","link":"https:\/\/www.europesays.com\/fr\/479673\/","title":{"rendered":"Montreuil : Urssaf IDF et la BGE ADIL accompagnent les jeunes entrepreneurs"},"content":{"rendered":"<p><img loading=\"lazy\" decoding=\"async\" alt=\"\u00a9 Urssaf Ile-de-France - Fran\u00e7ois Zahn, Johana Castrique, Didier Malric, Patricia Josselin et Nadia Jalti.\" data-zoom-src=\"https:\/\/www.europesays.com\/fr\/wp-content\/uploads\/2025\/10\/initial-capture-d-ecran-2025-10-17-a-162400.jpg\" data-zoomable=\"\" height=\"702\" src=\"https:\/\/www.europesays.com\/fr\/wp-content\/uploads\/2025\/10\/initial-capture-d-ecran-2025-10-17-a-162400.jpg\" width=\"1248\"\/>  <\/p>\n<p class=\"article-desc\">\u00a9 Urssaf Ile-de-France &#8211; Fran\u00e7ois Zahn, Johana Castrique, Didier Malric, Patricia Josselin et Nadia Jalti. <\/p>\n<p><strong>L\u2019Urssaf \u00cele-de-France<\/strong>, dont le si\u00e8ge se situe \u00e0 Montreuil (Seine-Saint-Denis), renforce son action en faveur de <a href=\"https:\/\/mesinfos.fr\/93100-montreuil\/l-urssaf-ile-de-france-soutient-les-talents-du-g20-yea-221034.html\" rel=\"noopener\" target=\"_blank\">l\u2019entrepreneuriat francilien <\/a>en concluant un <strong>partenariat<\/strong> avec la <strong>BGE ADIL<\/strong> (Agence pour le D\u00e9veloppement de l\u2019Initiative Locale). Ce dernier a pour objectif de mieux <strong>accompagner les cr\u00e9ateurs et jeunes dirigeants d\u2019entreprise du Val-de-Marne et du sud parisien,<\/strong> notamment dans les quartiers prioritaires de la politique de la ville (<strong>QPV<\/strong>). <\/p>\n<p>La signature de cet accord a r\u00e9uni <strong>Fran\u00e7ois Zahn<\/strong>, directeur de la communication et des partenariats de l&rsquo;Urssaf \u00cele-de-France, Johana Castrique, directrice du recouvrement des travailleurs ind\u00e9pendants de Paris de l&rsquo;Urssaf \u00cele-de-France, <strong>Didier Malric<\/strong>, directeur g\u00e9n\u00e9ral de l&rsquo;Urssaf \u00cele-de-France,\u00a0<strong>Jo\u00ebl Saingr\u00e9<\/strong>, pr\u00e9sident de BGE\u202fADIL, Patricia Josselin, cheffe de projet de BGE\u202fADIL, et <strong>Nadia Jalti<\/strong>, charg\u00e9e de mission partenariats de l&rsquo;Urssaf \u00cele-de-France. <\/p>\n<p>Un partenariat pour aider au d\u00e9veloppement des entrepreneurs et le s\u00e9curiser <\/p>\n<p>Depuis plus de 40 ans, le r\u00e9seau BGE <strong>accompagne les porteurs de projet<\/strong> et dirigeants dans la <strong>cr\u00e9ation et le d\u00e9veloppement de leur activit\u00e9. <\/strong>La BGE ADIL, implant\u00e9e dans le 14e arrondissement de Paris, est particuli\u00e8rement reconnue pour son <strong>programme d\u2019incubation \u201cIncubatest\u201d,<\/strong> qui permet de tester son projet en conditions r\u00e9elles avant immatriculation, et pour son engagement dans le dispositif national <strong>Entrepreneuriat Quartiers 2030<\/strong>, pilot\u00e9 par Bpifrance.\u00a0<\/p>\n<p>En 2024, 6 897 entreprenants ont b\u00e9n\u00e9fici\u00e9 de son accompagnement, gratuit dans la quasi-totalit\u00e9 des cas car pris en charge par nos bailleurs (Europe, \u00c9tat, R\u00e9gion, collectivit\u00e9s).\u00a0 <\/p>\n<p>Avec la signature de ce partenariat, l\u2019Urssaf \u00cele-de-France, bas\u00e9e en Seine-Saint-Denis, et la BGE ADIL s\u2019engagent \u00e0 : <\/p>\n<ul>\n<li>\n<p>renforcer la <strong>comp\u00e9tence des conseillers BGE<\/strong> sur les offres et services Urssaf, <\/p>\n<\/li>\n<li>\n<p><strong>s\u00e9curiser les parcours<\/strong> des cr\u00e9ateurs et dirigeants gr\u00e2ce \u00e0 des ateliers d\u00e9di\u00e9s (protection sociale, obligations sociales, accompagnement au d\u00e9veloppement) coanim\u00e9s avec l\u2019Urssaf, <\/p>\n<\/li>\n<li>\n<p>co-construire des <strong>actions innovantes<\/strong>, notamment \u00e0 destination des publics en QPV, <\/p>\n<\/li>\n<li>\n<p>assurer un <strong>suivi commun des actions<\/strong> men\u00e9es. <\/p>\n<\/li>\n<\/ul>\n<p> Une coop\u00e9ration concr\u00e8te men\u00e9e depuis plusieurs ann\u00e9es <\/p>\n<p>Depuis <strong>plusieurs ann\u00e9es<\/strong>, l\u2019<a href=\"https:\/\/mesinfos.fr\/93100-montreuil\/l-urssaf-a-tout-interet-a-soutenir-le-developpement-economique-210810.html\" rel=\"noopener\" target=\"_blank\">Urssaf \u00cele-de-France<\/a> et la BGE ADIL <strong>collaborent<\/strong> autour de <strong>nombreuses interventions<\/strong> : ateliers th\u00e9matiques aupr\u00e8s des conseillers de la BGE, interventions dans le programme Incubatest, et webinaires pour les cr\u00e9ateurs et chefs d\u2019entreprise (d\u00e9j\u00e0 plus de 250 participants en 2025). Par ailleurs, depuis cette ann\u00e9e, l\u2019Urssaf intervient <strong>chaque trimestre<\/strong> aupr\u00e8s des <strong>nouvelles promotions d\u2019incub\u00e9s.<\/strong><\/p>\n<p>\u201cL\u2019Urssaf \u00cele-de-France accompagne les cr\u00e9ateurs et entrepreneurs pour les aider \u00e0 passer de l\u2019id\u00e9e au projet, puis \u00e0 d\u00e9velopper leur activit\u00e9. Ce partenariat avec\u202fBGE ADIL vise \u00e0 rendre <strong>notre accompagnement plus concret<\/strong> et \u00e0 <strong>d\u00e9mystifier l\u2019image de l\u2019Urssaf<\/strong>\u201d, souligne Didier Malric, directeur g\u00e9n\u00e9ral de l\u2019Urssaf \u00cele-de-France. <\/p>\n<p>\u201cCe partenariat avec l\u2019Urssaf \u00cele-de-France renforce la mission de BGE ADIL <strong>d\u2019accompagner les entrepreneurs avec expertise et p\u00e9dagogie<\/strong>. Ensemble, nous leur offrons une information fiable et un appui essentiel pour entreprendre avec r\u00e9ussite et p\u00e9renniser leur activit\u00e9\u201d, ajoute Jo\u00ebl Saingr\u00e9, pr\u00e9sident de BGE ADIL.<\/p>\n","protected":false},"excerpt":{"rendered":"\u00a9 Urssaf Ile-de-France &#8211; Fran\u00e7ois Zahn, Johana Castrique, Didier Malric, Patricia Josselin et Nadia Jalti. L\u2019Urssaf \u00cele-de-France, dont&hellip;\n","protected":false},"author":2,"featured_media":479674,"comment_status":"","ping_status":"","sticky":false,"template":"","format":"standard","meta":{"footnotes":""},"categories":[1592],"tags":[1111,11,2855,1777,674,1011,27,662,12,626,25,9907],"class_list":{"0":"post-479673","1":"post","2":"type-post","3":"status-publish","4":"format-standard","5":"has-post-thumbnail","7":"category-ile-de-france","8":"tag-actu","9":"tag-actualites","10":"tag-entrepreneuriat","11":"tag-eu","12":"tag-europe","13":"tag-fr","14":"tag-france","15":"tag-ile-de-france","16":"tag-news","17":"tag-paris","18":"tag-republique-francaise","19":"tag-urssaf"},"share_on_mastodon":{"url":"https:\/\/pubeurope.com\/@fr\/115412652116140219","error":""},"_links":{"self":[{"href":"https:\/\/www.europesays.com\/fr\/wp-json\/wp\/v2\/posts\/479673","targetHints":{"allow":["GET"]}}],"collection":[{"href":"https:\/\/www.europesays.com\/fr\/wp-json\/wp\/v2\/posts"}],"about":[{"href":"https:\/\/www.europesays.com\/fr\/wp-json\/wp\/v2\/types\/post"}],"author":[{"embeddable":true,"href":"https:\/\/www.europesays.com\/fr\/wp-json\/wp\/v2\/users\/2"}],"replies":[{"embeddable":true,"href":"https:\/\/www.europesays.com\/fr\/wp-json\/wp\/v2\/comments?post=479673"}],"version-history":[{"count":0,"href":"https:\/\/www.europesays.com\/fr\/wp-json\/wp\/v2\/posts\/479673\/revisions"}],"wp:featuredmedia":[{"embeddable":true,"href":"https:\/\/www.europesays.com\/fr\/wp-json\/wp\/v2\/media\/479674"}],"wp:attachment":[{"href":"https:\/\/www.europesays.com\/fr\/wp-json\/wp\/v2\/media?parent=479673"}],"wp:term":[{"taxonomy":"category","embeddable":true,"href":"https:\/\/www.europesays.com\/fr\/wp-json\/wp\/v2\/categories?post=479673"},{"taxonomy":"post_tag","embeddable":true,"href":"https:\/\/www.europesays.com\/fr\/wp-json\/wp\/v2\/tags?post=479673"}],"curies":[{"name":"wp","href":"https:\/\/api.w.org\/{rel}","templated":true}]}}