{"id":479675,"date":"2025-10-21T14:34:10","date_gmt":"2025-10-21T14:34:10","guid":{"rendered":"https:\/\/www.europesays.com\/fr\/479675\/"},"modified":"2025-10-21T14:34:10","modified_gmt":"2025-10-21T14:34:10","slug":"a-quelle-meteo-sattendre-a-paris-et-en-ile-de-france","status":"publish","type":"post","link":"https:\/\/www.europesays.com\/fr\/479675\/","title":{"rendered":"\u00e0 quelle m\u00e9t\u00e9o s&rsquo;attendre \u00e0 Paris et en \u00cele-de-France\u00a0?"},"content":{"rendered":"<p>            Par<br \/>\n        <strong><br \/>\n            <a href=\"https:\/\/actu.fr\/auteur\/redaction-paris\" title=\"Consulter tous les articles de R\u00e9daction Paris\" rel=\"nofollow noopener\" target=\"_blank\">R\u00e9daction Paris<\/a><br \/>\n        <\/strong><\/p>\n<p>        Publi\u00e9 le<\/p>\n<p>            21 oct. 2025 \u00e0 16h05        <\/p>\n<p>Peu de soleil mais de la pluie. C\u2019est le programme <a href=\"https:\/\/actu.fr\/paris\/meteo\" rel=\"nofollow noopener\" target=\"_blank\">m\u00e9t\u00e9o<\/a> de ce d\u00e9but de semaine \u00e0 Paris et en \u00cele-de-France.\u00a0Et \u00e7a ne va pas aller en s\u2019am\u00e9liorant puisqu\u2019une <strong>d\u00e9pression<\/strong> venue d\u2019Atlantique et des \u00celes Britanniques est attendue en France \u00e0 partir du milieu de la semaine.\u00a0<\/p>\n<p>Une fin de semaine venteuse<\/p>\n<p class=\" wall-content\">D\u2019apr\u00e8s les informations transmises \u00e0\u00a0<a href=\"https:\/\/actu.fr\/meteo\/ca-va-monter-d-un-cran-un-risque-de-tempete-bram-en-france-cette-semaine-ce-qui-nous-attend_63322655.html\" rel=\"nofollow noopener\" target=\"_blank\">actu.fr<\/a>\u00a0par le m\u00e9t\u00e9orologue Yann Amice, les rafales atteindront <strong>90 \u00e0 120 km\/h<\/strong> en moyenne et devraient toucher le nord du pays et la fa\u00e7ade Atlantique ainsi que l\u2019Auvergne Rh\u00f4ne-Alpes. Qu\u2019en sera-t-il \u00e0 Paris et en \u00cele-de-France ?\u00a0<\/p>\n<p class=\" wall-content\">Le vent soufflera mais moins violemment que sur le reste du territoire. Les premi\u00e8res rafales entre <strong>65 et 85 km\/h<\/strong> sont attendues d\u00e8s demain, mercredi 22 octobre 2025, pr\u00e9voit <a href=\"https:\/\/meteofrance.com\/previsions-meteo-france\/paris\/75000\" rel=\"nofollow noopener\" target=\"_blank\">M\u00e9t\u00e9o France<\/a>. De faibles pluies sont attendues en d\u00e9but de journ\u00e9e. Il fera entre 14\u00b0 et 17\u00b0C.\u00a0<\/p>\n<p class=\" wall-content\">Le lendemain, jeudi 23 octobre 2025, toujours de petites pluies dans la matin\u00e9e accompagn\u00e9es de \u00ab\u00a0vent de sud-ouest, assez fort avec des rafales jusqu\u2019\u00e0 <strong>85 km\/h<\/strong>, localement, jusqu\u2019en d\u00e9but d\u2019apr\u00e8s-midi.\u00a0\u00bb Le mercure oscillera entre 11\u00b0C et 14\u00b0C.\u00a0<\/p>\n<p class=\" wall-content\">Vendredi 24 octobre 2025 : l\u00e9g\u00e8re am\u00e9lioration en termes de vent, les rafales ne d\u00e9passeront pas <strong>55 km\/h<\/strong> mais on perdra quelques degr\u00e9s avec 9\u00b0C au plus frais et 13\u00b0C au plus chaud.\u00a0<\/p>\n<p class=\" wall-content\">Personnalisez votre actualit\u00e9 en ajoutant vos villes et m\u00e9dias en favori avec <a href=\"https:\/\/moncompte.actu.fr\" title=\"D\u00e9couvez Mon Actu\" rel=\"nofollow noopener\" data-trk=\"{&quot;cta&quot;:{&quot;action&quot;:&quot;https:\\\/\\\/moncompte.actu.fr&quot;,&quot;category&quot;:&quot;mon compte&quot;,&quot;from&quot;:&quot;article footer&quot;,&quot;name&quot;:&quot;Mon actu&quot;,&quot;type&quot;:&quot;cta&quot;}}\" target=\"_blank\">Mon Actu<\/a>.<\/p>\n","protected":false},"excerpt":{"rendered":"Par R\u00e9daction Paris Publi\u00e9 le 21 oct. 2025 \u00e0 16h05 Peu de soleil mais de la pluie. C\u2019est&hellip;\n","protected":false},"author":2,"featured_media":479676,"comment_status":"","ping_status":"","sticky":false,"template":"","format":"standard","meta":{"footnotes":""},"categories":[1888],"tags":[1111,1928,11,1927,1777,674,1011,27,2487,2357,12,1926,626,1925,25],"class_list":{"0":"post-479675","1":"post","2":"type-post","3":"status-publish","4":"format-standard","5":"has-post-thumbnail","7":"category-paris","8":"tag-actu","9":"tag-actu-paris","10":"tag-actualites","11":"tag-actualites-paris","12":"tag-eu","13":"tag-europe","14":"tag-fr","15":"tag-france","16":"tag-meteo","17":"tag-meteo-france","18":"tag-news","19":"tag-news-paris","20":"tag-paris","21":"tag-paris-news","22":"tag-republique-francaise"},"share_on_mastodon":{"url":"https:\/\/pubeurope.com\/@fr\/115412655537996552","error":""},"_links":{"self":[{"href":"https:\/\/www.europesays.com\/fr\/wp-json\/wp\/v2\/posts\/479675","targetHints":{"allow":["GET"]}}],"collection":[{"href":"https:\/\/www.europesays.com\/fr\/wp-json\/wp\/v2\/posts"}],"about":[{"href":"https:\/\/www.europesays.com\/fr\/wp-json\/wp\/v2\/types\/post"}],"author":[{"embeddable":true,"href":"https:\/\/www.europesays.com\/fr\/wp-json\/wp\/v2\/users\/2"}],"replies":[{"embeddable":true,"href":"https:\/\/www.europesays.com\/fr\/wp-json\/wp\/v2\/comments?post=479675"}],"version-history":[{"count":0,"href":"https:\/\/www.europesays.com\/fr\/wp-json\/wp\/v2\/posts\/479675\/revisions"}],"wp:featuredmedia":[{"embeddable":true,"href":"https:\/\/www.europesays.com\/fr\/wp-json\/wp\/v2\/media\/479676"}],"wp:attachment":[{"href":"https:\/\/www.europesays.com\/fr\/wp-json\/wp\/v2\/media?parent=479675"}],"wp:term":[{"taxonomy":"category","embeddable":true,"href":"https:\/\/www.europesays.com\/fr\/wp-json\/wp\/v2\/categories?post=479675"},{"taxonomy":"post_tag","embeddable":true,"href":"https:\/\/www.europesays.com\/fr\/wp-json\/wp\/v2\/tags?post=479675"}],"curies":[{"name":"wp","href":"https:\/\/api.w.org\/{rel}","templated":true}]}}