{"id":479683,"date":"2025-10-21T14:38:11","date_gmt":"2025-10-21T14:38:11","guid":{"rendered":"https:\/\/www.europesays.com\/fr\/479683\/"},"modified":"2025-10-21T14:38:11","modified_gmt":"2025-10-21T14:38:11","slug":"pologne-huit-personnes-arretees-pour-soupcons-de-sabotage-lie-a-la-russie","status":"publish","type":"post","link":"https:\/\/www.europesays.com\/fr\/479683\/","title":{"rendered":"Pologne : huit personnes arr\u00eat\u00e9es pour soup\u00e7ons de sabotage li\u00e9 \u00e0 la Russie"},"content":{"rendered":"<p>\n         Publi\u00e9 le<br \/>\n            21\/10\/2025 &#8211; 16:25 UTC+2\n            <\/p>\n<p>Les autorit\u00e9s polonaises ont arr\u00eat\u00e9 mardi huit personnes soup\u00e7onn\u00e9es de pr\u00e9parer des actes de sabotage, a d\u00e9clar\u00e9 un porte-parole du bureau du procureur national.<\/p>\n<p>L&rsquo;un des d\u00e9tenus, de nationalit\u00e9 ukrainienne, est accus\u00e9 d&rsquo;\u00eatre impliqu\u00e9 dans des projets d&rsquo;envoi de mat\u00e9riaux explosifs en Ukraine. <\/p>\n<p>Deux autres Ukrainiens, \u00e2g\u00e9s de 21 et 24 ans, ont \u00e9galement \u00e9t\u00e9 arr\u00eat\u00e9s en Roumanie. Ils sont soup\u00e7onn\u00e9s d&rsquo;avoir particip\u00e9 \u00e0 ce complot, qui aurait \u00e9t\u00e9 orchestr\u00e9 par les services de renseignement russes.<\/p>\n<p>Selon les autorit\u00e9s roumaines, les deux hommes ont \u00e9t\u00e9 appr\u00e9hend\u00e9s apr\u00e8s avoir d\u00e9pos\u00e9 deux colis contenant des engins incendiaires improvis\u00e9s aupr\u00e8s d&rsquo;une soci\u00e9t\u00e9 de messagerie internationale \u00e0 Bucarest.<\/p>\n<p>Le complot visait \u00e0 d\u00e9stabiliser les pays alli\u00e9s de l&rsquo;Ukraine, selon les procureurs<\/p>\n<p>Le Premier ministre Donald Tusk a affirm\u00e9 que l&rsquo;affaire \u00e9tait \u00ab\u00a0en cours\u00a0\u00bb et que \u00ab\u00a0d&rsquo;autres op\u00e9rations se poursuivent\u00a0\u00bb, dans un message publi\u00e9 sur X mardi matin.<\/p>\n<p>Selon les procureurs polonais, l&rsquo;objectif de ces actions \u00e9tait d&rsquo;intimider les populations et de d\u00e9stabiliser les pays de l&rsquo;UE qui soutiennent l&rsquo;Ukraine.<\/p>\n<p>Tomasz Siemoniak, ministre polonais de la coordination des services sp\u00e9ciaux, a \u00e9galement \u00e9crit sur les r\u00e9seaux sociaux que les d\u00e9tenus avaient \u00e9t\u00e9 arr\u00eat\u00e9s parce qu&rsquo;ils \u00e9taient soup\u00e7onn\u00e9s d&rsquo;avoir \u00ab\u00a0men\u00e9 des op\u00e9rations de reconnaissance d&rsquo;installations militaires et d&rsquo;infrastructures critiques, pr\u00e9par\u00e9 des ressources pour le sabotage et men\u00e9 directement des attaques\u00a0\u00bb.<\/p>\n<p>Depuis le lancement de l&rsquo;invasion de l&rsquo;Ukraine par la Russie en f\u00e9vrier 2022, la Pologne a arr\u00eat\u00e9 des dizaines de personnes soup\u00e7onn\u00e9es de sabotage et d&rsquo;espionnage.<\/p>\n<p>Le mois dernier, les procureurs de la Lituanie, pays balte voisin de la Pologne, ont annonc\u00e9 le d\u00e9mant\u00e8lement d&rsquo;un r\u00e9seau de suspects li\u00e9s \u00e0 la Russie qui auraient planifi\u00e9 et organis\u00e9 des incendies criminels dans plusieurs pays europ\u00e9ens.<\/p>\n<p>Les responsables occidentaux ont accus\u00e9 la Russie et ses mandataires d&rsquo;\u00eatre \u00e0 l&rsquo;origine de dizaines d&rsquo;incidents en Europe durant les trois derni\u00e8res ann\u00e9es.<\/p>\n<p>Sources additionnelles<strong> \u2022 AP<\/strong><\/p>\n","protected":false},"excerpt":{"rendered":"Publi\u00e9 le 21\/10\/2025 &#8211; 16:25 UTC+2 Les autorit\u00e9s polonaises ont arr\u00eat\u00e9 mardi huit personnes soup\u00e7onn\u00e9es de pr\u00e9parer des&hellip;\n","protected":false},"author":2,"featured_media":479684,"comment_status":"","ping_status":"","sticky":false,"template":"","format":"standard","meta":{"footnotes":""},"categories":[1591],"tags":[11,19429,4777,1887,131,2025,12,2437,1885,1886,132],"class_list":{"0":"post-479683","1":"post","2":"type-post","3":"status-publish","4":"format-standard","5":"has-post-thumbnail","7":"category-russie","8":"tag-actualites","9":"tag-donald-tusk","10":"tag-espionnage","11":"tag-federation-de-russie","12":"tag-guerre-en-ukraine","13":"tag-invasion-de-la-russie-en-ukraine","14":"tag-news","15":"tag-pologne","16":"tag-russia","17":"tag-russian-federation","18":"tag-russie"},"share_on_mastodon":{"url":"https:\/\/pubeurope.com\/@fr\/115412671214821542","error":""},"_links":{"self":[{"href":"https:\/\/www.europesays.com\/fr\/wp-json\/wp\/v2\/posts\/479683","targetHints":{"allow":["GET"]}}],"collection":[{"href":"https:\/\/www.europesays.com\/fr\/wp-json\/wp\/v2\/posts"}],"about":[{"href":"https:\/\/www.europesays.com\/fr\/wp-json\/wp\/v2\/types\/post"}],"author":[{"embeddable":true,"href":"https:\/\/www.europesays.com\/fr\/wp-json\/wp\/v2\/users\/2"}],"replies":[{"embeddable":true,"href":"https:\/\/www.europesays.com\/fr\/wp-json\/wp\/v2\/comments?post=479683"}],"version-history":[{"count":0,"href":"https:\/\/www.europesays.com\/fr\/wp-json\/wp\/v2\/posts\/479683\/revisions"}],"wp:featuredmedia":[{"embeddable":true,"href":"https:\/\/www.europesays.com\/fr\/wp-json\/wp\/v2\/media\/479684"}],"wp:attachment":[{"href":"https:\/\/www.europesays.com\/fr\/wp-json\/wp\/v2\/media?parent=479683"}],"wp:term":[{"taxonomy":"category","embeddable":true,"href":"https:\/\/www.europesays.com\/fr\/wp-json\/wp\/v2\/categories?post=479683"},{"taxonomy":"post_tag","embeddable":true,"href":"https:\/\/www.europesays.com\/fr\/wp-json\/wp\/v2\/tags?post=479683"}],"curies":[{"name":"wp","href":"https:\/\/api.w.org\/{rel}","templated":true}]}}