{"id":479685,"date":"2025-10-21T14:39:11","date_gmt":"2025-10-21T14:39:11","guid":{"rendered":"https:\/\/www.europesays.com\/fr\/479685\/"},"modified":"2025-10-21T14:39:11","modified_gmt":"2025-10-21T14:39:11","slug":"a-douarnenez-une-collecte-de-materiel-medical-en-faveur-de-la-population-ukrainienne","status":"publish","type":"post","link":"https:\/\/www.europesays.com\/fr\/479685\/","title":{"rendered":"\u00c0 Douarnenez, une collecte de mat\u00e9riel m\u00e9dical en faveur de la population ukrainienne"},"content":{"rendered":"<p>L\u2019association Solidarit\u00e9 Douarnenez Ukraine organise une collecte de mat\u00e9riel m\u00e9dical au profit de la population ukrainienne touch\u00e9e par l\u2019invasion russe, samedi 25 octobre, de 9\u200ah\u200a30 \u00e0 13\u200ah. La collecte se d\u00e9roulera au local des F\u00eates maritimes de Douarnenez, situ\u00e9 au 29, boulevard G\u00e9n\u00e9ral-de-Gaulle.<\/p>\n<p>Les besoins de l\u2019association concernent des m\u00e9dicaments non p\u00e9rim\u00e9s \u00e0 base de parac\u00e9tamol, des antalgiques, des pansements, des bandes, des compresses, des bandes de contention, des gants \u00e0 usage unique, des masques, de l\u2019alcool modifi\u00e9 (70 ou 90\u00b0), de l\u2019eau oxyg\u00e9n\u00e9e et du gel hydroalcoolique.<\/p>\n","protected":false},"excerpt":{"rendered":"L\u2019association Solidarit\u00e9 Douarnenez Ukraine organise une collecte de mat\u00e9riel m\u00e9dical au profit de la population ukrainienne touch\u00e9e par&hellip;\n","protected":false},"author":2,"featured_media":479686,"comment_status":"","ping_status":"","sticky":false,"template":"","format":"standard","meta":{"footnotes":""},"categories":[1590],"tags":[11,3320,1777,674,12,3400,220],"class_list":{"0":"post-479685","1":"post","2":"type-post","3":"status-publish","4":"format-standard","5":"has-post-thumbnail","7":"category-ukraine","8":"tag-actualites","9":"tag-douarnenez","10":"tag-eu","11":"tag-europe","12":"tag-news","13":"tag-solidarite","14":"tag-ukraine"},"share_on_mastodon":{"url":"https:\/\/pubeurope.com\/@fr\/115412675277069226","error":""},"_links":{"self":[{"href":"https:\/\/www.europesays.com\/fr\/wp-json\/wp\/v2\/posts\/479685","targetHints":{"allow":["GET"]}}],"collection":[{"href":"https:\/\/www.europesays.com\/fr\/wp-json\/wp\/v2\/posts"}],"about":[{"href":"https:\/\/www.europesays.com\/fr\/wp-json\/wp\/v2\/types\/post"}],"author":[{"embeddable":true,"href":"https:\/\/www.europesays.com\/fr\/wp-json\/wp\/v2\/users\/2"}],"replies":[{"embeddable":true,"href":"https:\/\/www.europesays.com\/fr\/wp-json\/wp\/v2\/comments?post=479685"}],"version-history":[{"count":0,"href":"https:\/\/www.europesays.com\/fr\/wp-json\/wp\/v2\/posts\/479685\/revisions"}],"wp:featuredmedia":[{"embeddable":true,"href":"https:\/\/www.europesays.com\/fr\/wp-json\/wp\/v2\/media\/479686"}],"wp:attachment":[{"href":"https:\/\/www.europesays.com\/fr\/wp-json\/wp\/v2\/media?parent=479685"}],"wp:term":[{"taxonomy":"category","embeddable":true,"href":"https:\/\/www.europesays.com\/fr\/wp-json\/wp\/v2\/categories?post=479685"},{"taxonomy":"post_tag","embeddable":true,"href":"https:\/\/www.europesays.com\/fr\/wp-json\/wp\/v2\/tags?post=479685"}],"curies":[{"name":"wp","href":"https:\/\/api.w.org\/{rel}","templated":true}]}}