{"id":479689,"date":"2025-10-21T14:41:12","date_gmt":"2025-10-21T14:41:12","guid":{"rendered":"https:\/\/www.europesays.com\/fr\/479689\/"},"modified":"2025-10-21T14:41:12","modified_gmt":"2025-10-21T14:41:12","slug":"le-sahara-occidental-pays-africain-plus-grand-que-le-royaume-uni-interdit-de-participer-a-la-coupe-du-monde","status":"publish","type":"post","link":"https:\/\/www.europesays.com\/fr\/479689\/","title":{"rendered":"Le Sahara Occidental, pays africain plus grand que le Royaume-Uni interdit de participer \u00e0 la Coupe du Monde"},"content":{"rendered":"<p><img decoding=\"async\" src=\"https:\/\/www.europesays.com\/fr\/wp-content\/uploads\/2025\/10\/seleccion-saharaui-foot-678x381.png\" alt=\"\" title=\"seleccion saharaui foot\"\/><br \/>\nLe Sahara Occidental poss\u00e8de sa propre \u00e9quipe de football, g\u00e9r\u00e9e par la F\u00e9d\u00e9ration Sahraouie de Football. Mais comme ils ne sont pas membres de la CAF ou de la FIFA, l&rsquo;\u00e9quipe ne peut pas participer aux qualifications pour la Coupe du Monde ni au tournoi lui-m\u00eame.<\/p>\n<p class=\"has-cyan-bluish-gray-color has-text-color has-link-color wp-elements-d368764d0d6ac3381b7720d18dd0b33c\"><strong>Tags : RASD, Sahara Occidental, Maroc, Royaume Uni, Coupe du Monde, FIFA, Conf\u00e9d\u00e9ration Africaine de Football,<\/strong> <strong>CAF<\/strong>, <\/p>\n<p><strong>L\u2019Angleterre s\u2019est d\u00e9j\u00e0 qualifi\u00e9e pour la Coupe du Monde de l\u2019\u00e9t\u00e9 prochain.<\/strong><\/p>\n<p>Le tournoi de l\u2019\u00e9t\u00e9 prochain accueillera <strong>48 pays<\/strong> et sera organis\u00e9 conjointement par les <strong>\u00c9tats-Unis d\u2019Am\u00e9rique<\/strong>, le <strong>Canada<\/strong> et le <strong>Mexique<\/strong>.<\/p>\n<p>Jusqu\u2019\u00e0 pr\u00e9sent, <strong>28 \u00e9quipes<\/strong> ont d\u00e9j\u00e0 assur\u00e9 leur qualification, l\u2019<strong>Angleterre<\/strong> \u00e9tant le seul pays europ\u00e9en \u00e0 avoir garanti sa place.<\/p>\n<p>Les autres nations du Royaume-Uni \u2014 le <strong>Pays de Galles<\/strong>, l\u2019<strong>\u00c9cosse<\/strong> et l\u2019<strong>Irlande du Nord<\/strong> \u2014 ont encore une chance d\u2019y parvenir, mais devront probablement passer par les <strong>barrages<\/strong>.<\/p>\n<p>En Afrique, l\u2019<strong>Alg\u00e9rie<\/strong>, le <strong>Cap-Vert<\/strong>, la <strong>C\u00f4te d\u2019Ivoire<\/strong>, l\u2019<strong>\u00c9gypte<\/strong>, le <strong>Ghana<\/strong>, le <strong>Maroc<\/strong>, le <strong>S\u00e9n\u00e9gal<\/strong>, l\u2019<strong>Afrique du Sud<\/strong> et la <strong>Tunisie<\/strong> ont tous obtenu leur qualification automatique.<\/p>\n<p>Le <strong>Cameroun<\/strong>, la <strong>RD Congo<\/strong>, le <strong>Gabon<\/strong> et le <strong>Nigeria<\/strong> s\u2019affronteront le mois prochain lors de deux demi-finales et d\u2019une finale pour la derni\u00e8re place du continent.<\/p>\n<p>Mais un territoire africain qui ne se rendra pas \u00e0 la Coupe du Monde est le <strong>Sahara Occidental<\/strong>.<\/p>\n<p>La r\u00e9gion est un <strong>territoire non autonome<\/strong>, d\u00e9fini par les Nations Unies comme un territoire \u00ab dont les peuples n\u2019ont pas encore atteint une pleine mesure d\u2019auto-administration \u00bb.<\/p>\n<p>Il a \u00e9t\u00e9 d\u00e9crit comme la <strong>derni\u00e8re colonie d\u2019Afrique<\/strong>, l\u2019Espagne y r\u00e9gnant jusqu\u2019en <strong>1976<\/strong>, date \u00e0 laquelle elle a tent\u00e9 de transf\u00e9rer l\u2019administration au Maroc et \u00e0 la Mauritanie.<\/p>\n<p>Environ <strong>70 %<\/strong> de la r\u00e9gion est occup\u00e9e par le <strong>Maroc<\/strong> et les <strong>30 %<\/strong> restants sont contr\u00f4l\u00e9s par le <strong>Front Polisario<\/strong>, un mouvement nationaliste r\u00e9clamant l\u2019ind\u00e9pendance du territoire.<\/p>\n<p>Le Sahara Occidental couvre une vaste \u00e9tendue de l\u2019Afrique du Nord-Ouest, avec une superficie totale de <strong>272000\u00a0km2<\/strong>, compar\u00e9e au Royaume-Uni qui est de 244376\u00a0km2.<\/p>\n<p>Cependant, il est beaucoup <strong>moins peupl\u00e9<\/strong>, avec une population d\u2019environ <strong>560000<\/strong> habitants, tandis que le Royaume-Uni abrite environ <strong>69 millions<\/strong> de personnes.<\/p>\n<p>Le Sahara Occidental poss\u00e8de sa propre \u00e9quipe de football, g\u00e9r\u00e9e par la <strong>F\u00e9d\u00e9ration Sahraouie de Football<\/strong>.<\/p>\n<p>Mais comme ils ne sont pas membres de la <strong>CAF<\/strong> ou de la <strong>FIFA<\/strong>, l\u2019\u00e9quipe ne peut pas participer aux qualifications pour la Coupe du Monde ni au tournoi lui-m\u00eame.<\/p>\n<p>\u00c0 la place, le Sahara Occidental est membre de la <strong>World Unity Football Allegiance (WUFA)<\/strong>, un organisme international pour les \u00e9quipes de football non affili\u00e9es \u00e0 la FIFA.<\/p>\n<p>La WUFA ne compte que <strong>19 membres<\/strong>, incluant les \u00eeles Chagos, le Yorkshire et le Cachemire.<\/p>\n<p>Le <strong>diff\u00e9rend territorial<\/strong> de longue date concernant le Sahara Occidental s\u2019est m\u00eame retrouv\u00e9 devant le <strong>Tribunal Arbitral du Sport (TAS)<\/strong>.<\/p>\n<p>En f\u00e9vrier, le TAS a confirm\u00e9 un appel de la <strong>F\u00e9d\u00e9ration Alg\u00e9rienne de Football<\/strong> apr\u00e8s qu\u2019un club marocain, le <strong>RS Berkane<\/strong>, a \u00e9t\u00e9 autoris\u00e9 \u00e0 porter un maillot affichant une carte \u00e9tendue du pays.<\/p>\n<p>La <strong>Conf\u00e9d\u00e9ration Africaine de Football<\/strong> avait approuv\u00e9 le design, malgr\u00e9 le fait que la carte incluait le territoire contest\u00e9 du Sahara Occidental.<\/p>\n<p>Cela a provoqu\u00e9 une <strong>querelle<\/strong> qui a conduit \u00e0 l\u2019annulation des deux matchs entre le RS Berkane et l\u2019<strong>USM Alger<\/strong> alg\u00e9rien.<\/p>\n<p>Source : <a href=\"https:\/\/www.sportbible.com\/football\/football-news\/fifa-world-cup\/africa-world-cup-ban-fifa-caf-756046-20251021\" target=\"_blank\" rel=\"noopener\">Sports Bible<\/a>, 21\/10\/2025<\/p>\n<p><strong>Sujets :<\/strong> Football, FIFA, Maroc, Coupe du Monde de la FIFA, Coupe du Monde de Football<\/p>\n<p>Visited 20 times, 20 visit(s) today<\/p>\n","protected":false},"excerpt":{"rendered":"Le Sahara Occidental poss\u00e8de sa propre \u00e9quipe de football, g\u00e9r\u00e9e par la F\u00e9d\u00e9ration Sahraouie de Football. Mais comme&hellip;\n","protected":false},"author":2,"featured_media":479690,"comment_status":"","ping_status":"","sticky":false,"template":"","format":"standard","meta":{"footnotes":""},"categories":[1588],"tags":[11,20504,60297,451,1777,674,2269,2223,12,60298,473,1853,3184,1851,1850,1852],"class_list":{"0":"post-479689","1":"post","2":"type-post","3":"status-publish","4":"format-standard","5":"has-post-thumbnail","7":"category-royaume-uni","8":"tag-actualites","9":"tag-caf","10":"tag-confederation-africaine-de-football","11":"tag-coupe-du-monde","12":"tag-eu","13":"tag-europe","14":"tag-fifa","15":"tag-maroc","16":"tag-news","17":"tag-rasd","18":"tag-royaume-uni","19":"tag-royaume-uni-de-grande-bretagne-et-dirlande-du-nord","20":"tag-sahara-occidental","21":"tag-uk","22":"tag-united-kingdom","23":"tag-united-kingdom-of-great-britain-and-northern-ireland"},"share_on_mastodon":{"url":"https:\/\/pubeurope.com\/@fr\/115412683619039133","error":""},"_links":{"self":[{"href":"https:\/\/www.europesays.com\/fr\/wp-json\/wp\/v2\/posts\/479689","targetHints":{"allow":["GET"]}}],"collection":[{"href":"https:\/\/www.europesays.com\/fr\/wp-json\/wp\/v2\/posts"}],"about":[{"href":"https:\/\/www.europesays.com\/fr\/wp-json\/wp\/v2\/types\/post"}],"author":[{"embeddable":true,"href":"https:\/\/www.europesays.com\/fr\/wp-json\/wp\/v2\/users\/2"}],"replies":[{"embeddable":true,"href":"https:\/\/www.europesays.com\/fr\/wp-json\/wp\/v2\/comments?post=479689"}],"version-history":[{"count":0,"href":"https:\/\/www.europesays.com\/fr\/wp-json\/wp\/v2\/posts\/479689\/revisions"}],"wp:featuredmedia":[{"embeddable":true,"href":"https:\/\/www.europesays.com\/fr\/wp-json\/wp\/v2\/media\/479690"}],"wp:attachment":[{"href":"https:\/\/www.europesays.com\/fr\/wp-json\/wp\/v2\/media?parent=479689"}],"wp:term":[{"taxonomy":"category","embeddable":true,"href":"https:\/\/www.europesays.com\/fr\/wp-json\/wp\/v2\/categories?post=479689"},{"taxonomy":"post_tag","embeddable":true,"href":"https:\/\/www.europesays.com\/fr\/wp-json\/wp\/v2\/tags?post=479689"}],"curies":[{"name":"wp","href":"https:\/\/api.w.org\/{rel}","templated":true}]}}