{"id":479704,"date":"2025-10-21T14:51:13","date_gmt":"2025-10-21T14:51:13","guid":{"rendered":"https:\/\/www.europesays.com\/fr\/479704\/"},"modified":"2025-10-21T14:51:13","modified_gmt":"2025-10-21T14:51:13","slug":"alejandro-davidovich-fokina-sur-sa-non-convocation-avec-lespagne-pour-la-coupe-davis-jaurais-adore-faire-partie-de-lequipe-lequipe","status":"publish","type":"post","link":"https:\/\/www.europesays.com\/fr\/479704\/","title":{"rendered":"Alejandro Davidovich Fokina sur sa non-convocation avec l&#039;Espagne pour la Coupe Davis : \u00ab J&#039;aurais ador\u00e9 faire partie de l&#039;\u00e9quipe \u00bb &#8211; L&#039;\u00c9quipe"},"content":{"rendered":"<ol>\n<li><a href=\"https:\/\/news.google.com\/rss\/articles\/CBMihAJBVV95cUxPaElWTDloXzk0VGZGNjk2YXJRRUh2Sklpb01Jb3owNVljSWVqdDBRMDMwTzQtbVh4ZDM3al9mbG1weU45S25Ob25aVm5UVldFTk1EOHRmTnFWbXJoanlTQ2dxUGMxMFZKbkNsV3d2dXBwQURLYmhjNUl0dlJoMVBxWGE3OHNlNERYdDRGM0VuT0U1dFlLUllSMG5vTlpZQlJHUHpNZEN6SFU0NFgzNGlqZWZTN3RYNkZvUzhOOGNWSHUycHh0LWQ4UXF4Vm9GWVVPM1FiU2pILURFM0ZJVkVXMjlMQmV2am1waFpoaGwtWnlZdkg5cnhnanV6RjdfVk55bmNtSA?oc=5\" target=\"_blank\" rel=\"nofollow noopener\">Alejandro Davidovich Fokina sur sa non-convocation avec l&rsquo;Espagne pour la Coupe Davis : \u00ab J&rsquo;aurais ador\u00e9 faire partie de l&rsquo;\u00e9quipe \u00bb<\/a>&nbsp;&nbsp;L&rsquo;\u00c9quipe<\/li>\n<li><a href=\"https:\/\/news.google.com\/rss\/articles\/CBMixAJBVV95cUxNZGNHWHBubFhoOG5JMlNId3FiYW1XYjc4ZjJ5MEthQi1KQkJRejhVN1IxWnJHTm80VGZYaUh6aUh0Tk83SG1uTmNCMFdoWmxwMzdsOHI3Wnd5Yk1nN0VRMHhnaGFCRnpVeERGbkN3UkVuRnNpanRjdUF4d0syV3FMeGh6aVFKdlZUc1FrOFNXb1JDYW9kMFZEczJHMGRxa1dFU3NtcWJwR2NFdTNUYUM2Zm51SGNLaVR0TnN3VUlsWjk3Z2Z6OWhfOHVJT2RIbUt2Y0RsNjhDSUtwZG1tU2lhS0p1QWxLWHJ1dm55VklFVTBqSE9sWHNLSW5OSU44YjFHaVpRRXNnYkxwS1VCNDFHeEJCbUMxZE5aQkFuU1pfWVF5a0ZkX2tQcWNqVFYtWWpKUnhBdjNBcU1oMlBabE1Dem5ZUzI?oc=5\" target=\"_blank\" rel=\"nofollow noopener\">Davidovich Fokina, absent de la s\u00e9lec\u00adtion espa\u00adgnole : \u00ab Avec tout le respect que je dois \u00e0 mes co\u00e9qui\u00adpiers, \u00e9tant 18<\/a>&nbsp;&nbsp;We Love Tennis<\/li>\n<li><a href=\"https:\/\/news.google.com\/rss\/articles\/CBMihAFBVV95cUxPU0Jfa3pjQnZDUDdhZ01OT3lpUkhHSWFRdl9pRTBSOTd5dGx2LWlCZzEweFZCVTNLdnJWZ1oxMVF0dk9EaTFuTTR3dW9Dc2hCNlhuUmN6T2w1dy1EcDU3UEYyd1RteVRJWGdhc3RkbXh4LTVNUEZaYzYxVmlMeHZYTm5WUHY?oc=5\" target=\"_blank\" rel=\"nofollow noopener\">Davidovich Fokina regrette de ne pas avoir \u00e9t\u00e9 convoqu\u00e9 pour la Coupe Davis : \u00ab Je pense que je le m\u00e9ritais \u00bb<\/a>&nbsp;&nbsp;Tennis Temple<\/li>\n<li><a href=\"https:\/\/news.google.com\/rss\/articles\/CBMixgFBVV95cUxPdDBuaFhEUjNNei1GWnZQY29najVrbThUS0ZOS1c2ckdYZjJoR1NmMm9DeXhHSTYxQWk0d19pRHY5X01PY19VNWlMYVNINFd6bjJBVHh4YXlTdTZzNW5TNHVtTGdQa2tCR21VN3NCTTFZZkIyQWo1TzUtSkRBNHhtaFJDdkF3TFpDTVF3bWFIbkRUaU5sR0FfdU5kdmZNUlVVTGxBSUg3LWpfUEl1QVo1SFRzTXhVSEhyZEdXY0YtYUhaNkg5cHc?oc=5\" target=\"_blank\" rel=\"nofollow noopener\">Alejandro Davidovich Fokina regrette son absence en Coupe Davis : \u00ab Je pensais le m\u00e9riter \u00bb<\/a>&nbsp;&nbsp;Univers Tennis<\/li>\n<\/ol>\n","protected":false},"excerpt":{"rendered":"Alejandro Davidovich Fokina sur sa non-convocation avec l&rsquo;Espagne pour la Coupe Davis : \u00ab J&rsquo;aurais ador\u00e9 faire partie&hellip;\n","protected":false},"author":2,"featured_media":479705,"comment_status":"","ping_status":"","sticky":false,"template":"","format":"standard","meta":{"footnotes":""},"categories":[1415],"tags":[1011,27,60,1467],"class_list":{"0":"post-479704","1":"post","2":"type-post","3":"status-publish","4":"format-standard","5":"has-post-thumbnail","7":"category-tennis","8":"tag-fr","9":"tag-france","10":"tag-sports","11":"tag-tennis"},"share_on_mastodon":{"url":"https:\/\/pubeurope.com\/@fr\/115412722306291194","error":""},"_links":{"self":[{"href":"https:\/\/www.europesays.com\/fr\/wp-json\/wp\/v2\/posts\/479704","targetHints":{"allow":["GET"]}}],"collection":[{"href":"https:\/\/www.europesays.com\/fr\/wp-json\/wp\/v2\/posts"}],"about":[{"href":"https:\/\/www.europesays.com\/fr\/wp-json\/wp\/v2\/types\/post"}],"author":[{"embeddable":true,"href":"https:\/\/www.europesays.com\/fr\/wp-json\/wp\/v2\/users\/2"}],"replies":[{"embeddable":true,"href":"https:\/\/www.europesays.com\/fr\/wp-json\/wp\/v2\/comments?post=479704"}],"version-history":[{"count":0,"href":"https:\/\/www.europesays.com\/fr\/wp-json\/wp\/v2\/posts\/479704\/revisions"}],"wp:featuredmedia":[{"embeddable":true,"href":"https:\/\/www.europesays.com\/fr\/wp-json\/wp\/v2\/media\/479705"}],"wp:attachment":[{"href":"https:\/\/www.europesays.com\/fr\/wp-json\/wp\/v2\/media?parent=479704"}],"wp:term":[{"taxonomy":"category","embeddable":true,"href":"https:\/\/www.europesays.com\/fr\/wp-json\/wp\/v2\/categories?post=479704"},{"taxonomy":"post_tag","embeddable":true,"href":"https:\/\/www.europesays.com\/fr\/wp-json\/wp\/v2\/tags?post=479704"}],"curies":[{"name":"wp","href":"https:\/\/api.w.org\/{rel}","templated":true}]}}