{"id":479706,"date":"2025-10-21T14:52:22","date_gmt":"2025-10-21T14:52:22","guid":{"rendered":"https:\/\/www.europesays.com\/fr\/479706\/"},"modified":"2025-10-21T14:52:22","modified_gmt":"2025-10-21T14:52:22","slug":"hoard-affame-team-france-basket","status":"publish","type":"post","link":"https:\/\/www.europesays.com\/fr\/479706\/","title":{"rendered":"Hoard affam\u00e9 | Team France Basket"},"content":{"rendered":"<p>Les premi\u00e8res photos datent de 2021. Pendant l\u2019\u00e9t\u00e9, Jaylen Hoard, 22 ans, alors joueur du Oklahoma City Thunder, avait \u00e9t\u00e9 appel\u00e9 comme partenaire d\u2019entra\u00eenement par Vincent Collet. Quelques semaines avec les futurs vice-champions olympiques \u00e0 Tokyo. Un statut qu\u2019il conna\u00eetra \u00e0 nouveau en f\u00e9vrier 2022, avant de f\u00eater ses premi\u00e8res s\u00e9lections en f\u00e9vrier 2024 puis d\u2019\u00eatre rappel\u00e9 de nouveau pour une pr\u00e9paration olympique.<\/p>\n<p>Cet \u00e9t\u00e9, la donne a chang\u00e9. Le sculptural int\u00e9rieur du Maccabi Tel-Aviv est parfaitement install\u00e9 dans la rotation de Fr\u00e9d\u00e9ric Fauthoux et sa derni\u00e8re sortie contre l\u2019Espagne (13 points en 22 minutes) ne laisse que peu de doutes quant \u00e0 sa pr\u00e9sence en Pologne, dans quelques jours. \u00ab\u00a0Faire un \u00e9t\u00e9 avec l\u2019\u00c9quipe de France c\u2019est un gros objectif pour moi\u00a0\u00bb, glisse-t-il. \u00ab\u00a0Ce serait incroyable, l\u2019aboutissement de tout le travail que je fais.\u00a0\u00bb La conclusion logique d\u2019un retour en gr\u00e2ce pour celui qui, chez les jeunes, affolait les compteurs (deuxi\u00e8me marqueur de la Coupe du Monde U17). Pass\u00e9 par le P\u00f4le France avant de choisir un cursus am\u00e9ricain, Hoard avait ensuite touch\u00e9 du doigt son r\u00eave NBA (39 matches en trois saisons). A l\u2019\u00e9t\u00e9 2022, il choisissait cependant de rentrer en Europe. Depuis, il s\u2019est impos\u00e9 dans le championnat isra\u00e9lien avec l\u2019Hapoel Tel-Aviv, au point de convaincre le l\u00e9gendaire voisin du Maccabi de lui offrir un contrat l\u2019an pass\u00e9. \u00ab\u00a0Apr\u00e8s ma premi\u00e8re saison d&rsquo;EuroLeague je trouve que j&rsquo;ai plus confiance en moi. Je sais que j&rsquo;ai le niveau pour jouer en EuroLeague. C&rsquo;\u00e9tait quelque chose que je pensais auparavant mais il fallait confirmer.\u00a0\u00bb<\/p>\n<p>Auteur de 14,7 points et 5,0 rebonds de moyenne dans la reine des comp\u00e9titions europ\u00e9ennes, le natif du Havre a chang\u00e9 de dimension et n\u2019a pas tard\u00e9 \u00e0 le d\u00e9montrer en s\u00e9lection. Il attribue d\u2019ailleurs en partie \u00e0 ses passages incomplets chez les Bleus l\u2019explication de son nouveau statut. \u00ab\u00a0La concurrence je vois \u00e7a comme quelque chose de super positif\u00a0\u00bb, juge-t-il. \u00ab\u00a0D\u00e9j\u00e0 \u00e7a montre le niveau de basket en France. J&rsquo;ai vu comment \u00e7a m&rsquo;a servi pendant la saison d&rsquo;EuroLeague de batailler avec Guerschon, Victor, des gars comme \u00e7a pendant l&rsquo;\u00e9t\u00e9 l&rsquo;ann\u00e9e derni\u00e8re. Quoi qu\u2019il arrive c\u2019est incroyable : tu prends en exp\u00e9rience, tu progresses, tu es entour\u00e9 de joueurs qui sont bons. Je vois \u00e7a soit comme une opportunit\u00e9 de faire partie de l\u2019\u00e9quipe, soit de progresser. Tu peux apprendre beaucoup et \u00e7a m\u2019aide. Donc j\u2019adore venir en \u00c9quipe de France.\u00a0\u00bb<\/p>\n<p>Une approche qui ne laisse transpara\u00eetre aucune trace de frustration chez le fils de l\u2019ancienne internationale Katia Foucade (27 s\u00e9lections dans les ann\u00e9es 90), pr\u00e9sente dans les tribunes de Badalone. \u00ab\u00a0Je vivais bien cette p\u00e9riode\u00a0\u00bb, sourit-il. \u00ab\u00a0Je savais que je voulais faire partie de l&rsquo;\u00c9quipe de France A mais je savais aussi qu\u2019il fallait avoir de la patience. Il ne faut pas \u00eatre frustr\u00e9, ne pas se projeter ou se pr\u00e9cipiter. Ton moment viendra.\u00a0\u00bb Et le moment est sans doute venu pour un joueur aussi silencieux qu\u2019efficace.<\/p>\n","protected":false},"excerpt":{"rendered":"Les premi\u00e8res photos datent de 2021. Pendant l\u2019\u00e9t\u00e9, Jaylen Hoard, 22 ans, alors joueur du Oklahoma City Thunder,&hellip;\n","protected":false},"author":2,"featured_media":479707,"comment_status":"","ping_status":"","sticky":false,"template":"","format":"standard","meta":{"footnotes":""},"categories":[1414],"tags":[1465,1464,1011,27,60],"class_list":{"0":"post-479706","1":"post","2":"type-post","3":"status-publish","4":"format-standard","5":"has-post-thumbnail","7":"category-basket","8":"tag-basket","9":"tag-basketball","10":"tag-fr","11":"tag-france","12":"tag-sports"},"share_on_mastodon":{"url":"https:\/\/pubeurope.com\/@fr\/115412726240274261","error":""},"_links":{"self":[{"href":"https:\/\/www.europesays.com\/fr\/wp-json\/wp\/v2\/posts\/479706","targetHints":{"allow":["GET"]}}],"collection":[{"href":"https:\/\/www.europesays.com\/fr\/wp-json\/wp\/v2\/posts"}],"about":[{"href":"https:\/\/www.europesays.com\/fr\/wp-json\/wp\/v2\/types\/post"}],"author":[{"embeddable":true,"href":"https:\/\/www.europesays.com\/fr\/wp-json\/wp\/v2\/users\/2"}],"replies":[{"embeddable":true,"href":"https:\/\/www.europesays.com\/fr\/wp-json\/wp\/v2\/comments?post=479706"}],"version-history":[{"count":0,"href":"https:\/\/www.europesays.com\/fr\/wp-json\/wp\/v2\/posts\/479706\/revisions"}],"wp:featuredmedia":[{"embeddable":true,"href":"https:\/\/www.europesays.com\/fr\/wp-json\/wp\/v2\/media\/479707"}],"wp:attachment":[{"href":"https:\/\/www.europesays.com\/fr\/wp-json\/wp\/v2\/media?parent=479706"}],"wp:term":[{"taxonomy":"category","embeddable":true,"href":"https:\/\/www.europesays.com\/fr\/wp-json\/wp\/v2\/categories?post=479706"},{"taxonomy":"post_tag","embeddable":true,"href":"https:\/\/www.europesays.com\/fr\/wp-json\/wp\/v2\/tags?post=479706"}],"curies":[{"name":"wp","href":"https:\/\/api.w.org\/{rel}","templated":true}]}}