{"id":479708,"date":"2025-10-21T14:53:13","date_gmt":"2025-10-21T14:53:13","guid":{"rendered":"https:\/\/www.europesays.com\/fr\/479708\/"},"modified":"2025-10-21T14:53:13","modified_gmt":"2025-10-21T14:53:13","slug":"je-suis-rapide-mais-jai-fait-mon-temps","status":"publish","type":"post","link":"https:\/\/www.europesays.com\/fr\/479708\/","title":{"rendered":"Je suis rapide mais j&rsquo;ai fait mon temps"},"content":{"rendered":"<p>Sit\u00f4t remont\u00e9 en selle, en Australie,\u00a0<a href=\"https:\/\/fr.motorsport.com\/driver\/pol-espargaro\/94345\/\" target=\"_blank\" rel=\"noopener nofollow\">Pol Espargar\u00f3<\/a> s&rsquo;est m\u00eal\u00e9 aux bagarres avec la vitesse et l&rsquo;implication qu&rsquo;on lui conna\u00eet. Comme si de rien n&rsquo;\u00e9tait ou presque, alors qu&rsquo;il a quitt\u00e9 la comp\u00e9tition depuis deux ans et n&rsquo;avait plus \u00e9t\u00e9 align\u00e9 sur un Grand Prix depuis l&rsquo;\u00e9t\u00e9.<\/p>\n<p>Il se trouvait en vacances \u00e0 New York lorsque KTM l&rsquo;a appel\u00e9 pour remplacer au pied lev\u00e9 <a href=\"https:\/\/fr.motorsport.com\/driver\/maverick-vinales\/96553\/\" target=\"_blank\" rel=\"noopener nofollow\">Maverick Vi\u00f1ales<\/a>, bless\u00e9, entra\u00eenant une course contre la montre pour rejoindre Phillip Island et prendre part au GP d&rsquo;Australie sans avoir le temps de dig\u00e9rer le d\u00e9calage horaire. Enthousiaste de pouvoir reprendre la piste pour cet int\u00e9rim, celui qui est habituellement pilote essayeur pour KTM a rapidement retrouv\u00e9 la hargne qui accompagne les comp\u00e9titeurs.<\/p>\n<p>Bien qu&rsquo;il ait \u00e9t\u00e9 devanc\u00e9 par <a href=\"https:\/\/fr.motorsport.com\/driver\/pedro-acosta\/840236\/\" target=\"_blank\" rel=\"noopener nofollow\">Pedro Acosta<\/a>, il a tout de m\u00eame \u00e9t\u00e9 le deuxi\u00e8me homme de la marque en qualifications, avec une place en troisi\u00e8me ligne plus qu&rsquo;honorable, avant de se classer dans le top 10 au sprint et en course, livrant au passage quelques luttes qui ont pu surprendre certains de ses adversaires. Avant cela, il avait m\u00eame \u00e9t\u00e9 le plus rapide du clan autrichien lors des Essais de vendredi.<\/p>\n<p>\u00ab\u00a0Je suis content, tr\u00e8s content\u00a0\u00bb, expliquait Pol Espargar\u00f3 apr\u00e8s cette premi\u00e8re journ\u00e9e. \u00ab\u00a0J&rsquo;ai le sentiment que quand j&rsquo;attaque, \u00e7a vient, que ce que je fais sur la moto paye r\u00e9ellement. Dans le pass\u00e9, quand j&rsquo;\u00e9tais ici apr\u00e8s ma blessure, je n&rsquo;\u00e9tais pas moi-m\u00eame. C&rsquo;est la premi\u00e8re ann\u00e9e depuis ma blessure que je prends du plaisir d&rsquo;une mani\u00e8re g\u00e9n\u00e9rale.\u00a0\u00bb<\/p>\n<blockquote>\n<p>J&rsquo;ai fait mon temps. Il faut accepter ces choses-l\u00e0.<\/p>\n<\/blockquote>\n<p>\u00ab\u00a0J&rsquo;ai le sentiment de piloter la moto, je fais ce que je veux. J&rsquo;applique mon style de pilotage, je suis agressif comme je l&rsquo;\u00e9tais dans le pass\u00e9, et je ne fais pas de grosses erreurs. Tout vient plut\u00f4t vite. Je ne dirais pas que \u00e7a vient facilement parce que ces chronos-l\u00e0 n&rsquo;arrivent jamais facilement, mais le fait de faire \u00e7a apr\u00e8s avoir \u00e9t\u00e9 absent pendant deux mois signifie qu&rsquo;il y a encore de la marge et que la moto fonctionne bien.\u00a0\u00bb<\/p>\n<p>Tr\u00e8s vite, n\u00e9anmoins, Espargar\u00f3 a pr\u00e9cis\u00e9 que cette vitesse qui ne l&rsquo;a pas quitt\u00e9 et dont il a encore eu confirmation en Australie ne changeait pas ses plans pour l&rsquo;avenir\u00a0:\u00a0\u00ab\u00a0Non. J&rsquo;ai la vitesse mais \u00e7a ne change pas [mes plans]. Il y a des gars dans le paddock qui sont plus rapides que moi pour \u00eatre pilotes MotoGP \u00e0 temps plein.\u00a0\u00bb<\/p>\n<p>\u00ab\u00a0J&rsquo;ai fait mon temps. Malheureusement, j&rsquo;ai eu une chute, une grosse blessure et j&rsquo;ai eu besoin de me retirer de ce championnat. Je suis rapide, j&rsquo;ai une bonne vitesse, mais mon temps est pass\u00e9. J&rsquo;ai le sentiment qu&rsquo;il faut accepter ces choses-l\u00e0. Maintenant, je prends juste du plaisir quand je viens ici. Je peux courir, j&rsquo;appr\u00e9cie beaucoup d&rsquo;\u00eatre assez comp\u00e9titif pour affronter les meilleurs pilotes au monde, et \u00e7a me rend tr\u00e8s fier.\u00a0\u00bb<\/p>\n<p>   <img decoding=\"async\" draggable=\"false\" src=\"https:\/\/www.europesays.com\/fr\/wp-content\/uploads\/2025\/10\/pol-espargaro-ktm-tech-3.jpg\" alt=\"Pol Espargar\u00f3 ne s'est pas m\u00e9nag\u00e9 pendant le GP d'Australie.\" width=\"1200\" height=\"800\" loading=\"lazy\"\/> <\/p>\n<p class=\"title\">Pol Espargar\u00f3 ne s&rsquo;est pas m\u00e9nag\u00e9 pendant le GP d&rsquo;Australie.<\/p>\n<p class=\"photographer\">Photo de : Gold and Goose Photography \/ LAT Images \/ via Getty Images<\/p>\n<p>\u00ab\u00a0Tout le monde a son moment et le mien est pass\u00e9, et maintenant j&rsquo;appr\u00e9cie simplement le temps que je passe ici\u00a0\u00bb, a ajout\u00e9 Espargar\u00f3, se disant fier de partager la piste avec des pilotes dont il sait la valeur. \u00ab\u00a0C&rsquo;est g\u00e9nial, parce que dans mon autre vie, celle de commentateur TV, je les ai pas mal interview\u00e9s et c&rsquo;est super sympa d&rsquo;\u00eatre l&rsquo;un d&rsquo;eux pour un week-end. Et aussi de me battre avec eux, de me battre face aux meilleurs pilotes au monde, dans le championnat de courses moto le plus rapide du monde. C&rsquo;est tout simplement dingue\u00a0!\u00a0C&rsquo;est une opportunit\u00e9 que j&rsquo;ai et dont je dois profiter au maximum quand je le peux.\u00a0\u00bb<\/p>\n<p>\u00ab\u00a0Je suis heureux aussi d&rsquo;\u00eatre utile \u00e0 l&rsquo;\u00e9quipe et \u00e0 KTM pour am\u00e9liorer la moto et les aider, pas seulement de l&rsquo;ext\u00e9rieur mais aussi quand je cours\u00a0\u00bb, a encore soulign\u00e9 le pilote espagnol, qui souhaite renforcer cet apport en pouvant faire des wild-cards l&rsquo;an prochain, <a href=\"https:\/\/fr.motorsport.com\/motogp\/news\/pol-espargaro-contrat-ktm-pilote-essayeur\/10767800\/\" target=\"_self\" rel=\"noopener nofollow\">ce qu&rsquo;il n\u00e9gocie pour son nouveau contrat<\/a>. Cette ann\u00e9e, il n&rsquo;en a pas fait et n&rsquo;a couru qu&rsquo;en tant que rempla\u00e7ant.<\/p>\n<p>\u00ab\u00a0\u00c7a n&rsquo;est pas que pour moi\u00a0\u00bb, a-t-il pr\u00e9cis\u00e9. \u00ab\u00a0Je crois que pour l&rsquo;\u00e9quipe de test, c&rsquo;est \u00e9galement tr\u00e8s important d&rsquo;avoir des objectifs dans l&rsquo;ann\u00e9e, de faire en sorte que tout le groupe sente qu&rsquo;il fait partie de cela et de les faire venir, sentir la vitesse de la course, \u00eatre avec les autres m\u00e9caniciens, et savoir qu&rsquo;ils font partie des succ\u00e8s et des d\u00e9faites pendant tous les week-ends. \u00c7a n&rsquo;est pas juste pour moi, c&rsquo;est aussi pour le test team. Je pense que c&rsquo;est super important pour l&rsquo;ensemble du projet.\u00a0\u00bb<\/p>\n<p>            Votre avis nous int\u00e9resse !<\/p>\n<p class=\"mt-auto\">Qu&rsquo;aimeriez-vous voir sur Motorsport.com ?<\/p>\n<p>            <a href=\"#\" class=\"ms-link text-link font-bold\">R\u00e9pondez \u00e0 notre enqu\u00eate en 5 minutes.<\/a><\/p>\n<p class=\"mt-1 text-body\">&#8211; L&rsquo;\u00e9quipe Motorsport.com<\/p>\n","protected":false},"excerpt":{"rendered":"Sit\u00f4t remont\u00e9 en selle, en Australie,\u00a0Pol Espargar\u00f3 s&rsquo;est m\u00eal\u00e9 aux bagarres avec la vitesse et l&rsquo;implication qu&rsquo;on lui&hellip;\n","protected":false},"author":2,"featured_media":479709,"comment_status":"","ping_status":"","sticky":false,"template":"","format":"standard","meta":{"footnotes":""},"categories":[1413],"tags":[1011,27,1457,1456,1458,5129,60299,3068,60,3374],"class_list":{"0":"post-479708","1":"post","2":"type-post","3":"status-publish","4":"format-standard","5":"has-post-thumbnail","7":"category-moto","8":"tag-fr","9":"tag-france","10":"tag-moto","11":"tag-motocycle","12":"tag-motogp","13":"tag-pol-espargaru00f3","14":"tag-pol-espargaru00f3u00a0-je-suis-rapide-mais-jai-fait-mon-temps","15":"tag-red-bull-ktm-factory-racing","16":"tag-sports","17":"tag-tech-3"},"share_on_mastodon":{"url":"https:\/\/pubeurope.com\/@fr\/115412730781164268","error":""},"_links":{"self":[{"href":"https:\/\/www.europesays.com\/fr\/wp-json\/wp\/v2\/posts\/479708","targetHints":{"allow":["GET"]}}],"collection":[{"href":"https:\/\/www.europesays.com\/fr\/wp-json\/wp\/v2\/posts"}],"about":[{"href":"https:\/\/www.europesays.com\/fr\/wp-json\/wp\/v2\/types\/post"}],"author":[{"embeddable":true,"href":"https:\/\/www.europesays.com\/fr\/wp-json\/wp\/v2\/users\/2"}],"replies":[{"embeddable":true,"href":"https:\/\/www.europesays.com\/fr\/wp-json\/wp\/v2\/comments?post=479708"}],"version-history":[{"count":0,"href":"https:\/\/www.europesays.com\/fr\/wp-json\/wp\/v2\/posts\/479708\/revisions"}],"wp:featuredmedia":[{"embeddable":true,"href":"https:\/\/www.europesays.com\/fr\/wp-json\/wp\/v2\/media\/479709"}],"wp:attachment":[{"href":"https:\/\/www.europesays.com\/fr\/wp-json\/wp\/v2\/media?parent=479708"}],"wp:term":[{"taxonomy":"category","embeddable":true,"href":"https:\/\/www.europesays.com\/fr\/wp-json\/wp\/v2\/categories?post=479708"},{"taxonomy":"post_tag","embeddable":true,"href":"https:\/\/www.europesays.com\/fr\/wp-json\/wp\/v2\/tags?post=479708"}],"curies":[{"name":"wp","href":"https:\/\/api.w.org\/{rel}","templated":true}]}}