{"id":479710,"date":"2025-10-21T14:54:14","date_gmt":"2025-10-21T14:54:14","guid":{"rendered":"https:\/\/www.europesays.com\/fr\/479710\/"},"modified":"2025-10-21T14:54:14","modified_gmt":"2025-10-21T14:54:14","slug":"mclaren-napportera-plus-devolutions-malgre-la-menace-verstappen","status":"publish","type":"post","link":"https:\/\/www.europesays.com\/fr\/479710\/","title":{"rendered":"McLaren n&rsquo;apportera plus d&rsquo;\u00e9volutions malgr\u00e9 la menace Verstappen"},"content":{"rendered":"<p><a href=\"https:\/\/fr.motorsport.com\/team\/mclaren\/609\/\" target=\"_blank\" rel=\"noopener\">McLaren<\/a> n&rsquo;apportera plus d&rsquo;\u00e9volutions sur sa monoplace 2025 pour aider <a href=\"https:\/\/fr.motorsport.com\/driver\/oscar-piastri\/835356\/\" target=\"_blank\" rel=\"noopener\">Oscar Piastri<\/a> et <a href=\"https:\/\/fr.motorsport.com\/driver\/lando-norris\/289708\/\" target=\"_blank\" rel=\"noopener\">Lando Norris<\/a> dans leur course au titre mondial en F1. Dans le contexte d&rsquo;une r\u00e9surgence spectaculaire de <a href=\"https:\/\/fr.motorsport.com\/team\/red-bull\/553\/\" target=\"_blank\" rel=\"noopener\">Red Bull<\/a> et <a href=\"https:\/\/fr.motorsport.com\/driver\/max-verstappen\/93029\/\" target=\"_blank\" rel=\"noopener\">Max Verstappen<\/a>, Andrea Stella a malgr\u00e9 tout \u00e9t\u00e9 rassur\u00e9 par le rythme affich\u00e9 par Norris au Grand Prix des \u00c9tats-Unis 2025.<\/p>\n<p>La troisi\u00e8me victoire de Max Verstappen en quatre Grands Prix, le N\u00e9erlandais r\u00e9alisant au passage un carton plein dans un week-end sprint lui ayant donc rapport\u00e9 33 points, a ramen\u00e9 le quadruple champion du monde \u00e0 40 points du leader du championnat, Oscar Piastri, \u00e0 cinq \u00e9preuves de la fin de saison. Ce dernier comptait pourtant, au sortir du GP des Pays-Bas, 104 unit\u00e9s d&rsquo;avance, mais une s\u00e9rie de mauvaises performances et d&rsquo;accidents ont fait fondre une partie du matelas qu&rsquo;il poss\u00e9dait.<\/p>\n<p>Pire encore pour McLaren, les performances de la Red Bull RB21 ont connu une soudaine am\u00e9lioration \u00e0 partir du GP d&rsquo;Italie, \u00e0 tel point qu&rsquo;il est aujourd&rsquo;hui possible de penser que, \u00e0 la fois en qualifications et en course, c&rsquo;est bien la monoplace autrichienne qui est la plus rapide du plateau. Si l&rsquo;\u00e9curie dirig\u00e9e par Laurent Mekies a pouss\u00e9 assez loin le d\u00e9veloppement, ce n&rsquo;est pas le cas pour la structure bas\u00e9e \u00e0 Woking qui l&rsquo;a interrompu plus t\u00f4t dans l&rsquo;ann\u00e9e pour se tourner vers 2026.<\/p>\n<p>Le directeur de McLaren, Andrea Stella, a confirm\u00e9 au sortir de l&rsquo;\u00e9preuve d&rsquo;Austin qu&rsquo;il n&rsquo;y aurait plus de nouveaut\u00e9s lors des courses \u00e0 venir pour ses pilotes. \u00ab\u00a0Concernant de nouvelles \u00e9volutions, de nouvelles pi\u00e8ces, il n&rsquo;y en aura pas pour le reste de la saison\u00a0\u00bb, a d\u00e9clar\u00e9 l&rsquo;Italien dimanche soir devant les m\u00e9dias internationaux dont <strong>Motorsport.com<\/strong>.<\/p>\n<p>Un rythme rassurant pour Norris<br \/>\n   <img decoding=\"async\" draggable=\"false\" src=\"https:\/\/www.europesays.com\/fr\/wp-content\/uploads\/2025\/10\/charles-leclerc-ferrari-lando-.jpg\" alt=\"La lutte avec Charles Leclerc a emp\u00each\u00e9 Lando Norris de d\u00e9ployer le v\u00e9ritable rythme de la McLaren.\" width=\"1200\" height=\"800\" loading=\"lazy\"\/> <\/p>\n<p class=\"title\">La lutte avec Charles Leclerc a emp\u00each\u00e9 Lando Norris de d\u00e9ployer le v\u00e9ritable rythme de la McLaren.<\/p>\n<p class=\"photographer\">Photo de: Clive Mason \/ Getty Images<\/p>\n<p>Une situation logique du point de vue de l&rsquo;\u00e9curie, mais qui pose forc\u00e9ment des questions \u00e0 un moment o\u00f9 la dynamique est clairement en faveur de la concurrence. Toutefois, pour Stella, le GP des \u00c9tats-Unis a montr\u00e9 des signes rassurants\u00a0: si Piastri a souffert toute l&rsquo;\u00e9preuve d&rsquo;un manque de confiance qui a entrav\u00e9 son rythme, Norris s&rsquo;est de son c\u00f4t\u00e9 montr\u00e9 plus \u00e0 l&rsquo;aise et a, selon son responsable, prouv\u00e9 que, dans d&rsquo;autres circonstances &#8211; sans son \u00e9limination dans le sprint et sans avoir \u00e9t\u00e9 bloqu\u00e9 par <a href=\"https:\/\/fr.motorsport.com\/driver\/charles-leclerc\/109632\/\" target=\"_blank\" rel=\"noopener\">Charles Leclerc<\/a> au d\u00e9but de la course -, il aurait peut-\u00eatre pu rivaliser avec Verstappen.<\/p>\n<p>\u00ab\u00a0Sur le plan de la tendance, la course d&rsquo;aujourd&rsquo;hui est relativement rassurante, car je pense que s&rsquo;il n&rsquo;avait pas d\u00fb batailler avec Charles, ce qui \u00e9tait certes un spectacle divertissant, Lando aurait eu le rythme n\u00e9cessaire pour remporter la course\u00a0\u00bb, a d\u00e9clar\u00e9 Stella.<\/p>\n<p>\u00ab\u00a0\u00c9videmment, il aurait d\u00fb gagner la position sur la piste, ce qui n&rsquo;est jamais facile face \u00e0 Max. Et avec un seul arr\u00eat, nous n&rsquo;aurions pas n\u00e9cessairement eu beaucoup d&rsquo;opportunit\u00e9s d&rsquo;un point de vue strat\u00e9gique. Mais en termes de performance, je pense que nous sommes rassur\u00e9s quant au fait que le rythme \u00e9tait suffisant pour se battre pour la victoire.\u00a0\u00bb<\/p>\n<p>Stella ne manque aussi pas de rappeler que le double abandon des McLaren au d\u00e9part du sprint de samedi a priv\u00e9 ses troupes de pr\u00e9cieuses donn\u00e9es afin de mieux r\u00e9gler la voiture dans un week-end condens\u00e9 par le format. \u00ab\u00a0Le fait de ne pas avoir disput\u00e9 le sprint nous a un peu d\u00e9savantag\u00e9s en termes de r\u00e9glages. Avec le recul, on peut d\u00e9j\u00e0 voir que nous aurions pu tirer davantage de performances de la voiture.\u00a0\u00bb<\/p>\n<p style=\"text-align: right;\">Avec Filip Cleeren et Ronald Vording<\/p>\n<p>Lire aussi :<\/p>\n<p>            Votre avis nous int\u00e9resse !<\/p>\n<p class=\"mt-auto\">Qu&rsquo;aimeriez-vous voir sur Motorsport.com ?<\/p>\n<p>            <a href=\"#\" class=\"ms-link text-link font-bold\">R\u00e9pondez \u00e0 notre enqu\u00eate en 5 minutes.<\/a><\/p>\n<p class=\"mt-1 text-body\">&#8211; L&rsquo;\u00e9quipe Motorsport.com<\/p>\n","protected":false},"excerpt":{"rendered":"McLaren n&rsquo;apportera plus d&rsquo;\u00e9volutions sur sa monoplace 2025 pour aider Oscar Piastri et Lando Norris dans leur course&hellip;\n","protected":false},"author":2,"featured_media":479711,"comment_status":"","ping_status":"","sticky":false,"template":"","format":"standard","meta":{"footnotes":""},"categories":[1412],"tags":[1451,1452,1453,1454,1455,1011,27,2243,2236,4475,60300,2241,2255,60],"class_list":{"0":"post-479710","1":"post","2":"type-post","3":"status-publish","4":"format-standard","5":"has-post-thumbnail","7":"category-f1","8":"tag-f1","9":"tag-formula-1","10":"tag-formula1","11":"tag-formule-1","12":"tag-formule1","13":"tag-fr","14":"tag-france","15":"tag-lando-norris","16":"tag-max-verstappen","17":"tag-mclaren","18":"tag-mclaren-napportera-plus-du00e9volutions-malgru00e9-la-menace-verstappen","19":"tag-oscar-piastri","20":"tag-red-bull","21":"tag-sports"},"share_on_mastodon":{"url":"https:\/\/pubeurope.com\/@fr\/115412734683515497","error":""},"_links":{"self":[{"href":"https:\/\/www.europesays.com\/fr\/wp-json\/wp\/v2\/posts\/479710","targetHints":{"allow":["GET"]}}],"collection":[{"href":"https:\/\/www.europesays.com\/fr\/wp-json\/wp\/v2\/posts"}],"about":[{"href":"https:\/\/www.europesays.com\/fr\/wp-json\/wp\/v2\/types\/post"}],"author":[{"embeddable":true,"href":"https:\/\/www.europesays.com\/fr\/wp-json\/wp\/v2\/users\/2"}],"replies":[{"embeddable":true,"href":"https:\/\/www.europesays.com\/fr\/wp-json\/wp\/v2\/comments?post=479710"}],"version-history":[{"count":0,"href":"https:\/\/www.europesays.com\/fr\/wp-json\/wp\/v2\/posts\/479710\/revisions"}],"wp:featuredmedia":[{"embeddable":true,"href":"https:\/\/www.europesays.com\/fr\/wp-json\/wp\/v2\/media\/479711"}],"wp:attachment":[{"href":"https:\/\/www.europesays.com\/fr\/wp-json\/wp\/v2\/media?parent=479710"}],"wp:term":[{"taxonomy":"category","embeddable":true,"href":"https:\/\/www.europesays.com\/fr\/wp-json\/wp\/v2\/categories?post=479710"},{"taxonomy":"post_tag","embeddable":true,"href":"https:\/\/www.europesays.com\/fr\/wp-json\/wp\/v2\/tags?post=479710"}],"curies":[{"name":"wp","href":"https:\/\/api.w.org\/{rel}","templated":true}]}}