{"id":479712,"date":"2025-10-21T14:55:14","date_gmt":"2025-10-21T14:55:14","guid":{"rendered":"https:\/\/www.europesays.com\/fr\/479712\/"},"modified":"2025-10-21T14:55:14","modified_gmt":"2025-10-21T14:55:14","slug":"tour-du-limousin-2026-les-etapes-devoilees-actualite","status":"publish","type":"post","link":"https:\/\/www.europesays.com\/fr\/479712\/","title":{"rendered":"Tour du Limousin 2026 : Les \u00e9tapes d\u00e9voil\u00e9es &#8211; Actualit\u00e9"},"content":{"rendered":"<p>            <a href=\"https:\/\/fr-eu.wahoofitness.com\/\" onclick=\"trackOutboundLink(&#039;https:\/\/fr-eu.wahoofitness.com\/&#039;); return false;\" target=\"_blank\" rel=\"noopener\"><br \/>\n            <img decoding=\"async\" src=\"https:\/\/www.europesays.com\/fr\/wp-content\/uploads\/2025\/10\/saison-pro-2023-wahoo.jpg\" alt=\"La saison Pro avec WAHOO\" width=\"100%\"\/><br \/>\n        <\/a><\/p>\n<p>                                                                    <img decoding=\"async\" src=\"https:\/\/www.europesays.com\/fr\/wp-content\/uploads\/2025\/10\/68f79276a6342.jpg\" height=\"auto\" loading=\"lazy\"\/><br \/>\n                                                                    Cr\u00e9dit photo Xavier Pereyron \/ LNC<\/p>\n<p class=\"images-caption\">Cr\u00e9dit photo Xavier Pereyron \/ LNC<\/p>\n<p class=\"metadata\">\n            Par<br \/>\n        <strong class=\"text-black\">    <a href=\"https:\/\/www.directvelo.com\/auteur\/2\/nicolas-gachet\" class=\"hover-underline\" rel=\"author noopener\" target=\"_blank\">NICOLAS GACHET<\/a><br \/>\n<\/strong><br \/>\n                    <br \/>Le<br \/>\n    21 octobre 2025, 16:08<\/p>\n<p style=\"text-align: justify;\">La 59e \u00e9dition du Tour du Limousin-P\u00e9rigord-Nouvelle-Aquitaine aura lieu du 18 au 21 ao\u00fbt 2026. Quatre \u00e9tapes restent au programme. La course partira\u00a0de Veyrac pour se terminer une nouvelle fois \u00e0 Limoges.\u00a0<br \/><strong><a href=\"https:\/\/www.directvelo.com\/epreuve\/47120\/tour-du-limousin-perigord-nouvelle-aquitaine-2025\" target=\"_blank\" rel=\"noopener\">Le vainqueur succ\u00e8dera \u00e0 Ewen Costiou<\/a>\u00a0<\/strong>au palmar\u00e8s de la course 2.1.<\/p>\n<p><strong>Les \u00e9tapes du Tour du Limousin 2026 :<\/strong><br \/>18\/08 &#8211; Et. 1 : Veyrac (Haute-Vienne) &#8211; Dun-le-Palestel (Creuse)<br \/>19\/08 &#8211; Et. 2 : Salignac-Eyvigues &#8211; Lanouaille (Dordogne)<br \/>20\/08 &#8211; Et. 3 : Saint-Privat &#8211; \u00c9gletons (Corr\u00e8ze)<br \/>21\/08 &#8211; Et. 4 : Nantiat &#8211; Limoges (Haute-Vienne)<\/p>\n","protected":false},"excerpt":{"rendered":"Cr\u00e9dit photo Xavier Pereyron \/ LNC Cr\u00e9dit photo Xavier Pereyron \/ LNC Par NICOLAS GACHET Le 21 octobre&hellip;\n","protected":false},"author":2,"featured_media":479713,"comment_status":"","ping_status":"","sticky":false,"template":"","format":"standard","meta":{"footnotes":""},"categories":[1411],"tags":[834,828,836,829,837,827,83,826,824,823,1154,207,814,817,815,816,822,821,832,211,839,1011,27,820,818,819,835,831,830,833,838,60,212,208,825],"class_list":{"0":"post-479712","1":"post","2":"type-post","3":"status-publish","4":"format-standard","5":"has-post-thumbnail","7":"category-cyclisme","8":"tag-attaque","9":"tag-belgique","10":"tag-braquet","11":"tag-bretagne","12":"tag-chute","13":"tag-competition","14":"tag-coupe-de-france","15":"tag-coureur","16":"tag-course-cyclisme","17":"tag-course-cycliste","18":"tag-cycling","19":"tag-cyclisme","20":"tag-direct","21":"tag-direct-velo","22":"tag-directvelo","23":"tag-directvelo-com","24":"tag-epreuve","25":"tag-epreuve-cycliste","26":"tag-federation-francaise-de-cyclisme","27":"tag-ffc","28":"tag-flandres","29":"tag-fr","30":"tag-france","31":"tag-live","32":"tag-live-course","33":"tag-live-epreuve","34":"tag-peloton","35":"tag-radio-peloton","36":"tag-radio-tour","37":"tag-ravitaillement","38":"tag-relance","39":"tag-sports","40":"tag-uci","41":"tag-velo","42":"tag-velos"},"share_on_mastodon":{"url":"https:\/\/pubeurope.com\/@fr\/115412738475702361","error":""},"_links":{"self":[{"href":"https:\/\/www.europesays.com\/fr\/wp-json\/wp\/v2\/posts\/479712","targetHints":{"allow":["GET"]}}],"collection":[{"href":"https:\/\/www.europesays.com\/fr\/wp-json\/wp\/v2\/posts"}],"about":[{"href":"https:\/\/www.europesays.com\/fr\/wp-json\/wp\/v2\/types\/post"}],"author":[{"embeddable":true,"href":"https:\/\/www.europesays.com\/fr\/wp-json\/wp\/v2\/users\/2"}],"replies":[{"embeddable":true,"href":"https:\/\/www.europesays.com\/fr\/wp-json\/wp\/v2\/comments?post=479712"}],"version-history":[{"count":0,"href":"https:\/\/www.europesays.com\/fr\/wp-json\/wp\/v2\/posts\/479712\/revisions"}],"wp:featuredmedia":[{"embeddable":true,"href":"https:\/\/www.europesays.com\/fr\/wp-json\/wp\/v2\/media\/479713"}],"wp:attachment":[{"href":"https:\/\/www.europesays.com\/fr\/wp-json\/wp\/v2\/media?parent=479712"}],"wp:term":[{"taxonomy":"category","embeddable":true,"href":"https:\/\/www.europesays.com\/fr\/wp-json\/wp\/v2\/categories?post=479712"},{"taxonomy":"post_tag","embeddable":true,"href":"https:\/\/www.europesays.com\/fr\/wp-json\/wp\/v2\/tags?post=479712"}],"curies":[{"name":"wp","href":"https:\/\/api.w.org\/{rel}","templated":true}]}}