{"id":479716,"date":"2025-10-21T14:57:12","date_gmt":"2025-10-21T14:57:12","guid":{"rendered":"https:\/\/www.europesays.com\/fr\/479716\/"},"modified":"2025-10-21T14:57:12","modified_gmt":"2025-10-21T14:57:12","slug":"samuel-etienne-fait-le-buzz-devant-les-bijoux-voles-du-louvre","status":"publish","type":"post","link":"https:\/\/www.europesays.com\/fr\/479716\/","title":{"rendered":"Samuel Etienne fait le buzz devant les bijoux vol\u00e9s du Louvre"},"content":{"rendered":"<p>Non, <a href=\"https:\/\/www.20minutes.fr\/arts-stars\/people\/4175053-20250924-samuel-etienne-aime-cyril-hanouna-devenu-tele\" target=\"_blank\" class=\"c-link c-link--is-underlined\" rel=\"nofollow noopener\">Samuel Etienne<\/a> n\u2019a rien \u00e0 voir avec le cambriolage du Louvre survenu le week-end dernier. Le journaliste et streamer l\u2019a assur\u00e9 avec humour sur les r\u00e9seaux sociaux, o\u00f9 il a publi\u00e9 <a href=\"https:\/\/www.instagram.com\/p\/DQCCSmpDFCc\/?hl=fr\" rel=\"nofollow noopener\" target=\"_blank\" class=\"c-link c-link--is-underlined\">une image<\/a> de lui visitant le mus\u00e9e parisien lors d\u2019un live Twitch datant de\u00a02022.<\/p>\n<p>Il s\u2019\u00e9tait notamment rendu dans la galerie d\u2019Apollon, d\u2019o\u00f9 des malfaiteurs se sont enfuis \u00e0 moto dimanche matin apr\u00e8s avoir d\u00e9rob\u00e9 <a href=\"https:\/\/www.20minutes.fr\/paris\/4180380-20251021-cambriolage-louvre-existe-valeur-juridique-quoi-uvre-inestimable\" target=\"_blank\" class=\"c-link c-link--is-underlined\" rel=\"nofollow noopener\">huit objets d\u2019une \u00ab\u00a0valeur inestimable\u00a0\u00bb<\/a> selon la ministre de la Culture Rachida Dati.<\/p>\n<p>Sur sa photo, le pr\u00e9sentateur de <a href=\"https:\/\/www.20minutes.fr\/arts-stars\/television\/4161594-20250702-questions-champion-samuel-etienne-redoute-consequences-financieres-arret-jeu-semaine\" target=\"_blank\" class=\"c-link c-link--is-underlined\" rel=\"nofollow noopener\">Questions pour un champion<\/a> pointe du doigt la vitrine de l\u2019un des bijoux de la Couronne fran\u00e7aise vis\u00e9s lors du cambriolage. \u00ab\u00a0Cette image commence \u00e0 circuler\u00a0\u00bb, a-t-il not\u00e9 dans la l\u00e9gende, avant d\u2019ajouter\u00a0: \u00ab\u00a0Je pr\u00e9cise qu\u2019elle est issue d\u2019un live Twitch au Louvre il y a 3 ans et que dimanche \u00e0 9H30 j\u2019\u00e9tais \u00e0 mon domicile, ma famille pourra le confirmer\u00a0\u00bb.<\/p>\n<p>Du s\u00e9rieux \u00e0 l\u2019humour<\/p>\n<p>Son post a in\u00e9vitablement entra\u00een\u00e9 une vague de commentaires amus\u00e9s. \u00ab\u00a0Ah zut, le coupable \u00e9tait trouv\u00e9\u00a0\u00bb, a plaisant\u00e9 un internaute. \u00ab\u00a0M\u00e8nerait-il une double vie\u00a0?\u00a0\u00bb s\u2019est interrog\u00e9 un autre, tandis que plusieurs l\u2019ont compar\u00e9 <a href=\"https:\/\/www.20minutes.fr\/arts-stars\/culture\/4055292-20231004-lupin-partie-3-netflix-braquage-arsene-lupin-librairie-fait-long-feu\" target=\"_blank\" class=\"c-link c-link--is-underlined\" rel=\"nofollow noopener\">au gentleman cambrioleur<\/a> Ars\u00e8ne Lupin. Un internaute est m\u00eame all\u00e9 plus loin, taguant la police nationale au d\u00e9but d\u2019un long message d\u00e9crivant une \u00ab\u00a0hypoth\u00e8se\u00a0\u00bb de \u00ab\u00a0technique de blanchiment de pr\u00e9sence\u00a0\u00bb, avec en conclusion\u00a0: \u00ab\u00a0Samuel, on te tient\u00a0\u00bb.<\/p>\n<p>Si la Toile rigole, l\u2019enqu\u00eate de police se poursuit sur le cambriolage rocambolesque au Louvre op\u00e9r\u00e9 par un commando de malfaiteurs, qui n\u2019a pas encore \u00e9t\u00e9 identifi\u00e9 ou localis\u00e9. En plus des investigations judiciaires, la ministre de la Culture Rachida Dati a annonc\u00e9 sur M6 qu\u2019elle avait lanc\u00e9 <a href=\"https:\/\/www.20minutes.fr\/societe\/4180398-20251020-cambriolage-louvre-rachida-dati-annonce-enquete-administrative-parallele-investigations-judiciaires\" target=\"_blank\" class=\"c-link c-link--is-underlined\" rel=\"nofollow noopener\">une enqu\u00eate administrative<\/a>, alors que l\u2019incident continue d\u2019interroger <a href=\"https:\/\/www.20minutes.fr\/societe\/4180386-20251020-cambriolage-louvre-vers-renforcement-securite-autour-musees\" target=\"_blank\" class=\"c-link c-link--is-underlined\" rel=\"nofollow noopener\">les syst\u00e8mes de s\u00e9curit\u00e9<\/a> autour des mus\u00e9es.<\/p>\n<p>\u00ab\u00a0On les retrouvera\u00a0\u00bb, a assur\u00e9 le ministre de l\u2019Int\u00e9rieur, Laurent Nu\u00f1ez, sur LCI, tandis qu\u2019Emmanuel Macron a promis de traduire \u00ab\u00a0les auteurs\u00a0\u00bb du vol \u00ab\u00a0en justice\u00a0\u00bb.<\/p>\n<p><script async src=\"\/\/www.instagram.com\/embed.js\"><\/script><\/p>\n","protected":false},"excerpt":{"rendered":"Non, Samuel Etienne n\u2019a rien \u00e0 voir avec le cambriolage du Louvre survenu le week-end dernier. Le journaliste&hellip;\n","protected":false},"author":2,"featured_media":479717,"comment_status":"","ping_status":"","sticky":false,"template":"","format":"standard","meta":{"footnotes":""},"categories":[1359],"tags":[1174,58,59,1011,27,11274,7088,2616,973,11013,133],"class_list":{"0":"post-479716","1":"post","2":"type-post","3":"status-publish","4":"format-standard","5":"has-post-thumbnail","7":"category-people","8":"tag-cambriolage","9":"tag-divertissement","10":"tag-entertainment","11":"tag-fr","12":"tag-france","13":"tag-louvre","14":"tag-ministre-de-linterieur","15":"tag-ministre-de-la-culture","16":"tag-people","17":"tag-samuel-etienne","18":"tag-video"},"share_on_mastodon":{"url":"https:\/\/pubeurope.com\/@fr\/115412745854265773","error":""},"_links":{"self":[{"href":"https:\/\/www.europesays.com\/fr\/wp-json\/wp\/v2\/posts\/479716","targetHints":{"allow":["GET"]}}],"collection":[{"href":"https:\/\/www.europesays.com\/fr\/wp-json\/wp\/v2\/posts"}],"about":[{"href":"https:\/\/www.europesays.com\/fr\/wp-json\/wp\/v2\/types\/post"}],"author":[{"embeddable":true,"href":"https:\/\/www.europesays.com\/fr\/wp-json\/wp\/v2\/users\/2"}],"replies":[{"embeddable":true,"href":"https:\/\/www.europesays.com\/fr\/wp-json\/wp\/v2\/comments?post=479716"}],"version-history":[{"count":0,"href":"https:\/\/www.europesays.com\/fr\/wp-json\/wp\/v2\/posts\/479716\/revisions"}],"wp:featuredmedia":[{"embeddable":true,"href":"https:\/\/www.europesays.com\/fr\/wp-json\/wp\/v2\/media\/479717"}],"wp:attachment":[{"href":"https:\/\/www.europesays.com\/fr\/wp-json\/wp\/v2\/media?parent=479716"}],"wp:term":[{"taxonomy":"category","embeddable":true,"href":"https:\/\/www.europesays.com\/fr\/wp-json\/wp\/v2\/categories?post=479716"},{"taxonomy":"post_tag","embeddable":true,"href":"https:\/\/www.europesays.com\/fr\/wp-json\/wp\/v2\/tags?post=479716"}],"curies":[{"name":"wp","href":"https:\/\/api.w.org\/{rel}","templated":true}]}}