{"id":479718,"date":"2025-10-21T14:58:10","date_gmt":"2025-10-21T14:58:10","guid":{"rendered":"https:\/\/www.europesays.com\/fr\/479718\/"},"modified":"2025-10-21T14:58:10","modified_gmt":"2025-10-21T14:58:10","slug":"les-dispositifs-de-securite-nont-pas-ete-defaillants-assure-rachida-dati","status":"publish","type":"post","link":"https:\/\/www.europesays.com\/fr\/479718\/","title":{"rendered":"\u00abLes dispositifs de s\u00e9curit\u00e9 n\u2019ont pas \u00e9t\u00e9 d\u00e9faillants\u00bb, assure Rachida Dati"},"content":{"rendered":"<p>\n    Lors des questions au gouvernement, la ministre de la Culture a pris la d\u00e9fense du mus\u00e9e du Louvre, dont les failles de s\u00e9curit\u00e9 ont \u00e9t\u00e9 point\u00e9es du doigt apr\u00e8s le braquage survenu dimanche dernier.<\/p>\n<p class=\"fig-paragraph\">\u00abC\u2019est une blessure et c\u2019est une blessure pour nous tous parce que le mus\u00e9e du Louvre est l\u2019\u00e9crin de notre culture fran\u00e7aise et de notre patrimoine commun\u00bb, a rappel\u00e9\u00a0<a href=\"https:\/\/www.lefigaro.fr\/auteur\/rachida-dati\" target=\"_blank\" rel=\"sponsored noopener\" data-gtm-custom-categorie=\"navigation\" data-gtm-custom-action=\"crossclick\" data-gtm-custom-label=\"Contextuel\" data-gtm-event=\"customEventSPE\">Rachida Dati<\/a>\u00a0mardi 21 octobre lors des Questions au gouvernement. Interrog\u00e9e sur les\u00a0<a href=\"http:\/\/www.lefigaro.fr\/actualite-france\/rachida-dati-annonce-un-braquage-au-musee-du-louvre-ce-matin-le-site-ferme-20251019\" target=\"_blank\" data-fig-type=\"NewsFlash\" rel=\"noopener\" data-gtm-custom-categorie=\"navigation\" data-gtm-custom-action=\"crossclick\" data-gtm-custom-label=\"Contextuel\" data-gtm-event=\"customEventSPE\" data-fig-domain=\"LEFIGARO\">failles de s\u00e9curit\u00e9 au Louvre<\/a>, la ministre de la Culture a pris la d\u00e9fense du mus\u00e9e. \u00abJe souhaite r\u00e9tablir quelques v\u00e9rit\u00e9s s\u2019agissant des faits et de cet \u00e9v\u00e8nement. Est-ce que les dispositifs de s\u00e9curit\u00e9 du mus\u00e9e du Louvre ont \u00e9t\u00e9 d\u00e9faillants\u00a0? Non, ils n\u2019ont pas \u00e9t\u00e9 d\u00e9faillants\u00a0! C\u2019est une r\u00e9alit\u00e9. Les dispositifs de s\u00e9curit\u00e9s du mus\u00e9e du Louvre ont fonctionn\u00e9.\u00bb<\/p>\n<p class=\"fig-paragraph\">Face aux cris des d\u00e9put\u00e9s, Rachida Dati a imm\u00e9diatement rappel\u00e9: \u00abcomme vous le savez j\u2019ai diligent\u00e9 une enqu\u00eate administrative qui fera en toute transparence le d\u00e9tail des \u00e9v\u00e8nements survenus dimanche dernier. La s\u00e9curit\u00e9 de nos mus\u00e9es, de nos objets d\u2019art et de tous nos lieux patrimoniaux doit \u00eatre appr\u00e9hend\u00e9e beaucoup plus largement.\u00bb En effet, un cambriolage spectaculaire a eu lieu dimanche matin peu apr\u00e8s l\u2019ouverture du Louvre, o\u00f9 un commando de quatre malfaiteurs s\u2019est empar\u00e9 de huit bijoux d\u2019une \u00abvaleur inestimable\u00bb avant de prendre la fuite.<\/p>\n","protected":false},"excerpt":{"rendered":"Lors des questions au gouvernement, la ministre de la Culture a pris la d\u00e9fense du mus\u00e9e du Louvre,&hellip;\n","protected":false},"author":2,"featured_media":479719,"comment_status":"","ping_status":"","sticky":false,"template":"","format":"standard","meta":{"footnotes":""},"categories":[1358],"tags":[1348,1384,1385,1386,58,59,1011,27,11274,417],"class_list":{"0":"post-479718","1":"post","2":"type-post","3":"status-publish","4":"format-standard","5":"has-post-thumbnail","7":"category-arts-et-design","8":"tag-arts","9":"tag-arts-and-design","10":"tag-arts-et-design","11":"tag-design","12":"tag-divertissement","13":"tag-entertainment","14":"tag-fr","15":"tag-france","16":"tag-louvre","17":"tag-rachida-dati"},"share_on_mastodon":{"url":"https:\/\/pubeurope.com\/@fr\/115412750056158351","error":""},"_links":{"self":[{"href":"https:\/\/www.europesays.com\/fr\/wp-json\/wp\/v2\/posts\/479718","targetHints":{"allow":["GET"]}}],"collection":[{"href":"https:\/\/www.europesays.com\/fr\/wp-json\/wp\/v2\/posts"}],"about":[{"href":"https:\/\/www.europesays.com\/fr\/wp-json\/wp\/v2\/types\/post"}],"author":[{"embeddable":true,"href":"https:\/\/www.europesays.com\/fr\/wp-json\/wp\/v2\/users\/2"}],"replies":[{"embeddable":true,"href":"https:\/\/www.europesays.com\/fr\/wp-json\/wp\/v2\/comments?post=479718"}],"version-history":[{"count":0,"href":"https:\/\/www.europesays.com\/fr\/wp-json\/wp\/v2\/posts\/479718\/revisions"}],"wp:featuredmedia":[{"embeddable":true,"href":"https:\/\/www.europesays.com\/fr\/wp-json\/wp\/v2\/media\/479719"}],"wp:attachment":[{"href":"https:\/\/www.europesays.com\/fr\/wp-json\/wp\/v2\/media?parent=479718"}],"wp:term":[{"taxonomy":"category","embeddable":true,"href":"https:\/\/www.europesays.com\/fr\/wp-json\/wp\/v2\/categories?post=479718"},{"taxonomy":"post_tag","embeddable":true,"href":"https:\/\/www.europesays.com\/fr\/wp-json\/wp\/v2\/tags?post=479718"}],"curies":[{"name":"wp","href":"https:\/\/api.w.org\/{rel}","templated":true}]}}