{"id":479720,"date":"2025-10-21T14:59:16","date_gmt":"2025-10-21T14:59:16","guid":{"rendered":"https:\/\/www.europesays.com\/fr\/479720\/"},"modified":"2025-10-21T14:59:16","modified_gmt":"2025-10-21T14:59:16","slug":"les-troisiemes-selections-du-prix-femina-2025","status":"publish","type":"post","link":"https:\/\/www.europesays.com\/fr\/479720\/","title":{"rendered":"Les troisi\u00e8mes s\u00e9lections du prix Femina 2025"},"content":{"rendered":"<p>Le jury uniquement f\u00e9minin du prix Femina 2025 a d\u00e9voil\u00e9 sa derni\u00e8re s\u00e9lection en lice pour la 114e proclamation des laur\u00e9ats qui aura lieu le lundi 3\u00a0novembre, au mus\u00e9e Carnavalet, \u00e0 Paris.\u00a0\u00a0<\/p>\n<p>Troisi\u00e8me s\u00e9lection du prix Femina 2025 du roman fran\u00e7ais<\/p>\n<p class=\"whitespace-normal break-words\">\u00a0<\/p>\n<p>Troisi\u00e8me s\u00e9lection du prix Femina 2025 du\u00a0roman \u00e9tranger<\/p>\n<ul>\n<li>Les bons voisins\u00a0de\u00a0<strong>Nina Allan <\/strong>(Tristram) traduit de l\u2019anglais par <strong>Bernard Sigaud<\/strong><\/li>\n<li><a href=\"https:\/\/www.livreshebdo.fr\/article\/john-boyne-je-me-sens-moins-lie-la-nouvelle-generation-des-ecrivains-irlandais\" target=\"_blank\" rel=\"noopener\">Les \u00e9l\u00e9ments\u00a0de\u00a0<\/a><strong><a href=\"https:\/\/www.livreshebdo.fr\/article\/john-boyne-je-me-sens-moins-lie-la-nouvelle-generation-des-ecrivains-irlandais\" target=\"_blank\" rel=\"noopener\">John Boyne<\/a> <\/strong>(JC Latt\u00e8s) traduit de l\u2019anglais par <strong>Sophie Aslanides<\/strong>\u00a0<\/li>\n<li><a href=\"https:\/\/www.livreshebdo.fr\/article\/javier-cercas-le-fou-de-dieu-au-bout-du-monde-actes-sud\" target=\"_blank\" rel=\"noopener\">Le Fou de Dieu au bout du monde\u00a0de\u00a0<\/a><strong><a href=\"https:\/\/www.livreshebdo.fr\/article\/javier-cercas-le-fou-de-dieu-au-bout-du-monde-actes-sud\" target=\"_blank\" rel=\"noopener\">Javier Cercas<\/a> <\/strong>(Actes Sud) traduit de l\u2019espagnol par <strong>Aleksandar Grujicic<\/strong> et <strong>Karine Louesdon<\/strong><\/li>\n<li>\u00c9claircie\u00a0de\u00a0<strong>Carys Davies <\/strong>(La Table Ronde) traduit de l\u2019anglais par <strong>David Fauquemberg<\/strong>\u00a0<\/li>\n<li>Les vuln\u00e9rables\u00a0de\u00a0<strong>Sigrid Nunez <\/strong>(Stock) traduit de l\u2019anglais par <strong>Mathilde Bach<\/strong><\/li>\n<li><a href=\"https:\/\/www.livreshebdo.fr\/article\/elif-shafak-les-fleuves-du-ciel-flammarion\" target=\"_blank\" rel=\"noopener\">Les fleuves du ciel\u00a0d&rsquo;<\/a><strong><a href=\"https:\/\/www.livreshebdo.fr\/article\/elif-shafak-les-fleuves-du-ciel-flammarion\" target=\"_blank\" rel=\"noopener\">Elif Shafak<\/a> <\/strong>(Flammarion) traduit de l\u2019anglais par <strong>Dominique Goy-Blanquet<\/strong><\/li>\n<\/ul>\n<p>\u00a0<\/p>\n<p>Deuxi\u00e8me liste du prix Femina 2025 de l&rsquo;essai<\/p>\n<ul>\n<li class=\"whitespace-normal break-words\">Klaus de <strong>Gilles Collard<\/strong> (Flammarion)<\/li>\n<li class=\"whitespace-normal break-words\">Un livre de <strong>Fabrice Gaignault<\/strong> (Arl\u00e9a)<\/li>\n<li class=\"whitespace-normal break-words\">Tocqueville de <strong>Fran\u00e7oise Melonio<\/strong> (Gallimard)<\/li>\n<li class=\"whitespace-normal break-words\">Huysmans d&rsquo;<strong>Agn\u00e8s Michaux<\/strong> (Cherche Midi)<\/li>\n<li class=\"whitespace-normal break-words\">Les verbes de l&rsquo;\u00e9criture de <strong>Wajdi Mouawad<\/strong> (Seuil)<\/li>\n<li class=\"whitespace-normal break-words\">La part sauvage de <strong>Marc Weitzmann<\/strong> (Grasset)<\/li>\n<\/ul>\n<p class=\"whitespace-normal break-words\">\u00a0<\/p>\n<p class=\"whitespace-normal break-words\">Les laur\u00e9ats <a href=\"https:\/\/www.livreshebdo.fr\/article\/le-prix-femina-2024-pour-miguel-bonnefoy#:~:text=D%C3%A9j%C3%A0%20couronn%C3%A9%20du%20Grand%20prix,et%20celui%20du%20Roman%20%C3%A9tranger.\" target=\"_blank\" rel=\"noopener\">succ\u00e8deront<\/a> \u00e0\u00a0<strong>Miguel Bonnefoy <\/strong>(Le r\u00eave du Jaguar, Rivages), <strong>Paul Audi <\/strong>(Tenir t\u00eate, Stock), et\u00a0<strong>Alia Trabucco\u00a0<\/strong><strong>Zer\u00e1n <\/strong>(Propre, Robert Laffont).<\/p>\n<p>          Le jury du prix Femina 2025<\/p>\n<ul>\n<li>Nathalie <strong>AZOULAI <\/strong><\/li>\n<li>Evelyne <strong>BLOCH-DANO<\/strong><\/li>\n<li>Isabelle <strong>DESESQUELLES<\/strong><\/li>\n<li>Brigitte <strong>GIRAUD<\/strong><\/li>\n<li>Paula <strong>JACQUES<\/strong><\/li>\n<li>Oriane <strong>JEANCOURT GALIGNANI <\/strong><\/li>\n<li>Christine <strong>JORDIS <\/strong><\/li>\n<li>Mona <strong>OZOUF<\/strong><\/li>\n<li>Patricia <strong>REZNIKOV <\/strong><\/li>\n<li>Josyane <strong>SAVIGNEAU <\/strong><\/li>\n<li>Julie <strong>WOLKENSTEIN<\/strong><\/li>\n<\/ul>\n<p>Pour t\u00e9l\u00e9charger ce document, vous devez d&rsquo;abord acheter l&rsquo;article correspondant.<\/p>\n","protected":false},"excerpt":{"rendered":"Le jury uniquement f\u00e9minin du prix Femina 2025 a d\u00e9voil\u00e9 sa derni\u00e8re s\u00e9lection en lice pour la 114e&hellip;\n","protected":false},"author":2,"featured_media":429003,"comment_status":"","ping_status":"","sticky":false,"template":"","format":"standard","meta":{"footnotes":""},"categories":[1357],"tags":[1379,58,59,1011,27,1380],"class_list":{"0":"post-479720","1":"post","2":"type-post","3":"status-publish","4":"format-standard","5":"has-post-thumbnail","7":"category-livres","8":"tag-books","9":"tag-divertissement","10":"tag-entertainment","11":"tag-fr","12":"tag-france","13":"tag-livres"},"share_on_mastodon":{"url":"https:\/\/pubeurope.com\/@fr\/115412753885602638","error":""},"_links":{"self":[{"href":"https:\/\/www.europesays.com\/fr\/wp-json\/wp\/v2\/posts\/479720","targetHints":{"allow":["GET"]}}],"collection":[{"href":"https:\/\/www.europesays.com\/fr\/wp-json\/wp\/v2\/posts"}],"about":[{"href":"https:\/\/www.europesays.com\/fr\/wp-json\/wp\/v2\/types\/post"}],"author":[{"embeddable":true,"href":"https:\/\/www.europesays.com\/fr\/wp-json\/wp\/v2\/users\/2"}],"replies":[{"embeddable":true,"href":"https:\/\/www.europesays.com\/fr\/wp-json\/wp\/v2\/comments?post=479720"}],"version-history":[{"count":0,"href":"https:\/\/www.europesays.com\/fr\/wp-json\/wp\/v2\/posts\/479720\/revisions"}],"wp:featuredmedia":[{"embeddable":true,"href":"https:\/\/www.europesays.com\/fr\/wp-json\/wp\/v2\/media\/429003"}],"wp:attachment":[{"href":"https:\/\/www.europesays.com\/fr\/wp-json\/wp\/v2\/media?parent=479720"}],"wp:term":[{"taxonomy":"category","embeddable":true,"href":"https:\/\/www.europesays.com\/fr\/wp-json\/wp\/v2\/categories?post=479720"},{"taxonomy":"post_tag","embeddable":true,"href":"https:\/\/www.europesays.com\/fr\/wp-json\/wp\/v2\/tags?post=479720"}],"curies":[{"name":"wp","href":"https:\/\/api.w.org\/{rel}","templated":true}]}}