{"id":479725,"date":"2025-10-21T15:02:25","date_gmt":"2025-10-21T15:02:25","guid":{"rendered":"https:\/\/www.europesays.com\/fr\/479725\/"},"modified":"2025-10-21T15:02:25","modified_gmt":"2025-10-21T15:02:25","slug":"jean-paul-rouve-prend-des-airs-de-louis-de-funes-pour-jouer-le-bourgeois-gentilhomme","status":"publish","type":"post","link":"https:\/\/www.europesays.com\/fr\/479725\/","title":{"rendered":"Jean-Paul Rouve prend des airs de Louis de Fun\u00e8s pour jouer Le Bourgeois gentilhomme"},"content":{"rendered":"<p>\n    <strong>CRITIQUE &#8211;<\/strong> Au th\u00e9\u00e2tre Antoine, le com\u00e9dien, qui remonte sur les planches apr\u00e8s treize ans d\u2019absence, s\u2019en sort plut\u00f4t bien.<\/p>\n<p class=\"fig-paragraph\">Le p\u00e8re Tuche en bourgeois gentilhomme, il fallait oser. Appliqu\u00e9 comme un \u00e9l\u00e8ve qui vient de faire sa rentr\u00e9e, dans le r\u00f4le-titre de la com\u00e9die ballet de Moli\u00e8re et\u00a0<a href=\"http:\/\/www.lefigaro.fr\/livres\/de-lully-a-boulez-quand-la-musique-sert-de-soft-power-a-une-nation-20250302\" data-fig-type=\"Article\" data-gtm-custom-categorie=\"navigation\" data-gtm-custom-action=\"crossclick\" data-gtm-custom-label=\"Contextuel\" data-gtm-event=\"customEventSPE\" data-fig-domain=\"LEFIGARO\" target=\"_blank\" rel=\"noopener\">Lully\u00a0<\/a>cr\u00e9\u00e9e pour Louis\u00a0XIV (1670),\u00a0<a href=\"http:\/\/www.lefigaro.fr\/cinema\/il-faut-juste-qu-elle-se-repose-jean-paul-rouve-donne-des-nouvelles-rassurantes-d-isabelle-nanty-20250916\" data-fig-type=\"Article\" data-gtm-custom-categorie=\"navigation\" data-gtm-custom-action=\"crossclick\" data-gtm-custom-label=\"Contextuel\" data-gtm-event=\"customEventSPE\" data-fig-domain=\"LEFIGARO\" target=\"_blank\" rel=\"noopener\">Jean-Paul Rouve\u00a0<\/a>s\u2019en sort bien m\u00eame s\u2019il est parfois dans la r\u00e9citation. Obs\u00e9d\u00e9 par l\u2019id\u00e9e d\u2019\u00eatre comme les \u00ab\u00a0gens de qualit\u00e9\u00a0\u00bb et ainsi \u00eatre accept\u00e9 par les nobles,\u00a0<a href=\"https:\/\/www.lefigaro.fr\/vox\/culture\/comme-monsieur-jourdain-faisait-de-la-prose-macron-fait-du-saint-simonisme-sans-le-savoir-20200925\" data-fig-type=\"Article\" data-gtm-custom-categorie=\"navigation\" data-gtm-custom-action=\"crossclick\" data-gtm-custom-label=\"Contextuel\" data-gtm-event=\"customEventSPE\" data-fig-domain=\"LEFIGARO\" target=\"_blank\" rel=\"noopener\">Monsieur Jourdain<\/a>\u00a0n\u2019a de cesse de les imiter. Tous les moyens sont bons pour y parvenir, comme prendre des cours de philosophie (Jean-Louis Barcelona en ma\u00eetre d\u00e9sopilant). Le rou\u00e9 et perfide Dorante (parfait\u00a0<a href=\"http:\/\/tvmag.lefigaro.fr\/programme-tv\/actu-tele\/j-aurais-adore-jouer-le-role-michael-cohen-evoque-le-biopic-sur-montand-et-signoret-sorti-au-cinema-20251014\" data-fig-type=\"Article\" data-gtm-custom-categorie=\"navigation\" data-gtm-custom-action=\"crossclick\" data-gtm-custom-label=\"Contextuel\" data-gtm-event=\"customEventSPE\" data-fig-domain=\"TVMAG\" target=\"_blank\" rel=\"noopener\">Michael Cohen<\/a>) encourage le futur \u00ab\u00a0Mamamouchi\u00a0\u00bb dans cette voie. Celui-ci souhaite \u00e9galement s\u2019attirer les faveurs de la pragmatique Dorim\u00e8ne (Eleonora Galasso). \u00ab\u00a0Marquise, vos beaux yeux d\u2019amour\u2026\u00a0\u00bb<\/p>\n<p class=\"fig-paragraph\">Heureusement, Madame Jourdain (formidable Marie Parouty) et la servante Nicole (Audrey Langle), sans oublier son pr\u00e9tendant Covielle (Hugues Delamarli\u00e8re), veillent au grain. Elle a pr\u00e9vu de marier leur fille Lucile (Marie Parisot, juste) \u00e0 celui qu\u2019elle aime, Cl\u00e9onte, un roturier (convaincant Joseph Olivennes). Mais son mari ne l\u2019entend pas de cette oreille\u00a0: \u00ab\u00a0Voil\u00e0 bien les sentiments d\u2019un petit esprit, de vouloir demeurer toujours dans la bassesse. Ne me r\u00e9pliquez pas davantage\u00a0: ma fille sera marquise en d\u00e9pit de tout le monde\u00a0; et si vous me mettez en col\u00e8re, je la ferai duchesse\u00a0!\u00a0\u00bb Travesti, enrubann\u00e9 et pomponn\u00e9, Jean-Paul Rouve imite\u00a0<a href=\"https:\/\/video.lefigaro.fr\/figaro\/cinema\/un-monument-du-cinema-francais-le-film-culte-la-soupe-au-choux-avec-louis-de-funes-va-avoir-une-suite-20250517\" data-fig-type=\"Video\" data-gtm-custom-categorie=\"navigation\" data-gtm-custom-action=\"crossclick\" data-gtm-custom-label=\"Contextuel\" data-gtm-event=\"customEventSPE\" data-fig-domain=\"LEFIGARO\" target=\"_blank\" rel=\"noopener\">Louis de Fun\u00e8s<\/a>\u00a0en h\u00e9ros bon enfant qui ne craint pas le ridicule. Son costume rappelle d\u2019ailleurs celui de l\u2019acteur qui veut se faire bien voir des Grands d\u2019Espagne dans La Folie des grandeurs, de G\u00e9rard Oury (1971).<\/p>\n<p class=\"fig-body-link\">\n            \u00c0 lire aussi<br \/>\n        <a class=\"fig-body-link__link fig-premium-mark\" href=\"https:\/\/www.lefigaro.fr\/theatre\/a-la-comedie-francaise-le-bourgeois-gentilhomme-en-delire-20210624\" data-fig-type=\"Article\" data-gtm-custom-categorie=\"navigation\" data-gtm-custom-action=\"crossclick\" data-gtm-custom-label=\"Contextuel\" data-gtm-event=\"customEventSPE\" data-fig-domain=\"LEFIGARO\" target=\"_blank\" rel=\"noopener\">\u00c0 la Com\u00e9die-Fran\u00e7aise, Le Bourgeois gentilhomme en d\u00e9lire<br \/>\n    <\/a>\n<\/p>\n<p>                                    <a class=\"fig-a11y-skip a11y-hidden\" href=\"#fig-a11y-skip-main-inarticle\"><br \/>\n        Passer la publicit\u00e9<br \/>\n    <\/a><\/p>\n<p>Impasse sur quelques sc\u00e8nes<\/p>\n<p class=\"fig-paragraph\">Si\u00a0<a href=\"http:\/\/www.lefigaro.fr\/theatre\/jeremie-lippmann-l-homme-qui-marie-bukowski-et-joeystarr-sur-la-meme-scene-20211008\" data-fig-type=\"Article\" data-gtm-custom-categorie=\"navigation\" data-gtm-custom-action=\"crossclick\" data-gtm-custom-label=\"Contextuel\" data-gtm-event=\"customEventSPE\" data-fig-domain=\"LEFIGARO\" target=\"_blank\" rel=\"noopener\">J\u00e9r\u00e9mie Lippmann<\/a>\u00a0\u00ab\u00a0assist\u00e9\u00a0\u00bb de Sarah Gell\u00e9, actrice, et Sarah Recht, productrice, souhaitait offrir un divertissement, il y r\u00e9ussit en exploitant au maximum les ingr\u00e9dients de la farce de Moli\u00e8re. Le d\u00e9cor demi-circulaire \u00e0 la fa\u00e7on d\u2019une piste de cirque sign\u00e9 Jacques Gabel facilite les entr\u00e9es et les sorties des protagonistes. En revanche, le metteur en sc\u00e8ne les soumet \u00e0 un rythme qui fait l\u2019impasse sur quelques sc\u00e8nes, comme le grand moment de solitude que vit Monsieur Jourdain au dernier acte. Et passe trop rapidement sur les personnages en misant plus sur le jeu de Jean-Paul Rouve que ceux de ses partenaires. Il est vrai qu\u2019avoir gard\u00e9 en m\u00e9moire Le Bourgeois gentilhomme revisit\u00e9 par le duo\u00a0<a href=\"https:\/\/www.lefigaro.fr\/musique\/raphael-pichon-christian-hecq-et-valerie-lesort-deploient-leur-hercule-amoureux-20191102\" data-fig-type=\"Article\" data-gtm-custom-categorie=\"navigation\" data-gtm-custom-action=\"crossclick\" data-gtm-custom-label=\"Contextuel\" data-gtm-event=\"customEventSPE\" data-fig-domain=\"LEFIGARO\" target=\"_blank\" rel=\"noopener\">Val\u00e9rie Lesort-Christian Hecq<\/a>\u00a0pour la Com\u00e9die-Fran\u00e7aise en 2023 n\u2019aide pas.<\/p>\n<p class=\"fig-paragraph\">Ici, dirig\u00e9s de fa\u00e7on scolaire, joliment perruqu\u00e9s et habill\u00e9s -Catherine Saint-Sever et Jean-Daniel Vuillermoz rivalisent d\u2019imagination\u00a0-, les quatorze com\u00e9diens s\u2019av\u00e8rent in\u00e9gaux. Cela dit, la musique dans l\u2019esprit Grand si\u00e8cle (David Parienti) emporte l\u2019adh\u00e9sion du public. Les enseignants de France et de Navarre peuvent emmener leurs ouailles au Th\u00e9\u00e2tre Antoine les yeux ferm\u00e9s.<\/p>\n<p class=\"fig-paragraph\">Le Bourgeois gentilhomme, au Th\u00e9\u00e2tre Antoine (Paris 10e), jusqu\u2019au 10 janvier.<\/p>\n","protected":false},"excerpt":{"rendered":"CRITIQUE &#8211; Au th\u00e9\u00e2tre Antoine, le com\u00e9dien, qui remonte sur les planches apr\u00e8s treize ans d\u2019absence, s\u2019en sort&hellip;\n","protected":false},"author":2,"featured_media":479726,"comment_status":"","ping_status":"","sticky":false,"template":"","format":"standard","meta":{"footnotes":""},"categories":[1354],"tags":[28801,58,59,1346,1011,27,60301,5517,28784,1360,1347],"class_list":{"0":"post-479725","1":"post","2":"type-post","3":"status-publish","4":"format-standard","5":"has-post-thumbnail","7":"category-films","8":"tag-comedie-francaise","9":"tag-divertissement","10":"tag-entertainment","11":"tag-films","12":"tag-fr","13":"tag-france","14":"tag-gerard-oury","15":"tag-les-tuche","16":"tag-moliere","17":"tag-movies","18":"tag-theatre"},"share_on_mastodon":{"url":"https:\/\/pubeurope.com\/@fr\/115412765511865355","error":""},"_links":{"self":[{"href":"https:\/\/www.europesays.com\/fr\/wp-json\/wp\/v2\/posts\/479725","targetHints":{"allow":["GET"]}}],"collection":[{"href":"https:\/\/www.europesays.com\/fr\/wp-json\/wp\/v2\/posts"}],"about":[{"href":"https:\/\/www.europesays.com\/fr\/wp-json\/wp\/v2\/types\/post"}],"author":[{"embeddable":true,"href":"https:\/\/www.europesays.com\/fr\/wp-json\/wp\/v2\/users\/2"}],"replies":[{"embeddable":true,"href":"https:\/\/www.europesays.com\/fr\/wp-json\/wp\/v2\/comments?post=479725"}],"version-history":[{"count":0,"href":"https:\/\/www.europesays.com\/fr\/wp-json\/wp\/v2\/posts\/479725\/revisions"}],"wp:featuredmedia":[{"embeddable":true,"href":"https:\/\/www.europesays.com\/fr\/wp-json\/wp\/v2\/media\/479726"}],"wp:attachment":[{"href":"https:\/\/www.europesays.com\/fr\/wp-json\/wp\/v2\/media?parent=479725"}],"wp:term":[{"taxonomy":"category","embeddable":true,"href":"https:\/\/www.europesays.com\/fr\/wp-json\/wp\/v2\/categories?post=479725"},{"taxonomy":"post_tag","embeddable":true,"href":"https:\/\/www.europesays.com\/fr\/wp-json\/wp\/v2\/tags?post=479725"}],"curies":[{"name":"wp","href":"https:\/\/api.w.org\/{rel}","templated":true}]}}