{"id":479730,"date":"2025-10-21T15:05:11","date_gmt":"2025-10-21T15:05:11","guid":{"rendered":"https:\/\/www.europesays.com\/fr\/479730\/"},"modified":"2025-10-21T15:05:11","modified_gmt":"2025-10-21T15:05:11","slug":"isabelle-huppert-cette-dependance-dont-elle-narrive-pas-a-se-liberer","status":"publish","type":"post","link":"https:\/\/www.europesays.com\/fr\/479730\/","title":{"rendered":"Isabelle Huppert : cette \u00ab\u00a0d\u00e9pendance\u00a0\u00bb dont elle n\u2019arrive pas \u00e0 se lib\u00e9rer"},"content":{"rendered":"<p>La c\u00e9l\u00e9brissime <a href=\"https:\/\/www.closermag.fr\/mode\/fashion-week-de-paris-cette-blague-disabelle-huppert-qui-a-beaucoup-fait-rire-anne-hathaway-3584590\" target=\"_blank\" rel=\"noopener\"><br \/>\nIsabelle Huppert<\/a> \u00e9tait invit\u00e9e ce 19 octobre dans Sept \u00e0 huit<br \/>\nsur <a href=\"https:\/\/www.tf1.fr\/\" rel=\"nofollow noopener\" target=\"_blank\">TF1<\/a>. Elle sera<br \/>\nbient\u00f4t \u00e0 l\u2019affiche du film La Femme la plus riche du<br \/>\nmonde de Thierry Klifa dans lequel elle incarne Marianne<br \/>\nFarr\u00e8re et qui sortira en salles le 29 octobre prochain. Elle a<br \/>\nr\u00e9pondu aux questions de la journaliste <a href=\"https:\/\/www.closermag.fr\/people\/audrey-crespo-mara-ce-moment-vital-quelle-saccorde-deux-fois-par-semaine-avec-une-amie-3587649\" rel=\"noopener\" target=\"_blank\">Audrey Crespo-Mara<\/a> dans le cadre du Portrait. L\u2019occasion<br \/>\npour elle de revenir sur une carri\u00e8re impressionnante, que ce soit<br \/>\nen France ou \u00e0 l\u2019international, mais aussi et surtout sur<br \/>\n<strong>des pans plus priv\u00e9s de sa vie<\/strong>.<\/p>\n<p>Malgr\u00e9 d\u2019innombrables r\u00f4les connus de tous et de prestigieuses<br \/>\nr\u00e9compenses, l\u2019actrice reste en effet tr\u00e8s myst\u00e9rieuse. Discr\u00e8te<br \/>\nsur sa vie priv\u00e9e, <strong>Isabelle Huppert a cependant d\u00e9cid\u00e9 de<br \/>\nse d\u00e9voiler un peu lors d\u2019un face-\u00e0-face des plus<br \/>\npassionnants<\/strong>. Apr\u00e8s \u00eatre revenue sur son personnage et sa<br \/>\npersonnalit\u00e9, une question de son interlocutrice fait parler<br \/>\n<a href=\"https:\/\/www.closermag.fr\/people\/isabelle-huppert-hautaine-les-gens-savent-sa-reponse-sans-complexe-va-en-surprendre-plus-dun-3587695\" target=\"_blank\" rel=\"noopener\"><br \/>\nl\u2019actrice<\/a> des in\u00e9galit\u00e9s et des demandes de la gauche de taxer<br \/>\nles ultrariches. \u00ab\u00a0On ne peut pas rester insensibles aux<br \/>\nin\u00e9galit\u00e9s. Et \u00e7a peut aussi se traduire de cette mani\u00e8re-l\u00e0, par<br \/>\nce qu\u2019on peut exiger des gens\u00a0\u00bb commence par expliquer Isabelle<br \/>\nHuppert en parlant de taxes sur les grosses fortunes.<\/p>\n<p>Isabelle Huppert se confie sur sa d\u00e9pendance<\/p>\n<p>Audrey Crespo-Mara lui parle ensuite de stakhanovisme, ce qui<br \/>\npousse l\u2019actrice \u00e0 confier une d\u00e9pendance qui l\u2019anime.<br \/>\n\u00ab\u00a0Stakhanoviste, c\u2019est quelqu\u2019un qui travaille beaucoup, qui ne<br \/>\nfait que travailler. <strong>Moi je n\u2019ai pas du tout l\u2019impression<br \/>\nde travailler<\/strong>, j\u2019ai beaucoup de chance\u00a0\u00bb. La <a href=\"https:\/\/www.closermag.fr\/people\/audrey-crespo-mara-ravissante-en-total-look-noir-masculin-cette-soiree-sans-thierry-ardisson-ou-elle-sest-fait-remarquer-photos-3586999\" target=\"_blank\" rel=\"noopener\"><br \/>\njournaliste<\/a> insiste tout de m\u00eame en soulignant qu\u2019Isabelle<br \/>\nHuppert est toujours entre deux projets. \u00ab\u00a0Pourquoi<br \/>\n\u00e9prouvez-vous ce besoin vital de ne jamais vous arr\u00eater ?\u00a0\u00bb la<br \/>\nquestionne-t-elle.<\/p>\n<p>\u00ab\u00a0Je ne crois pas que ce soit un besoin. Ce qu\u2019on fait par<br \/>\nplaisir, je ne pense pas qu\u2019on le fait par besoin. Disons que \u00e7a<br \/>\npeut devenir un peu une d\u00e9pendance plus qu\u2019un besoin. <strong>C\u2019est<br \/>\nsans doute un peu une d\u00e9pendance que je ressens<\/strong> si je veux<br \/>\n\u00eatre particuli\u00e8rement sinc\u00e8re. C\u2019est peut-\u00eatre un peu parfois une<br \/>\nd\u00e9pendance d\u2019aimer \u00e0 ce point quelque-chose\u00a0\u00bb admet Isabelle<br \/>\nHuppert.<\/p>\n<p>Les enfants de l\u2019actrice sont aussi<br \/>\ndans le cin\u00e9ma<\/p>\n<p>L\u2019interview se poursuit avec <strong>d\u2019autres sujets<br \/>\npersonnels.<\/strong> L\u2019actrice revient notamment sur ses trois<br \/>\n<a href=\"https:\/\/www.closermag.fr\/people\/isabelle-huppert-combien-a-t-elle-d-enfants-avec-son-mari-ronald-chammah-1573022\" rel=\"noopener\" target=\"_blank\">enfants<\/a>, qui \u00e9voluent tous dans le milieu du cin\u00e9ma.<br \/>\n\u00ab\u00a0La transmission n\u2019est pas forc\u00e9ment volontaire, c\u2019est une<br \/>\nhistoire de capillarit\u00e9\u00a0\u00bb explique-t-elle avant de parler de<br \/>\nson enfance et de la fa\u00e7on dont elle l\u2019a fa\u00e7onn\u00e9e.<\/p>\n","protected":false},"excerpt":{"rendered":"La c\u00e9l\u00e9brissime Isabelle Huppert \u00e9tait invit\u00e9e ce 19 octobre dans Sept \u00e0 huit sur TF1. Elle sera bient\u00f4t&hellip;\n","protected":false},"author":2,"featured_media":479731,"comment_status":"","ping_status":"","sticky":false,"template":"","format":"standard","meta":{"footnotes":""},"categories":[8],"tags":[17979,58,59,1011,27,60304],"class_list":{"0":"post-479730","1":"post","2":"type-post","3":"status-publish","4":"format-standard","5":"has-post-thumbnail","7":"category-divertissement","8":"tag-audrey-crespo-mara","9":"tag-divertissement","10":"tag-entertainment","11":"tag-fr","12":"tag-france","13":"tag-isabelle-huppert"},"share_on_mastodon":{"url":"https:\/\/pubeurope.com\/@fr\/115412777270827757","error":""},"_links":{"self":[{"href":"https:\/\/www.europesays.com\/fr\/wp-json\/wp\/v2\/posts\/479730","targetHints":{"allow":["GET"]}}],"collection":[{"href":"https:\/\/www.europesays.com\/fr\/wp-json\/wp\/v2\/posts"}],"about":[{"href":"https:\/\/www.europesays.com\/fr\/wp-json\/wp\/v2\/types\/post"}],"author":[{"embeddable":true,"href":"https:\/\/www.europesays.com\/fr\/wp-json\/wp\/v2\/users\/2"}],"replies":[{"embeddable":true,"href":"https:\/\/www.europesays.com\/fr\/wp-json\/wp\/v2\/comments?post=479730"}],"version-history":[{"count":0,"href":"https:\/\/www.europesays.com\/fr\/wp-json\/wp\/v2\/posts\/479730\/revisions"}],"wp:featuredmedia":[{"embeddable":true,"href":"https:\/\/www.europesays.com\/fr\/wp-json\/wp\/v2\/media\/479731"}],"wp:attachment":[{"href":"https:\/\/www.europesays.com\/fr\/wp-json\/wp\/v2\/media?parent=479730"}],"wp:term":[{"taxonomy":"category","embeddable":true,"href":"https:\/\/www.europesays.com\/fr\/wp-json\/wp\/v2\/categories?post=479730"},{"taxonomy":"post_tag","embeddable":true,"href":"https:\/\/www.europesays.com\/fr\/wp-json\/wp\/v2\/tags?post=479730"}],"curies":[{"name":"wp","href":"https:\/\/api.w.org\/{rel}","templated":true}]}}