{"id":479755,"date":"2025-10-21T15:18:09","date_gmt":"2025-10-21T15:18:09","guid":{"rendered":"https:\/\/www.europesays.com\/fr\/479755\/"},"modified":"2025-10-21T15:18:09","modified_gmt":"2025-10-21T15:18:09","slug":"une-alliance-public-prive-pour-une-premiere-mondiale-a-montpellier","status":"publish","type":"post","link":"https:\/\/www.europesays.com\/fr\/479755\/","title":{"rendered":"une alliance public-priv\u00e9 pour une premi\u00e8re mondiale \u00e0 Montpellier"},"content":{"rendered":"<p>            Par<br \/>\n        <strong><br \/>\n            <a href=\"https:\/\/actu.fr\/auteur\/metropoop\" title=\"Consulter tous les articles de R\u00e9daction M\u00e9tropolitain\" target=\"_blank\" rel=\"noopener\">R\u00e9daction M\u00e9tropolitain<\/a><br \/>\n        <\/strong><\/p>\n<p>        Publi\u00e9 le<\/p>\n<p>            21 oct. 2025 \u00e0 16h57        <\/p>\n<p>Le jeudi 15 octobre 2025 \u00e0 Montpellier, <strong>l\u2019IHU Immun4Cure<\/strong>, <strong>le CHU<\/strong>, <strong>l\u2019Universit\u00e9 de Montpellier<\/strong>, <strong>l\u2019Inserm<\/strong> et <strong>Sanofi<\/strong> ont officialis\u00e9 <strong>un partenariat strat\u00e9gique d\u2019envergure<\/strong>. Ce partenariat, d\u2019une dur\u00e9e initiale de cinq ans, permet <strong>la cr\u00e9ation du premier Centre d\u2019excellence translationnel<\/strong> enti\u00e8rement d\u00e9di\u00e9 \u00e0 l\u2019acc\u00e9l\u00e9ration de la Recherche et du D\u00e9veloppement des maladies inflammatoires et auto-immunes. Sa vocation : rapprocher recherche acad\u00e9mique, expertise clinique et innovation industrielle, afin d\u2019acc\u00e9l\u00e9rer la mise \u00e0 disposition de nouvelles solutions th\u00e9rapeutiques pour les patients.<\/p>\n<p>Une alliance pour rapprocher recherche, clinique et industrie<\/p>\n<p class=\" wall-content\">Ce nouveau centre a pour objectif de mettre la recherche scientifique au service des patients, en rapprochant les d\u00e9couvertes des laboratoires, l\u2019expertise clinique et l\u2019innovation industrielle. Il vise notamment \u00e0 favoriser la preuve de concept centr\u00e9e sur le patient en phase de d\u00e9veloppement clinique pr\u00e9coce et \u00e0 exploiter des synergies technologiques et scientifiques pour faire progresser la m\u00e9decine de pr\u00e9cision et enrichir la recherche translationnelle.<\/p>\n<p class=\" wall-content\">Outre de former et attirer de nouveaux talents, tout en renfor\u00e7ant une culture de l\u2019innovation au service de la sant\u00e9 de demain, entend \u00e9galement stimuler l\u2019innovation et l\u2019\u00e9conomie locale en cr\u00e9ant de nouvelles opportunit\u00e9s industrielles et partenariales et de faire de Montpellier un site de r\u00e9f\u00e9rence international dans la lutte contre les maladies auto-immunes et inflammatoires.<\/p>\n<p>Public et priv\u00e9<\/p>\n<p class=\" wall-content\">Ce partenariat d\u2019excellence entre public et priv\u00e9 r\u00e9unit l\u2019IHU Immun4Cure, le CHU, l\u2019Universit\u00e9 de Montpellier, l\u2019Inserm et Sanofi. \u00ab\u00a0Ce partenariat avec Sanofi nous permet de franchir une nouvelle \u00e9tape en conjuguant expertise acad\u00e9mique, clinique et industrielle. Ensemble, nous construisons une \u00e9quipe commune IHU\u2013Sanofi pour identifier de nouvelles cibles th\u00e9rapeutiques et acc\u00e9l\u00e9rer leur transfert clinique au b\u00e9n\u00e9fice des patients\u00a0\u00bb explique le professeur Christian Jorgensen, directeur de l\u2019IHU Immun4Cure.<\/p>\n<p class=\" wall-content\">Yves Jacob, responsable R&amp;D France, Sanofi, souligne : \u00ab\u00a0En tant qu\u2019acteur historique et leader de l\u2019\u00e9cosyst\u00e8me de sant\u00e9 en France, nous cr\u00e9ons une dynamique unique en r\u00e9unissant recherche translationnelle et clinique, acc\u00e8s aux plateformes technologiques, opportunit\u00e9s d\u2019investissements et d\u00e9veloppement de talents. Cette alliance strat\u00e9gique renforce notre position de catalyseur d\u2019innovation dans le syst\u00e8me de sant\u00e9 fran\u00e7ais et cr\u00e9e les conditions optimales pour acc\u00e9l\u00e9rer l\u2019arriv\u00e9e de nouvelles th\u00e9rapies dans le domaine des maladies auto-immunes, au b\u00e9n\u00e9fice des patients du monde entier\u00a0\u00bb.<\/p>\n<p>Vid\u00e9os : en ce moment sur ActuLe d\u00e9but d\u2019une belle histoire<\/p>\n<p class=\" wall-content\">Sanofi mobilise ainsi son expertise en d\u00e9veloppement pr\u00e9coce de m\u00e9dicaments, ses plateformes de recherche et d\u2019exp\u00e9rimentation, ses comp\u00e9tences r\u00e9glementaires et cliniques, ainsi que ses capacit\u00e9s \u00e0 d\u00e9velopper des petites mol\u00e9cules et des biom\u00e9dicaments, en s\u2019appuyant sur des outils num\u00e9riques avanc\u00e9s.<\/p>\n<p>Votre r\u00e9gion, votre actu !<\/p>\n<p>Recevez chaque jour les infos qui comptent pour vous.<\/p>\n<p>\t<a href=\"https:\/\/actu.fr\/newsletter\" class=\"ac-btn ac-btn--corner ac-btn--medium ac-btn--blue800\" target=\"_blank\" rel=\"noopener\">S&rsquo;incrire<\/a><\/p>\n<p class=\" wall-content\">L\u2019IHU Immun4Cure mettra \u00e0 disposition des cohortes de patients uniques, des infrastructures de collecte et d\u2019analyse d\u2019\u00e9chantillons biologiques, des bases de donn\u00e9es int\u00e9gr\u00e9es, des outils d\u2019IA, ainsi que de nouvelles pistes th\u00e9rapeutiques prometteuses, pour mieux comprendre les maladies et optimiser les essais cliniques. \u00ab\u00a0La signature de ce partenariat est le d\u00e9but d\u2019une belle histoire de recherche et d\u2019innovation !\u00a0\u00bb observe Anne Ferrer, directrice du CHU de Montpellier.<\/p>\n<p class=\" wall-content\">Personnalisez votre actualit\u00e9 en ajoutant vos villes et m\u00e9dias en favori avec <a href=\"https:\/\/moncompte.actu.fr\" title=\"D\u00e9couvez Mon Actu\" rel=\"nofollow noopener\" data-trk=\"{&quot;cta&quot;:{&quot;action&quot;:&quot;https:\\\/\\\/moncompte.actu.fr&quot;,&quot;category&quot;:&quot;mon compte&quot;,&quot;from&quot;:&quot;article footer&quot;,&quot;name&quot;:&quot;Mon actu&quot;,&quot;type&quot;:&quot;cta&quot;}}\" target=\"_blank\">Mon Actu<\/a>.<\/p>\n","protected":false},"excerpt":{"rendered":"Par R\u00e9daction M\u00e9tropolitain Publi\u00e9 le 21 oct. 2025 \u00e0 16h57 Le jeudi 15 octobre 2025 \u00e0 Montpellier, l\u2019IHU&hellip;\n","protected":false},"author":2,"featured_media":479756,"comment_status":"","ping_status":"","sticky":false,"template":"","format":"standard","meta":{"footnotes":""},"categories":[9599],"tags":[1111,11,15154,1777,674,1011,27,2208,12,2680,25,71,2631],"class_list":{"0":"post-479755","1":"post","2":"type-post","3":"status-publish","4":"format-standard","5":"has-post-thumbnail","7":"category-montpellier","8":"tag-actu","9":"tag-actualites","10":"tag-chu-de-montpellier","11":"tag-eu","12":"tag-europe","13":"tag-fr","14":"tag-france","15":"tag-montpellier","16":"tag-news","17":"tag-occitanie","18":"tag-republique-francaise","19":"tag-sante","20":"tag-sciences-technologie"},"share_on_mastodon":{"url":"https:\/\/pubeurope.com\/@fr\/115412828545383082","error":""},"_links":{"self":[{"href":"https:\/\/www.europesays.com\/fr\/wp-json\/wp\/v2\/posts\/479755","targetHints":{"allow":["GET"]}}],"collection":[{"href":"https:\/\/www.europesays.com\/fr\/wp-json\/wp\/v2\/posts"}],"about":[{"href":"https:\/\/www.europesays.com\/fr\/wp-json\/wp\/v2\/types\/post"}],"author":[{"embeddable":true,"href":"https:\/\/www.europesays.com\/fr\/wp-json\/wp\/v2\/users\/2"}],"replies":[{"embeddable":true,"href":"https:\/\/www.europesays.com\/fr\/wp-json\/wp\/v2\/comments?post=479755"}],"version-history":[{"count":0,"href":"https:\/\/www.europesays.com\/fr\/wp-json\/wp\/v2\/posts\/479755\/revisions"}],"wp:featuredmedia":[{"embeddable":true,"href":"https:\/\/www.europesays.com\/fr\/wp-json\/wp\/v2\/media\/479756"}],"wp:attachment":[{"href":"https:\/\/www.europesays.com\/fr\/wp-json\/wp\/v2\/media?parent=479755"}],"wp:term":[{"taxonomy":"category","embeddable":true,"href":"https:\/\/www.europesays.com\/fr\/wp-json\/wp\/v2\/categories?post=479755"},{"taxonomy":"post_tag","embeddable":true,"href":"https:\/\/www.europesays.com\/fr\/wp-json\/wp\/v2\/tags?post=479755"}],"curies":[{"name":"wp","href":"https:\/\/api.w.org\/{rel}","templated":true}]}}