{"id":479761,"date":"2025-10-21T15:21:21","date_gmt":"2025-10-21T15:21:21","guid":{"rendered":"https:\/\/www.europesays.com\/fr\/479761\/"},"modified":"2025-10-21T15:21:21","modified_gmt":"2025-10-21T15:21:21","slug":"le-tribunal-dit-non-a-la-ville-de-grenoble","status":"publish","type":"post","link":"https:\/\/www.europesays.com\/fr\/479761\/","title":{"rendered":"le tribunal dit non \u00e0 la Ville de Grenoble"},"content":{"rendered":"<p>Non, non et re-non. Comme le \u201ccong\u00e9 d\u2019interruption de grossesse\u201d et le cong\u00e9 menstruel, le cong\u00e9 2e  parent n\u2019a donc pas surv\u00e9cu \u00e0 l\u2019\u00e9preuve judiciaire.<\/p>\n<p>C\u2019est en janvier\u00a02025, dans la foul\u00e9e d\u2019une d\u00e9lib\u00e9ration municipale puis d\u2019une note de service d\u2019<a href=\"https:\/\/www.ledauphine.com\/p\/eric-piolle\" target=\"_blank\" rel=\"noopener\">\u00c9ric Piolle<\/a>, que le cong\u00e9 d\u2019accueil de l\u2019enfant des agents municipaux grenoblois pouvait \u00eatre rallong\u00e9 de 30 jours, permettant au deuxi\u00e8me parent de b\u00e9n\u00e9ficier d\u2019un cong\u00e9 \u00e9gal <a href=\"https:\/\/www.ledauphine.com\/societe\/2024\/12\/12\/isere-grenoble-la-ville-annonce-un-conge-d-accueil-de-l-enfant-rallonge-pour-ses-agents-municipaux\" target=\"_blank\" rel=\"noopener\">\u00e0 celui du cong\u00e9 maternit\u00e9 post-natal<\/a>.<\/p>\n<p>  \u00ab\u00a0On va continuer la bataille sur le plan politique\u00a0\u00bb souligne la Ville de Grenoble<\/p>\n<p>Cette autorisation sp\u00e9ciale d\u2019absence (ASA), \u00e0 la discr\u00e9tion du maire, avait donc \u00e9t\u00e9 port\u00e9e devant le tribunal administratif le 13\u00a0octobre par la pr\u00e9f\u00e8te de l\u2019Is\u00e8re, lequel vient de lui donner raison. \u201cEn l\u2019\u00e9tat de l\u2019instruction, explique le tribunal dans son ordonnance, le moyen tir\u00e9 de ce que l\u2019autorisation sp\u00e9ciale d\u2019absence \u00ab\u00a0deuxi\u00e8me parent\u00a0\u00bb ne vise [\u2026] qu\u2019\u00e0 rallonger de six semaines la dur\u00e9e du cong\u00e9 de paternit\u00e9 et d\u2019accueil de l\u2019enfant [\u2026] et n\u2019est donc pas une autorisation sp\u00e9ciale d\u2019absence discr\u00e9tionnaire [\u2026] est de nature \u00e0 faire na\u00eetre un doute s\u00e9rieux quant \u00e0 la l\u00e9galit\u00e9 de la d\u00e9cision attaqu\u00e9e.\u201d La note de service est donc suspendue \u201cjusqu\u2019\u00e0 ce qu\u2019il soit statu\u00e9 au fond sur sa l\u00e9galit\u00e9\u201d.<\/p>\n<p>La Ville fera-t-elle appel\u00a0? Pas s\u00fbr. La M\u00e9tropole, confront\u00e9e \u00e0 la m\u00eame situation, a en effet d\u00e9j\u00e0 perdu devant la cour d\u2019appel de Lyon <a href=\"https:\/\/www.ledauphine.com\/societe\/2025\/09\/13\/isere-grenoble-suspension-de-l-autorisation-de-conge-2e-parent-la-metropole-de-grenoble-va-se-pourvoir-en-cassation\" target=\"_blank\" rel=\"noopener\">en septembre dernier.<\/a> \u00ab\u00a0On va continuer la bataille sur le plan politique pour de nouveaux droits des agents et agentes tenant mieux compte de l\u2019\u00e9galit\u00e9 professionnelle r\u00e9elle\u00a0\u00bb, fait savoir la Ville.<\/p>\n<p>La M\u00e9tropole s\u2019\u00e9tait pour sa part pourvue en cassation. <a href=\"https:\/\/www.ledauphine.com\/p\/christophe-ferrari\" target=\"_blank\" rel=\"noopener\">Christophe Ferrari<\/a> commentait alors\u00a0: \u00ab\u00a0Cette d\u00e9cision est \u00e0 nos yeux un symbole de r\u00e9gression sociale. Nous sommes ici bien loin des avanc\u00e9es en mati\u00e8re de plus d\u2019\u00e9galit\u00e9 promises il y a plusieurs ann\u00e9es au niveau national, bien loin \u00e9galement <a href=\"https:\/\/www.ledauphine.com\/societe\/2025\/02\/05\/isere-grenoble-le-conge-2e-parent-remis-en-cause-l-incomprehension-d-un-papa-grenoblois\" target=\"_blank\" rel=\"noopener\">des attentes des parents et des familles<\/a>.\u00a0\u00bb<\/p>\n<p>De mani\u00e8re g\u00e9n\u00e9rale, la pr\u00e9fecture remet en cause, depuis janvier dernier, les d\u00e9lib\u00e9rations instaurant les cong\u00e9s menstruels, IVG ou 2e\u00a0 parent \u00e0 Seyssinet-Pariset, Grenoble, \u00c9chirolles et Grenoble Alpes M\u00e9tropole.<\/p>\n","protected":false},"excerpt":{"rendered":"Non, non et re-non. Comme le \u201ccong\u00e9 d\u2019interruption de grossesse\u201d et le cong\u00e9 menstruel, le cong\u00e9 2e parent&hellip;\n","protected":false},"author":2,"featured_media":479762,"comment_status":"","ping_status":"","sticky":false,"template":"","format":"standard","meta":{"footnotes":""},"categories":[9566],"tags":[1111,11,2430,6084,112,1777,674,1011,27,2731,2732,108,12,25,104],"class_list":{"0":"post-479761","1":"post","2":"type-post","3":"status-publish","4":"format-standard","5":"has-post-thumbnail","7":"category-grenoble","8":"tag-actu","9":"tag-actualites","10":"tag-auvergne-rhone-alpes","11":"tag-droit","12":"tag-edition-grenoble-agglomeration","13":"tag-eu","14":"tag-europe","15":"tag-fr","16":"tag-france","17":"tag-grenoble","18":"tag-grenoble-bassin","19":"tag-isere","20":"tag-news","21":"tag-republique-francaise","22":"tag-societe"},"share_on_mastodon":{"url":"https:\/\/pubeurope.com\/@fr\/115412840271241747","error":""},"_links":{"self":[{"href":"https:\/\/www.europesays.com\/fr\/wp-json\/wp\/v2\/posts\/479761","targetHints":{"allow":["GET"]}}],"collection":[{"href":"https:\/\/www.europesays.com\/fr\/wp-json\/wp\/v2\/posts"}],"about":[{"href":"https:\/\/www.europesays.com\/fr\/wp-json\/wp\/v2\/types\/post"}],"author":[{"embeddable":true,"href":"https:\/\/www.europesays.com\/fr\/wp-json\/wp\/v2\/users\/2"}],"replies":[{"embeddable":true,"href":"https:\/\/www.europesays.com\/fr\/wp-json\/wp\/v2\/comments?post=479761"}],"version-history":[{"count":0,"href":"https:\/\/www.europesays.com\/fr\/wp-json\/wp\/v2\/posts\/479761\/revisions"}],"wp:featuredmedia":[{"embeddable":true,"href":"https:\/\/www.europesays.com\/fr\/wp-json\/wp\/v2\/media\/479762"}],"wp:attachment":[{"href":"https:\/\/www.europesays.com\/fr\/wp-json\/wp\/v2\/media?parent=479761"}],"wp:term":[{"taxonomy":"category","embeddable":true,"href":"https:\/\/www.europesays.com\/fr\/wp-json\/wp\/v2\/categories?post=479761"},{"taxonomy":"post_tag","embeddable":true,"href":"https:\/\/www.europesays.com\/fr\/wp-json\/wp\/v2\/tags?post=479761"}],"curies":[{"name":"wp","href":"https:\/\/api.w.org\/{rel}","templated":true}]}}