{"id":479777,"date":"2025-10-21T15:29:10","date_gmt":"2025-10-21T15:29:10","guid":{"rendered":"https:\/\/www.europesays.com\/fr\/479777\/"},"modified":"2025-10-21T15:29:10","modified_gmt":"2025-10-21T15:29:10","slug":"ce-restaurant-du-centre-ville-de-nantes-participe-a-une-emission-de-cuisine-sur-m6","status":"publish","type":"post","link":"https:\/\/www.europesays.com\/fr\/479777\/","title":{"rendered":"Ce restaurant du centre-ville de Nantes participe \u00e0 une \u00e9mission de cuisine sur M6"},"content":{"rendered":"<p>            Par<br \/>\n        <strong><br \/>\n            <a href=\"https:\/\/actu.fr\/auteur\/laure-gentil\" title=\"Consulter tous les articles de Laure Gentil\" rel=\"nofollow noopener\" target=\"_blank\">Laure Gentil<\/a><br \/>\n        <\/strong><\/p>\n<p>        Publi\u00e9 le<\/p>\n<p>            21 oct. 2025 \u00e0 17h25        <\/p>\n<p>Le quartier Bouffay est le quartier le plus ancien de <strong>Nantes<\/strong>. En son sein, les visiteurs peuvent d\u00e9couvrir de nombreux commerces et manger dans d\u2019excellents restaurants. L\u2019un d\u2019entre eux s\u2019est fait remarquer et va participer \u00e0 l\u2019\u00e9mission de M6\u2009: \u00ab\u2009La meilleure cuisine r\u00e9gionale, c\u2019est chez moi\u2009\u00bb, diffus\u00e9e ce mercredi 22\u00a0octobre. Ce restaurant c\u2019est <strong>Ma Poule<\/strong>. Nous avons rencontr\u00e9 son g\u00e9rant,<strong> Laurent Maczka<\/strong> et sa charg\u00e9e de communication, Aur\u00e9lie Le Reguer.<\/p>\n<p>    <a href=\"https:\/\/www.google.com\/maps\/embed?pb=!1m18!1m12!1m3!1d2064.2903800842273!2d-1.5549911248049972!3d47.21574571488786!2m3!1f0!2f0!3f0!3m2!1i1024!2i768!4f13.1!3m3!1m2!1s0x4805ef1d0b9609e9%3A0x174378a714ea4fe4!2sMa%20Poule!5e1!3m2!1sfr!2sfr!4v1761054000393!5m2!1sfr!2sfr\" title=\"Ouvrie le lien\" rel=\"nofollow noopener\" target=\"_blank\">Cliquez ici pour visualiser le contenu<\/a><\/p>\n<p>Un bouchon fran\u00e7ais<\/p>\n<p class=\" wall-content\">Le restaurant se trouve \u00e0 l\u2019angle de la <strong>rue de l\u2019Emery et de la rue des Petites \u00c9curies<\/strong>. Sur sa devanture noire, il est possible de lire \u00ab\u2009Ma Poule bouchon fran\u00e7ais\u2009\u00bb. C\u2019est l\u00e0 le c\u0153ur de ce restaurant nantais. \u00ab\u2009Le bouchon lyonnais, c\u2019est sur des grandes tables. Nous, le bouchon fran\u00e7ais, on a des petites tables, c\u2019est <strong>tr\u00e8s proche, c\u2019est convivial<\/strong>\u2009\u00bb, sourit Laurent Maczka, 55\u00a0ans, un ex-baroudeur qui a travaill\u00e9 en tant que responsable commercial mais aussi dans l\u2019\u00e9v\u00e8nementiel, les bars et les discoth\u00e8ques. Chez Ma Poule, il est \u00e9vident que la cuisine doit \u00eatre fond\u00e9e sur le<strong> fait maison et la culture fran\u00e7aise<\/strong>.<\/p>\n<blockquote class=\"ac-article-quote wall-content\">\n<p>On fait des rognons, on fait de la t\u00eate de veau, on fait des plats un petit peu revisit\u00e9s. Et aussi \u00e9trange que \u00e7a puisse para\u00eetre, on a beaucoup de jeunes qui viennent pour manger des petits plats de leur grand-m\u00e8re, de leur famille !<\/p>\n<p>    <strong>Laurent Maczka<\/strong><br \/>\n        Responsable du restaurant Ma Poule    <\/p><\/blockquote>\n<p class=\" wall-content\">Les plats doivent aussi \u00eatre de saison et \u00e0 des prix raisonnables. \u00ab\u2009C\u2019est important pour nous de rester \u00e0 des tarifs abordables. \u00c7a reste un petit bouchon. On est en dessous ou juste \u00e0 la limite des 20\u00a0euros\u2009\u00bb, a expliqu\u00e9 le restaurateur nantais. Il recommande particuli\u00e8rement le magret de canard et le <strong>g\u00e2teau nantais<\/strong>. Cet hiver le mi-cuit va aussi faire sa r\u00e9apparition sur la carte.<\/p>\n<p class=\" wall-content\">C\u2019est ce c\u00f4t\u00e9 traditionnel et cuisine fran\u00e7aise qui a sans doute attir\u00e9 l\u2019attention de M6, il y a quelques mois.<\/p>\n<p>Votre r\u00e9gion, votre actu !<\/p>\n<p>Recevez chaque jour les infos qui comptent pour vous.<\/p>\n<p>\t<a href=\"https:\/\/actu.fr\/newsletter\" class=\"ac-btn ac-btn--corner ac-btn--medium ac-btn--blue800\" rel=\"nofollow noopener\" target=\"_blank\">S&rsquo;incrire<\/a><br \/>\n\u00ab\u2009On croyait que c\u2019\u00e9tait faux\u2009\u00bb<\/p>\n<p class=\" wall-content\">Car c\u2019est bien M6 qui les a contact\u00e9s, d\u2019abord par Facebook. \u00ab\u2009On croyait que c\u2019\u00e9tait faux\u2009\u00bb, s\u2019amuse <strong>Aur\u00e9lie Le Reguer<\/strong> qui a d\u2019abord pens\u00e9 \u00e0 un canular ou une tentative de <a href=\"https:\/\/actu.fr\/societe\/phishing-voici-les-mails-frauduleux-qui-ont-envahi-nos-boites-mails-en-2023_60660752.html\" rel=\"nofollow noopener\" target=\"_blank\">phishing<\/a>. Un mail, plus officiel, les a convaincus. Les \u00e9changes t\u00e9l\u00e9phoniques entre la production et le restaurant s\u2019encha\u00eenent alors. \u00ab\u2009On nous demandait un gros dossier. C\u2019\u00e9tait tr\u00e8s lourd \u00e0 g\u00e9rer\u2009\u00bb, se souvient Laurent Maczka. Un premier casting et des rendez-vous en visio ach\u00e8vent de convaincre M6 qui d\u00e9cide de lancer le tournage.<\/p>\n<blockquote class=\"ac-article-quote wall-content\">\n<p>On a deux petites salles qui font \u00e0 peu pr\u00e8s 25 places chacune. La partie qui leur posait un peu de probl\u00e8mes, c&rsquo;est notre grand mur miroir. Forc\u00e9ment, par rapport aux cam\u00e9ras.\n<\/p>\n<p>    <strong>Laurent Maczka<\/strong><br \/>\n        Responsable du restaurant Ma Poule    <\/p><\/blockquote>\n<p class=\" wall-content\">Les chefs sont ensuite arriv\u00e9s dans le restaurant\u2009: <strong>Mallory Gatbsi<\/strong> (ancien candidat Top Chef) et<strong> Yoann Conte<\/strong>. Le c\u00e9l\u00e8bre <a href=\"https:\/\/actu.fr\/normandie\/gisors_27284\/bientot-sur-m6-les-chefs-norbert-tarayre-et-yoann-conte-en-tournage-dans-deux-restaurants-de-leure_63288244.html\" rel=\"nofollow noopener\" target=\"_blank\">Norbert Tarayre<\/a> n\u2019a pas particip\u00e9 \u00e0 cet \u00e9pisode en raison d\u2019un conflit d\u2019emploi du temps. \u00ab\u2009Ils sont tr\u00e8s gentils et ils ont une bonne approche\u2009\u00bb, selon Laurent Maczka.<\/p>\n<p class=\" wall-content\">Le restaurateur esp\u00e8re que l\u2019\u00e9mission lui apportera plus de clients mais aussi qu\u2019elle am\u00e8nera un <strong>regain d\u2019int\u00e9r\u00eat pour le quartier Bouffay<\/strong>. \u00ab\u2009On a un quartier qui souffre pas mal en raison des travaux\u2009\u00bb, indique-t-il \u00e0 actu Nantes. \u00ab\u2009Il est un petit peu d\u00e9laiss\u00e9 par rapport \u00e0 l\u2019autre centre-ville de Nantes. Donc, cela peut redorer le blason du quartier Bouffay, montrer qu\u2019il y a aussi des petits restaurants ici\u2009!\u2009\u00bb.<\/p>\n<p><strong>Infos pratiques<\/strong>\u2009: 30 Rue des Petites \u00c9curies. 02\u200928\u200929\u200981\u200929. L\u2019\u00e9mission sera diffus\u00e9e mercredi 22\u00a0octobre 2025 \u00e0 18h35.<\/p>\n<p class=\" wall-content\">Personnalisez votre actualit\u00e9 en ajoutant vos villes et m\u00e9dias en favori avec <a href=\"https:\/\/moncompte.actu.fr\" title=\"D\u00e9couvez Mon Actu\" rel=\"nofollow noopener\" data-trk=\"{&quot;cta&quot;:{&quot;action&quot;:&quot;https:\\\/\\\/moncompte.actu.fr&quot;,&quot;category&quot;:&quot;mon compte&quot;,&quot;from&quot;:&quot;article footer&quot;,&quot;name&quot;:&quot;Mon actu&quot;,&quot;type&quot;:&quot;cta&quot;}}\" target=\"_blank\">Mon Actu<\/a>.<\/p>\n","protected":false},"excerpt":{"rendered":"Par Laure Gentil Publi\u00e9 le 21 oct. 2025 \u00e0 17h25 Le quartier Bouffay est le quartier le plus&hellip;\n","protected":false},"author":2,"featured_media":479778,"comment_status":"","ping_status":"","sticky":false,"template":"","format":"standard","meta":{"footnotes":""},"categories":[2818],"tags":[1111,11,215,1777,674,1011,27,766,12,2636,25,1340,104,252],"class_list":{"0":"post-479777","1":"post","2":"type-post","3":"status-publish","4":"format-standard","5":"has-post-thumbnail","7":"category-nantes","8":"tag-actu","9":"tag-actualites","10":"tag-commerce","11":"tag-eu","12":"tag-europe","13":"tag-fr","14":"tag-france","15":"tag-nantes","16":"tag-news","17":"tag-pays-de-la-loire","18":"tag-republique-francaise","19":"tag-restaurant","20":"tag-societe","21":"tag-television"},"share_on_mastodon":{"url":"https:\/\/pubeurope.com\/@fr\/115412871831878141","error":""},"_links":{"self":[{"href":"https:\/\/www.europesays.com\/fr\/wp-json\/wp\/v2\/posts\/479777","targetHints":{"allow":["GET"]}}],"collection":[{"href":"https:\/\/www.europesays.com\/fr\/wp-json\/wp\/v2\/posts"}],"about":[{"href":"https:\/\/www.europesays.com\/fr\/wp-json\/wp\/v2\/types\/post"}],"author":[{"embeddable":true,"href":"https:\/\/www.europesays.com\/fr\/wp-json\/wp\/v2\/users\/2"}],"replies":[{"embeddable":true,"href":"https:\/\/www.europesays.com\/fr\/wp-json\/wp\/v2\/comments?post=479777"}],"version-history":[{"count":0,"href":"https:\/\/www.europesays.com\/fr\/wp-json\/wp\/v2\/posts\/479777\/revisions"}],"wp:featuredmedia":[{"embeddable":true,"href":"https:\/\/www.europesays.com\/fr\/wp-json\/wp\/v2\/media\/479778"}],"wp:attachment":[{"href":"https:\/\/www.europesays.com\/fr\/wp-json\/wp\/v2\/media?parent=479777"}],"wp:term":[{"taxonomy":"category","embeddable":true,"href":"https:\/\/www.europesays.com\/fr\/wp-json\/wp\/v2\/categories?post=479777"},{"taxonomy":"post_tag","embeddable":true,"href":"https:\/\/www.europesays.com\/fr\/wp-json\/wp\/v2\/tags?post=479777"}],"curies":[{"name":"wp","href":"https:\/\/api.w.org\/{rel}","templated":true}]}}