{"id":479779,"date":"2025-10-21T15:30:16","date_gmt":"2025-10-21T15:30:16","guid":{"rendered":"https:\/\/www.europesays.com\/fr\/479779\/"},"modified":"2025-10-21T15:30:16","modified_gmt":"2025-10-21T15:30:16","slug":"le-celebre-trois-mats-le-belem-est-de-retour-a-son-port-dattache","status":"publish","type":"post","link":"https:\/\/www.europesays.com\/fr\/479779\/","title":{"rendered":"Le c\u00e9l\u00e8bre trois-m\u00e2ts le \u00ab\u00a0Belem\u00a0\u00bb est de retour \u00e0 son port d\u2019attache"},"content":{"rendered":"<p>Le navire le plus appr\u00e9ci\u00e9 des Nantais est arriv\u00e9 \u00e0 son port d\u2019attache quai de la Fosse dimanche o\u00f9 il r\u00e9sidera pour la dur\u00e9e des <a href=\"https:\/\/www.20minutes.fr\/societe\/4177006-20251003-changer-nom-vacances-scolaires-toussaint-noel-non-repond-elisabeth-borne\" target=\"_blank\" class=\"c-link c-link--is-underlined\" rel=\"noopener\">vacances de la Toussaint<\/a>.<\/p>\n<\/p>\n<p>Ce trois-m\u00e2ts construit \u00e0 Nantes en\u00a01896 a d\u2019abord \u00e9t\u00e9 un navire de commerce fran\u00e7ais avant de devenir un yacht de plaisance britannique. Rachet\u00e9 par les Caisses d\u2019Epargne puis confi\u00e9 \u00e0 la fondation Belem qui assure sa conservation, le bateau est aujourd\u2019hui consid\u00e9r\u00e9 comme un navire-\u00e9cole. En\u00a02024, l<a href=\"https:\/\/www.20minutes.fr\/societe\/4052841-20240427-jo-paris-2024-cinq-fois-belem-transporteur-flamme-olympique-failli-disparaitre\" target=\"_blank\" class=\"c-link c-link--is-underlined\" rel=\"noopener\">e <\/a>\u00ab\u00a0<a href=\"https:\/\/www.20minutes.fr\/societe\/4052841-20240427-jo-paris-2024-cinq-fois-belem-transporteur-flamme-olympique-failli-disparaitre\" target=\"_blank\" class=\"c-link c-link--is-underlined\" rel=\"noopener\">Belem<\/a>\u00a0\u00bb avait fait parler de lui pour avoir transport\u00e9 la flamme olympique entre Ath\u00e8nes et <a href=\"https:\/\/www.20minutes.fr\/marseille\/\" target=\"_blank\" class=\"c-link c-link--is-underlined\" rel=\"noopener\">Marseille<\/a>.<\/p>\n<p>Des visites pendant les vacances<\/p>\n<p>Pendant deux semaines, petits et grands pourront visiter le trois-m\u00e2ts chaque apr\u00e8s-midi en semaine et toute la journ\u00e9e le week-end. Les places sont \u00e0 r\u00e9server sur le <a href=\"https:\/\/www.fondationbelem.com\/visiter\/visiter-le-belem-billetterie\" target=\"_blank\" class=\"c-link c-link--is-underlined\" rel=\"noopener\">site de la Fondation<\/a>.<\/p>\n<p>Apr\u00e8s les vacances, le navire partira en cale s\u00e8che \u00e0 <a href=\"https:\/\/www.20minutes.fr\/economie\/saint-nazaire\/\" target=\"_blank\" class=\"c-link c-link--is-underlined\" rel=\"noopener\">Saint-Nazaire<\/a> pour la r\u00e9novation de sa coque qui aura lieu \u00e0 l\u2019hiver\u00a02026.<\/p>\n","protected":false},"excerpt":{"rendered":"Le navire le plus appr\u00e9ci\u00e9 des Nantais est arriv\u00e9 \u00e0 son port d\u2019attache quai de la Fosse dimanche&hellip;\n","protected":false},"author":2,"featured_media":479780,"comment_status":"","ping_status":"","sticky":false,"template":"","format":"standard","meta":{"footnotes":""},"categories":[2818],"tags":[1111,11,5160,1777,674,1011,27,3047,766,11678,12,2636,5159,1306,25],"class_list":{"0":"post-479779","1":"post","2":"type-post","3":"status-publish","4":"format-standard","5":"has-post-thumbnail","7":"category-nantes","8":"tag-actu","9":"tag-actualites","10":"tag-bateau","11":"tag-eu","12":"tag-europe","13":"tag-fr","14":"tag-france","15":"tag-loire-atlantique","16":"tag-nantes","17":"tag-navire","18":"tag-news","19":"tag-pays-de-la-loire","20":"tag-port","21":"tag-regions","22":"tag-republique-francaise"},"share_on_mastodon":{"url":"https:\/\/pubeurope.com\/@fr\/115412875668497037","error":""},"_links":{"self":[{"href":"https:\/\/www.europesays.com\/fr\/wp-json\/wp\/v2\/posts\/479779","targetHints":{"allow":["GET"]}}],"collection":[{"href":"https:\/\/www.europesays.com\/fr\/wp-json\/wp\/v2\/posts"}],"about":[{"href":"https:\/\/www.europesays.com\/fr\/wp-json\/wp\/v2\/types\/post"}],"author":[{"embeddable":true,"href":"https:\/\/www.europesays.com\/fr\/wp-json\/wp\/v2\/users\/2"}],"replies":[{"embeddable":true,"href":"https:\/\/www.europesays.com\/fr\/wp-json\/wp\/v2\/comments?post=479779"}],"version-history":[{"count":0,"href":"https:\/\/www.europesays.com\/fr\/wp-json\/wp\/v2\/posts\/479779\/revisions"}],"wp:featuredmedia":[{"embeddable":true,"href":"https:\/\/www.europesays.com\/fr\/wp-json\/wp\/v2\/media\/479780"}],"wp:attachment":[{"href":"https:\/\/www.europesays.com\/fr\/wp-json\/wp\/v2\/media?parent=479779"}],"wp:term":[{"taxonomy":"category","embeddable":true,"href":"https:\/\/www.europesays.com\/fr\/wp-json\/wp\/v2\/categories?post=479779"},{"taxonomy":"post_tag","embeddable":true,"href":"https:\/\/www.europesays.com\/fr\/wp-json\/wp\/v2\/tags?post=479779"}],"curies":[{"name":"wp","href":"https:\/\/api.w.org\/{rel}","templated":true}]}}