{"id":479793,"date":"2025-10-21T15:37:11","date_gmt":"2025-10-21T15:37:11","guid":{"rendered":"https:\/\/www.europesays.com\/fr\/479793\/"},"modified":"2025-10-21T15:37:11","modified_gmt":"2025-10-21T15:37:11","slug":"une-femme-sequestree-et-violee-retrouvee-par-la-police-dans-les-quartiers-nord-de-marseille","status":"publish","type":"post","link":"https:\/\/www.europesays.com\/fr\/479793\/","title":{"rendered":"Une femme, s\u00e9questr\u00e9e et viol\u00e9e, retrouv\u00e9e par la police dans les quartiers nord de Marseille"},"content":{"rendered":"<p class=\"rev-margin-0 rev-text-xs-normal\">Apr\u00e8s plus d&rsquo;une heure de recherches \u00e0 la Maurelette les policiers ont retrouv\u00e9 la victime, r\u00e9fugi\u00e9e chez des voisins.<\/p>\n<p class=\"rev-margin-0 rev-text-xs-bold\">Photo Val\u00e9rie Farine \/ La Provence (illustration)<\/p>\n<p>Tout commence par un appel au 17, le jeudi 16\u00a0octobre en d\u00e9but d\u2019apr\u00e8s-midi. Une femme est inqui\u00e8te pour sa ni\u00e8ce, qui serait s\u00e9questr\u00e9e dans un appartement de <a href=\"https:\/\/www.laprovence.com\/article\/actualites\/5038733460518515\/logement-a-marseille-les-copros-la-maurelette-le-mail-consolat-et-les-rosiers-dans-le-viseur-de-macron\" target=\"_blank\" rel=\"noopener\">la Maurelette,<\/a> dans le 15e arrondissement de <a href=\"https:\/\/www.laprovence.com\/bouches-du-rhone\/marseille-13055\" target=\"_blank\" rel=\"noopener\">Marseille<\/a>. Un peu plus t\u00f4t, dans la matin\u00e9e, la victime aurait \u00e9t\u00e9 r\u00e9cup\u00e9r\u00e9e \u00e0 l\u2019a\u00e9roport de <a href=\"https:\/\/www.laprovence.com\/bouches-du-rhone\/marignane-13054\" target=\"_blank\" rel=\"noopener\">Marignane<\/a> par son ex-compagnon avec sa fille de 3\u00a0ans, avant d\u2019\u00eatre s\u00e9questr\u00e9e et battue dans un logement de la cit\u00e9, d\u2019o\u00f9 elle a pu pr\u00e9venir sa tante.<\/p>\n<p>Les policiers n\u2019ont gu\u00e8re qu\u2019une photo du compagnon et une indication\u00a0: la victime peut voir un cabinet m\u00e9dical depuis la fen\u00eatre de l\u2019appartement o\u00f9 elle a \u00e9t\u00e9 enferm\u00e9e.<\/p>\n<p>Apr\u00e8s plus d\u2019une heure de recherches dans le quartier, un \u00e9quipage de la police municipale pile devant une silhouette aper\u00e7ue au pied d\u2019un b\u00e2timent, non loin, justement d\u2019un cabinet m\u00e9dical. C\u2019est l\u2019homme de la photo.<\/p>\n<p>Il est aussit\u00f4t contr\u00f4l\u00e9 et accompagne les agents de la brigade nord jusqu\u2019\u00e0 son logement. C\u2019est alors que la jeune femme qu\u2019ils recherchaient appara\u00eet sur le palier, mais dans l\u2019appartement d\u2019en face. La victime, \u00e2g\u00e9e de 24\u00a0ans, est en piteux \u00e9tat. Elle a r\u00e9ussi \u00e0 s\u2019\u00e9chapper pour se r\u00e9fugier chez des voisins.<\/p>\n<p>Frapp\u00e9e \u00e0 coups de poing devant sa petite fille, elle a aussi \u00e9t\u00e9 bless\u00e9e avec un objet coupant, sans doute un couteau. Mais il y a pire encore.<\/p>\n<p>Drogu\u00e9e et viol\u00e9e devant des inconnus<\/p>\n<p>La jeune femme, qui a absorb\u00e9 des cachets de <a href=\"https:\/\/www.laprovence.com\/article\/faits-divers-justice\/52898363343530\/marseille-un-medicament-miracle-devenu-drogue-de-la-misere\" target=\"_blank\" rel=\"noopener\">pr\u00e9gabaline<\/a>, un m\u00e9dicament d\u00e9tourn\u00e9 pour ses effets psychotropes, explique avoir \u00e9t\u00e9 contrainte \u00e0 se d\u00e9nuder devant plusieurs personnes, en pr\u00e9sence de sa petite fille, et \u00e0 faire une fellation \u00e0 son ex. La sc\u00e8ne aurait m\u00eame \u00e9t\u00e9 film\u00e9e avec un t\u00e9l\u00e9phone portable, sur lequel des photos de la victime nue \u00e9taient aussi conserv\u00e9es.<\/p>\n<p>Alors que l\u2019ex-compagnon, \u00e2g\u00e9 de 31\u00a0ans, est plac\u00e9 en garde \u00e0 vue au commissariat de la division Nord, dans l\u2019apr\u00e8s-midi, des habitants de la Maurelette composent encore le 17\u00a0: curieuse co\u00efncidence, l\u2019appartement du suspect est maintenant en train d\u2019\u00eatre cambriol\u00e9. De retour dans l\u2019immeuble, l\u2019\u00e9quipage de la police municipale met la main sur un homme qui tentait toujours de casser la porte d\u2019entr\u00e9e, et le ram\u00e8ne \u00e0 son tour \u00e0 la division Nord.<\/p>\n<p>Au terme de sa garde \u00e0 vue, le 18\u00a0octobre, le compagnon de la victime a \u00e9t\u00e9 d\u00e9f\u00e9r\u00e9 au tribunal judiciaire o\u00f9 le parquet a ouvert une information judiciaire pour des faits de viol sur conjoint ou ex-conjoint.<\/p>\n","protected":false},"excerpt":{"rendered":"Apr\u00e8s plus d&rsquo;une heure de recherches \u00e0 la Maurelette les policiers ont retrouv\u00e9 la victime, r\u00e9fugi\u00e9e chez des&hellip;\n","protected":false},"author":2,"featured_media":479794,"comment_status":"","ping_status":"","sticky":false,"template":"","format":"standard","meta":{"footnotes":""},"categories":[2814],"tags":[17,1111,11,1102,1777,674,274,1294,1011,27,884,12,5912,1072,882,25,14835,60305,96,60306],"class_list":{"0":"post-479793","1":"post","2":"type-post","3":"status-publish","4":"format-standard","5":"has-post-thumbnail","7":"category-marseille","8":"tag-17","9":"tag-actu","10":"tag-actualites","11":"tag-breakingnews","12":"tag-eu","13":"tag-europe","14":"tag-faits-divers-justice","15":"tag-femme","16":"tag-fr","17":"tag-france","18":"tag-marseille","19":"tag-news","20":"tag-par","21":"tag-police","22":"tag-provence-alpes-cote-dazur","23":"tag-republique-francaise","24":"tag-retrouvee","25":"tag-sequestree","26":"tag-une","27":"tag-violee"},"share_on_mastodon":{"url":"https:\/\/pubeurope.com\/@fr\/115412903263596097","error":""},"_links":{"self":[{"href":"https:\/\/www.europesays.com\/fr\/wp-json\/wp\/v2\/posts\/479793","targetHints":{"allow":["GET"]}}],"collection":[{"href":"https:\/\/www.europesays.com\/fr\/wp-json\/wp\/v2\/posts"}],"about":[{"href":"https:\/\/www.europesays.com\/fr\/wp-json\/wp\/v2\/types\/post"}],"author":[{"embeddable":true,"href":"https:\/\/www.europesays.com\/fr\/wp-json\/wp\/v2\/users\/2"}],"replies":[{"embeddable":true,"href":"https:\/\/www.europesays.com\/fr\/wp-json\/wp\/v2\/comments?post=479793"}],"version-history":[{"count":0,"href":"https:\/\/www.europesays.com\/fr\/wp-json\/wp\/v2\/posts\/479793\/revisions"}],"wp:featuredmedia":[{"embeddable":true,"href":"https:\/\/www.europesays.com\/fr\/wp-json\/wp\/v2\/media\/479794"}],"wp:attachment":[{"href":"https:\/\/www.europesays.com\/fr\/wp-json\/wp\/v2\/media?parent=479793"}],"wp:term":[{"taxonomy":"category","embeddable":true,"href":"https:\/\/www.europesays.com\/fr\/wp-json\/wp\/v2\/categories?post=479793"},{"taxonomy":"post_tag","embeddable":true,"href":"https:\/\/www.europesays.com\/fr\/wp-json\/wp\/v2\/tags?post=479793"}],"curies":[{"name":"wp","href":"https:\/\/api.w.org\/{rel}","templated":true}]}}