{"id":479795,"date":"2025-10-21T15:38:23","date_gmt":"2025-10-21T15:38:23","guid":{"rendered":"https:\/\/www.europesays.com\/fr\/479795\/"},"modified":"2025-10-21T15:38:23","modified_gmt":"2025-10-21T15:38:23","slug":"les-bouches-du-rhone-un-jour-touches-pourquoi-cest-possible","status":"publish","type":"post","link":"https:\/\/www.europesays.com\/fr\/479795\/","title":{"rendered":"Les Bouches-du-Rh\u00f4ne un jour touch\u00e9s ? Pourquoi c&rsquo;est possible"},"content":{"rendered":"<p>            Par<br \/>\n        <strong><br \/>\n            <a href=\"https:\/\/actu.fr\/auteur\/fabien-binacchi\" title=\"Consulter tous les articles de Fabien Binacchi\" target=\"_blank\" rel=\"noopener\">Fabien Binacchi<\/a><br \/>\n        <\/strong><\/p>\n<p>        Publi\u00e9 le<\/p>\n<p>            21 oct. 2025 \u00e0 17h25        <\/p>\n<p>Les images des grues broy\u00e9es et des immeubles ab\u00eem\u00e9s t\u00e9moignent de la violence de ces ph\u00e9nom\u00e8nes. Et qu\u2019ils sont aussi moins rares que l\u2019on ne pense. Une tornade d\u2019une intensit\u00e9 semblable \u00e0 <strong>celle qui a fait un mort<\/strong> lundi 20\u00a0octobre <a href=\"https:\/\/actu.fr\/ile-de-france\/ermont_95219\/val-d-oise-grues-effondrees-toitures-arrachees-un-mort-et-quatre-blesses-apres-le-passage-d-une-tornade_63327350.html\" target=\"_blank\" rel=\"noopener\">dans le Val-d\u2019Oise<\/a> pourrait tr\u00e8s bien survenir dans les <a href=\"https:\/\/actu.fr\/provence-alpes-cote-d-azur\/bouches-du-rhone_13\" target=\"_blank\" rel=\"noopener\">Bouches-du-Rh\u00f4ne<\/a>, selon des sp\u00e9cialistes. C\u2019est m\u00eame d\u00e9j\u00e0 arriv\u00e9 dans l\u2019histoire du d\u00e9partement, o\u00f9 ces monstres de vent ont aussi fait des victimes.<br \/>On vous explique.<\/p>\n<p>\u00ab\u2009C\u2019est loin d\u2019\u00eatre impossible\u2009\u00bb dans le d\u00e9partement<\/p>\n<p class=\" wall-content\">17h50, ce lundi\u2009: la situation s\u2019emballe totalement \u00e0 Ermont. Cette commune d\u2019\u00cele-de-France est balay\u00e9e par une tornade. \u00c9valu\u00e9e <strong>au niveau EF2, voire EF3,<\/strong> sur <a href=\"https:\/\/www.keraunos.org\/recherche\/comprendre-les-orages-pedagogie-vulgarisation\/tornades-trombes-tubas\/intensite-tornade-echelle-fujita-amelioree-ef-f-scale.html\" target=\"_blank\" rel=\"noopener\">\u00ab\u2009l\u2019\u00e9chelle de Fujita am\u00e9lior\u00e9e\u2009\u00bb,<\/a> elle fait de nombreux d\u00e9g\u00e2ts. Un travailleur \u00e2g\u00e9 de 23\u00a0ans est m\u00eame tu\u00e9. Un ph\u00e9nom\u00e8ne d\u2019une intensit\u00e9 rare transposable aux Bouches-du-Rh\u00f4ne\u2009?<\/p>\n<p class=\" wall-content\">\u00ab\u2009C\u2019est loin d\u2019\u00eatre impossible, r\u00e9pond \u00e0 <a href=\"https:\/\/actu.fr\/marseille\/\" target=\"_blank\" rel=\"noopener\">actu Marseille<\/a> le m\u00e9t\u00e9orologue ind\u00e9pendant Paul Marquis, fondateur de <a href=\"https:\/\/www.facebook.com\/lameteodu13\/?locale=fr_FR\" target=\"_blank\" rel=\"noopener\">La M\u00e9t\u00e9o du 13<\/a>. Des tornades arrivent <strong>r\u00e9guli\u00e8rement<\/strong> en Paca.\u2009\u00bb<\/p>\n<p class=\" wall-content\">Impossible en revanche de savoir avec certitude et pr\u00e9cision quand et o\u00f9 elles vont frapper. \u00ab\u2009La tornade est <strong>un ph\u00e9nom\u00e8ne de tr\u00e8s faible dimension et de courte dur\u00e9e de vie\u2009:<\/strong> les mod\u00e8les de pr\u00e9vision n\u2019ont pas une r\u00e9solution assez fine pour bien repr\u00e9senter les ph\u00e9nom\u00e8nes de si petite \u00e9chelle\u2009\u00bb, reconna\u00eet-on chez M\u00e9t\u00e9o-France.<\/p>\n<p>Une fr\u00e9quence \u00ab\u2009sup\u00e9rieure\u2009\u00bb \u00e0 la moyenne nationale<\/p>\n<p class=\" wall-content\">Selon les donn\u00e9es compil\u00e9es par Keraunos en tout cas, le pourtour m\u00e9diterran\u00e9en, les Bouches-du-Rh\u00f4ne, le Var et les Alpes-Maritimes, est une zone o\u00f9 leur fr\u00e9quence est \u00ab\u2009sup\u00e9rieure\u2009\u00bb voire \u00ab\u2009tr\u00e8s sup\u00e9rieure\u2009\u00bb par rapport \u00e0 la moyenne nationale.<\/p>\n<p class=\" wall-content\">\n<p class=\" wall-content\"><a href=\"https:\/\/www.keraunos.org\/\" target=\"_blank\" rel=\"noopener\">Cet \u00ab\u2009observatoire fran\u00e7ais des tornades et orages violents\u2009\u00bb<\/a> d\u00e9crit notamment celle qui avait d\u00e9vast\u00e9 tout un quartier de Martigues le 25\u00a0septembre 1965\u2009: une EF2.<\/p>\n<blockquote class=\"ac-article-quote wall-content\">\n<p>Issue d\u2019une trombe marine [\u2026], le tourbillon, qui touche terre au niveau de la calanque de la Couronne Vieille, remonte jusqu\u2019au port [\u2026] avant de se dissiper au-dessus de l\u2019\u00c9tang de Berre.<\/p>\n<p>    <strong>Keraunos<\/strong>\n            <\/p><\/blockquote>\n<p>Votre r\u00e9gion, votre actu !<\/p>\n<p>Recevez chaque jour les infos qui comptent pour vous.<\/p>\n<p>\t<a href=\"https:\/\/actu.fr\/newsletter\" class=\"ac-btn ac-btn--corner ac-btn--medium ac-btn--blue800\" target=\"_blank\" rel=\"noopener\">S&rsquo;incrire<\/a><\/p>\n<p class=\" wall-content\">Cette tornade n\u2019avait pas fait de victime, mais un article de l\u2019\u00e9poque, publi\u00e9 dans le journal <a href=\"https:\/\/www.lemonde.fr\/archives\/article\/1965\/09\/28\/degats-importants-a-martigues_2199762_1819218.html\" target=\"_blank\" rel=\"noopener\">Le Monde,<\/a> d\u00e9crit les \u00ab\u2009d\u00e9g\u00e2ts importants\u2009\u00bb caus\u00e9s sur son passage\u2009: \u00ab\u2009Sur une largeur de 60\u00a0m\u00e8tres et une longueur d\u2019un kilom\u00e8tre, le souffle a arrach\u00e9 des tuiles, des arbres et m\u00eame des toitures. <strong>Des voitures ont \u00e9t\u00e9 renvers\u00e9es,<\/strong> des vitres et des vitrines bris\u00e9es.\u2009\u00bb<\/p>\n<p>Cinq bless\u00e9s en 2019, cinq morts en 1865<\/p>\n<p class=\" wall-content\">Plus r\u00e9cemment, la derni\u00e8re EF2 dont l\u2019intensit\u00e9 a \u00e9t\u00e9 valid\u00e9e remonte \u00e0 2019 dans le d\u00e9partement. Cette ann\u00e9e-l\u00e0, le 15\u00a0octobre, <strong>l\u2019est d\u2019Arles est balay\u00e9.<\/strong> Dans le secteur de Pont de Crau, de lourds d\u00e9g\u00e2ts (183 maisons touch\u00e9es, dont une trentaine d\u00e9vast\u00e9e, selon la municipalit\u00e9) et cinq bless\u00e9s sont recens\u00e9s. \u00ab\u2009Le bilan humain aurait pu <strong>s\u2019av\u00e9rer bien pire<\/strong> si la tornade avait travers\u00e9 le c\u0153ur de la ville\u2009\u00bb, rel\u00e8ve encore Keraunos.<\/p>\n<p class=\" wall-content\">Selon l\u2019observatoire, la derni\u00e8re fois que l\u2019un de ces ph\u00e9nom\u00e8nes a tu\u00e9 dans les Bouches-du-Rh\u00f4ne, c\u2019\u00e9tait le 9\u00a0octobre 1865. \u00c0 Port-de-Bouc, une autre trombe marine qui s\u2019\u00e9tait transform\u00e9e en EF1 avait fait couler une tartane et <strong>emport\u00e9 la vie de ses cinq marins.<\/strong><\/p>\n<p>14 cas depuis le d\u00e9but des ann\u00e9es 2000<\/p>\n<p class=\" wall-content\">Depuis le d\u00e9but des ann\u00e9es 2000, Keraunos r\u00e9pertorie 11 cas de tornades \u00ab\u2009valid\u00e9s et certains\u2009\u00bb et trois autres \u00ab\u2009quasi-certains\u2009\u00bb dans le d\u00e9partement, o\u00f9 elles interviennent \u00ab\u2009<strong>uniquement en flux de Sud \u00e0 Sud-Ouest<\/strong> et surtout en automne\u2009\u00bb, selon Paul Marquis.<\/p>\n<p>    <img   decoding=\"async\" loading=\"lazy\" src=\"https:\/\/www.europesays.com\/fr\/wp-content\/uploads\/2025\/10\/design-sans-titre-29-960x640.png\" alt=\"Une \" width=\"960\" height=\"640\"\/><br \/>\n    Une \u00ab\u2009tornade d\u2019une intensit\u00e9 exceptionnelle\u2009\u00bb a touch\u00e9 la ville de Miramas (Bouches-du-Rh\u00f4ne) dans la nuit du dimanche\u00a020 au lundi 21\u00a0juillet 2025. (\u00a9Ville de Miramas)<\/p>\n<p class=\" wall-content\">M\u00eame si elles peuvent survenir en toute saison. Cette ann\u00e9e, dans la nuit du 20 au 21\u00a0juillet, alors que les Bouches-du-Rh\u00f4ne avaient \u00e9t\u00e9 plac\u00e9es en vigilance orange \u00ab\u2009pluie-inondation\u2009\u00bb et \u00ab\u2009orages\u2009\u00bb, <a href=\"https:\/\/actu.fr\/provence-alpes-cote-d-azur\/marseille_13055\/tornade-pluies-diluviennes-un-violent-orage-s-abat-sur-marseille-et-les-bouches-du-rhone_62935324.html\" target=\"_blank\" rel=\"noopener\">une \u00ab\u2009tornade d\u2019une intensit\u00e9 exceptionnelle\u2009\u00bb,<\/a> selon la mairie de Miramas, avait balay\u00e9 la ville. Des arbres avaient notamment \u00e9t\u00e9 arrach\u00e9s.<\/p>\n<p class=\" wall-content\">Personnalisez votre actualit\u00e9 en ajoutant vos villes et m\u00e9dias en favori avec <a href=\"https:\/\/moncompte.actu.fr\" title=\"D\u00e9couvez Mon Actu\" rel=\"nofollow noopener\" data-trk=\"{&quot;cta&quot;:{&quot;action&quot;:&quot;https:\\\/\\\/moncompte.actu.fr&quot;,&quot;category&quot;:&quot;mon compte&quot;,&quot;from&quot;:&quot;article footer&quot;,&quot;name&quot;:&quot;Mon actu&quot;,&quot;type&quot;:&quot;cta&quot;}}\" target=\"_blank\">Mon Actu<\/a>.<\/p>\n","protected":false},"excerpt":{"rendered":"Par Fabien Binacchi Publi\u00e9 le 21 oct. 2025 \u00e0 17h25 Les images des grues broy\u00e9es et des immeubles&hellip;\n","protected":false},"author":2,"featured_media":477776,"comment_status":"","ping_status":"","sticky":false,"template":"","format":"standard","meta":{"footnotes":""},"categories":[2814],"tags":[1111,11,1777,674,1011,27,884,2487,2357,12,882,25],"class_list":{"0":"post-479795","1":"post","2":"type-post","3":"status-publish","4":"format-standard","5":"has-post-thumbnail","7":"category-marseille","8":"tag-actu","9":"tag-actualites","10":"tag-eu","11":"tag-europe","12":"tag-fr","13":"tag-france","14":"tag-marseille","15":"tag-meteo","16":"tag-meteo-france","17":"tag-news","18":"tag-provence-alpes-cote-dazur","19":"tag-republique-francaise"},"share_on_mastodon":{"url":"https:\/\/pubeurope.com\/@fr\/115412907766039550","error":""},"_links":{"self":[{"href":"https:\/\/www.europesays.com\/fr\/wp-json\/wp\/v2\/posts\/479795","targetHints":{"allow":["GET"]}}],"collection":[{"href":"https:\/\/www.europesays.com\/fr\/wp-json\/wp\/v2\/posts"}],"about":[{"href":"https:\/\/www.europesays.com\/fr\/wp-json\/wp\/v2\/types\/post"}],"author":[{"embeddable":true,"href":"https:\/\/www.europesays.com\/fr\/wp-json\/wp\/v2\/users\/2"}],"replies":[{"embeddable":true,"href":"https:\/\/www.europesays.com\/fr\/wp-json\/wp\/v2\/comments?post=479795"}],"version-history":[{"count":0,"href":"https:\/\/www.europesays.com\/fr\/wp-json\/wp\/v2\/posts\/479795\/revisions"}],"wp:featuredmedia":[{"embeddable":true,"href":"https:\/\/www.europesays.com\/fr\/wp-json\/wp\/v2\/media\/477776"}],"wp:attachment":[{"href":"https:\/\/www.europesays.com\/fr\/wp-json\/wp\/v2\/media?parent=479795"}],"wp:term":[{"taxonomy":"category","embeddable":true,"href":"https:\/\/www.europesays.com\/fr\/wp-json\/wp\/v2\/categories?post=479795"},{"taxonomy":"post_tag","embeddable":true,"href":"https:\/\/www.europesays.com\/fr\/wp-json\/wp\/v2\/tags?post=479795"}],"curies":[{"name":"wp","href":"https:\/\/api.w.org\/{rel}","templated":true}]}}